{"id":7427,"date":"2025-09-13T10:40:13","date_gmt":"2025-09-13T08:40:13","guid":{"rendered":"https:\/\/claudinemarichal.be\/?p=7427"},"modified":"2025-11-23T11:23:34","modified_gmt":"2025-11-23T10:23:34","slug":"pas-japonais-2","status":"publish","type":"post","link":"https:\/\/claudinemarichal.be\/?p=7427","title":{"rendered":"Pas japonais"},"content":{"rendered":"<p>Une all\u00e9e de pas japonais est constitu\u00e9e de dalles de pierre, de b\u00e9ton ou de bois traversant une pelouse, un parterre de plantes ou un plan d\u2019eau. Emprunt\u00e9s aux ma\u00eetres japonais de l\u2019art des jardins, ils participent \u00e0 la composition d\u2019un jardin en attirant le regard et en cr\u00e9ant un environnement apaisant.<\/p>\n<p>\u00c0 gauche de notre bassin d\u2019eau, un \u00e9troit passage de pelouse s\u00e9pare le bassin d\u2019un parterre de fleurs et d\u2019arbustes. Ce passage, trop exigu pour la tondeuse \u00e0 gazon, pose probl\u00e8me avec mon d\u00e9broussailleur, qui projette de l\u2019herbe dans le bassin. Pour y rem\u00e9dier, j\u2019ai d\u00e9cid\u00e9 d\u2019installer des pas japonais, espac\u00e9s \u00e0 intervalles r\u00e9guliers, chaque dalle \u00e9tant plac\u00e9e \u00e0 la distance d\u2019un pas d\u2019homme.<\/p>\n<p><a href=\"https:\/\/claudinemarichal.be\/wp-content\/uploads\/2019\/10\/Pas-jap-01.jpg\"><img loading=\"lazy\" decoding=\"async\" class=\"alignnone wp-image-7410 size-medium\" src=\"https:\/\/claudinemarichal.be\/wp-content\/uploads\/2019\/10\/Pas-jap-01-300x169.jpg\" alt=\"\" width=\"300\" height=\"169\" srcset=\"https:\/\/claudinemarichal.be\/wp-content\/uploads\/2019\/10\/Pas-jap-01-300x169.jpg 300w, https:\/\/claudinemarichal.be\/wp-content\/uploads\/2019\/10\/Pas-jap-01-768x432.jpg 768w, https:\/\/claudinemarichal.be\/wp-content\/uploads\/2019\/10\/Pas-jap-01.jpg 1000w\" sizes=\"auto, (max-width: 300px) 100vw, 300px\" \/><\/a><br \/>\n<br style=\"clear: both;\">Mes pas japonais sont r\u00e9alis\u00e9s en ciment gris (Portland) rehauss\u00e9 de galets. J\u2019ajoute du Super Sikalite qui permet, entre autres, d\u2019am\u00e9liorer la r\u00e9sistance au gel et l\u2019adh\u00e9rence des galets (ceci selon Grok, l\u2019IA de X).<\/p>\n<p><a href=\"https:\/\/claudinemarichal.be\/wp-content\/uploads\/2019\/10\/Sika.jpg\"><img loading=\"lazy\" decoding=\"async\" class=\"alignnone wp-image-7425 size-thumbnail\" src=\"https:\/\/claudinemarichal.be\/wp-content\/uploads\/2019\/10\/Sika-150x150.jpg\" alt=\"\" width=\"150\" height=\"150\" srcset=\"https:\/\/claudinemarichal.be\/wp-content\/uploads\/2019\/10\/Sika-150x150.jpg 150w, https:\/\/claudinemarichal.be\/wp-content\/uploads\/2019\/10\/Sika-300x300.jpg 300w, https:\/\/claudinemarichal.be\/wp-content\/uploads\/2019\/10\/Sika-75x75.jpg 75w\" sizes=\"auto, (max-width: 150px) 100vw, 150px\" \/><\/a><br \/>\n<br style=\"clear: both;\">J\u2019adore ramasser des galets sur les plages pendant les vacances. J\u2019en ai maintenant une belle collection de toutes les couleurs.<\/p>\n<p><a href=\"https:\/\/claudinemarichal.be\/wp-content\/uploads\/2019\/10\/Pas-jap-02.jpg\"><img loading=\"lazy\" decoding=\"async\" class=\"alignnone wp-image-7411 size-medium\" src=\"https:\/\/claudinemarichal.be\/wp-content\/uploads\/2019\/10\/Pas-jap-02-300x106.jpg\" alt=\"\" width=\"300\" height=\"106\" srcset=\"https:\/\/claudinemarichal.be\/wp-content\/uploads\/2019\/10\/Pas-jap-02-300x106.jpg 300w, https:\/\/claudinemarichal.be\/wp-content\/uploads\/2019\/10\/Pas-jap-02-768x270.jpg 768w, https:\/\/claudinemarichal.be\/wp-content\/uploads\/2019\/10\/Pas-jap-02.jpg 1000w\" sizes=\"auto, (max-width: 300px) 100vw, 300px\" \/><\/a><br \/>\n<br style=\"clear: both;\">J\u2019ai d\u00e9coup\u00e9 dans une bordure de pelouse en silicone une bande de 1 m avec laquelle j\u2019ai form\u00e9 un cercle de 30 cm de diam\u00e8tre.<br \/>\nJe dispose des galets dans un cercle de 30 cm de diam\u00e8tre dessin\u00e9 sur le sol. Bien choisir les pierres pour r\u00e9aliser un&nbsp;d\u00e9grad\u00e9 de couleurs prend du temps ; il vaut mieux le faire avant de pr\u00e9parer le ciment !<\/p>\n<p><a href=\"https:\/\/claudinemarichal.be\/wp-content\/uploads\/2019\/10\/Pas-jap-03.jpg\"><img loading=\"lazy\" decoding=\"async\" class=\"alignnone wp-image-7412 size-medium\" src=\"https:\/\/claudinemarichal.be\/wp-content\/uploads\/2019\/10\/Pas-jap-03-300x169.jpg\" alt=\"\" width=\"300\" height=\"169\" srcset=\"https:\/\/claudinemarichal.be\/wp-content\/uploads\/2019\/10\/Pas-jap-03-300x169.jpg 300w, https:\/\/claudinemarichal.be\/wp-content\/uploads\/2019\/10\/Pas-jap-03-768x432.jpg 768w, https:\/\/claudinemarichal.be\/wp-content\/uploads\/2019\/10\/Pas-jap-03.jpg 1000w\" sizes=\"auto, (max-width: 300px) 100vw, 300px\" \/><\/a><br \/>\n<br style=\"clear: both;\">Je pr\u00e9pare un premier ciment assez ferme, avec un peu de sable et sans adjuvant, pour le fond. J\u2019utilise \u00b1 6 kg de ciment par dalle (\u00b1 400 g de ciment par truelle = 15 truelles) pour cette couche de fond. Pour renforcer la dalle, j\u2019ai d\u00e9coup\u00e9 un morceau de treillis en fer que je pousse dans le ciment.<\/p>\n<p><a href=\"https:\/\/claudinemarichal.be\/wp-content\/uploads\/2019\/10\/Pas-jap-04.jpg\"><img loading=\"lazy\" decoding=\"async\" class=\"alignnone wp-image-7413 size-medium\" src=\"https:\/\/claudinemarichal.be\/wp-content\/uploads\/2019\/10\/Pas-jap-04-300x169.jpg\" alt=\"\" width=\"300\" height=\"169\" srcset=\"https:\/\/claudinemarichal.be\/wp-content\/uploads\/2019\/10\/Pas-jap-04-300x169.jpg 300w, https:\/\/claudinemarichal.be\/wp-content\/uploads\/2019\/10\/Pas-jap-04-768x432.jpg 768w, https:\/\/claudinemarichal.be\/wp-content\/uploads\/2019\/10\/Pas-jap-04.jpg 1000w\" sizes=\"auto, (max-width: 300px) 100vw, 300px\" \/><\/a><br \/>\n<br style=\"clear: both;\">Je pr\u00e9pare ensuite un ciment un peu plus souple (5 truelles) auquel j\u2019ajoute le Super Sikalite (20 g par truelle de \u00b1 400 g). La dalle fait \u00b1 7 cm d\u2019\u00e9paisseur au final. Dans le ciment frais, je d\u00e9pose les galets d\u00e9licatement et les enfonce un peu.<\/p>\n<p><a href=\"https:\/\/claudinemarichal.be\/wp-content\/uploads\/2019\/10\/Pas-jap-05.jpg\"><img loading=\"lazy\" decoding=\"async\" class=\"alignnone wp-image-7414 size-medium\" src=\"https:\/\/claudinemarichal.be\/wp-content\/uploads\/2019\/10\/Pas-jap-05-300x169.jpg\" alt=\"\" width=\"300\" height=\"169\" srcset=\"https:\/\/claudinemarichal.be\/wp-content\/uploads\/2019\/10\/Pas-jap-05-300x169.jpg 300w, https:\/\/claudinemarichal.be\/wp-content\/uploads\/2019\/10\/Pas-jap-05-768x432.jpg 768w, https:\/\/claudinemarichal.be\/wp-content\/uploads\/2019\/10\/Pas-jap-05.jpg 1000w\" sizes=\"auto, (max-width: 300px) 100vw, 300px\" \/><\/a><br \/>\n<br style=\"clear: both;\">Apr\u00e8s 24h, je d\u00e9moule la dalle pour que le s\u00e9chage se fasse plus vite et j\u2019en fabrique une autre. Il m\u2019en faut 5 en tout, une par jour.<\/p>\n<p><a href=\"https:\/\/claudinemarichal.be\/wp-content\/uploads\/2019\/10\/Pas-jap-06.jpg\"><img loading=\"lazy\" decoding=\"async\" class=\"alignnone wp-image-7415 size-medium\" src=\"https:\/\/claudinemarichal.be\/wp-content\/uploads\/2019\/10\/Pas-jap-06-300x169.jpg\" alt=\"\" width=\"300\" height=\"169\" srcset=\"https:\/\/claudinemarichal.be\/wp-content\/uploads\/2019\/10\/Pas-jap-06-300x169.jpg 300w, https:\/\/claudinemarichal.be\/wp-content\/uploads\/2019\/10\/Pas-jap-06-768x432.jpg 768w, https:\/\/claudinemarichal.be\/wp-content\/uploads\/2019\/10\/Pas-jap-06.jpg 1000w\" sizes=\"auto, (max-width: 300px) 100vw, 300px\" \/><\/a><br \/>\n<br style=\"clear: both;\">J\u2019enduis les dalles d\u2019un produit hydrofuge. Le dessus est d\u00e9j\u00e0 prot\u00e9g\u00e9 gr\u00e2ce au Sikalite mais pas le pourtour ni le dessous.<\/p>\n<p><a href=\"https:\/\/claudinemarichal.be\/wp-content\/uploads\/2019\/10\/Hydrofuge.jpg\"><img loading=\"lazy\" decoding=\"async\" class=\"alignnone wp-image-7424 size-thumbnail\" src=\"https:\/\/claudinemarichal.be\/wp-content\/uploads\/2019\/10\/Hydrofuge-150x150.jpg\" alt=\"\" width=\"150\" height=\"150\" srcset=\"https:\/\/claudinemarichal.be\/wp-content\/uploads\/2019\/10\/Hydrofuge-150x150.jpg 150w, https:\/\/claudinemarichal.be\/wp-content\/uploads\/2019\/10\/Hydrofuge-300x300.jpg 300w, https:\/\/claudinemarichal.be\/wp-content\/uploads\/2019\/10\/Hydrofuge-75x75.jpg 75w, https:\/\/claudinemarichal.be\/wp-content\/uploads\/2019\/10\/Hydrofuge.jpg 500w\" sizes=\"auto, (max-width: 150px) 100vw, 150px\" \/><\/a><br \/>\n<br style=\"clear: both;\">Les dalles sont pr\u00eates. Je m\u2019attelle maintenant au creusement des trous dans le passage. J\u2019ai d\u00e9cid\u00e9 de conserver l\u2019herbe autour. Je la couperai aux ciseaux.<\/p>\n<p><a href=\"https:\/\/claudinemarichal.be\/wp-content\/uploads\/2019\/10\/Pas-jap-07-1.jpg\"><img loading=\"lazy\" decoding=\"async\" class=\"alignnone wp-image-7417 size-medium\" src=\"https:\/\/claudinemarichal.be\/wp-content\/uploads\/2019\/10\/Pas-jap-07-1-169x300.jpg\" alt=\"\" width=\"169\" height=\"300\" srcset=\"https:\/\/claudinemarichal.be\/wp-content\/uploads\/2019\/10\/Pas-jap-07-1-169x300.jpg 169w, https:\/\/claudinemarichal.be\/wp-content\/uploads\/2019\/10\/Pas-jap-07-1.jpg 562w\" sizes=\"auto, (max-width: 169px) 100vw, 169px\" \/><\/a><br \/>\n<br style=\"clear: both;\">Les trous sont l\u00e9g\u00e8rement plus grands que les dalles. J\u2019utilise une sangle pour les ins\u00e9rer dans leur trou afin de pouvoir les en extraire facilement s\u2019il faut retirer de la terre ou ajouter du sable pour les mettre \u00e0 niveau et les stabiliser.<\/p>\n<p><a href=\"https:\/\/claudinemarichal.be\/wp-content\/uploads\/2019\/10\/Pas-jap-08.jpg\"><img loading=\"lazy\" decoding=\"async\" class=\"alignnone wp-image-7418 size-medium\" src=\"https:\/\/claudinemarichal.be\/wp-content\/uploads\/2019\/10\/Pas-jap-08-300x169.jpg\" alt=\"\" width=\"300\" height=\"169\" srcset=\"https:\/\/claudinemarichal.be\/wp-content\/uploads\/2019\/10\/Pas-jap-08-300x169.jpg 300w, https:\/\/claudinemarichal.be\/wp-content\/uploads\/2019\/10\/Pas-jap-08-768x432.jpg 768w, https:\/\/claudinemarichal.be\/wp-content\/uploads\/2019\/10\/Pas-jap-08.jpg 1000w\" sizes=\"auto, (max-width: 300px) 100vw, 300px\" \/><\/a><br \/>\n<br style=\"clear: both;\">Et voil\u00e0 le r\u00e9sultat ! J\u2019ai combl\u00e9 l\u2019espace autour des dalles avec du sable.<\/p>\n<p><a href=\"https:\/\/claudinemarichal.be\/wp-content\/uploads\/2019\/10\/Pas-jap-09.jpg\"><img loading=\"lazy\" decoding=\"async\" class=\"alignnone wp-image-7419 size-medium\" src=\"https:\/\/claudinemarichal.be\/wp-content\/uploads\/2019\/10\/Pas-jap-09-169x300.jpg\" alt=\"\" width=\"169\" height=\"300\" srcset=\"https:\/\/claudinemarichal.be\/wp-content\/uploads\/2019\/10\/Pas-jap-09-169x300.jpg 169w, https:\/\/claudinemarichal.be\/wp-content\/uploads\/2019\/10\/Pas-jap-09.jpg 562w\" sizes=\"auto, (max-width: 169px) 100vw, 169px\" \/><\/a><br \/>\n<br style=\"clear: both;\"><a href=\"https:\/\/claudinemarichal.be\/wp-content\/uploads\/2019\/10\/Pas-jap-10.jpg\"><img loading=\"lazy\" decoding=\"async\" class=\"alignnone wp-image-7420 size-medium\" src=\"https:\/\/claudinemarichal.be\/wp-content\/uploads\/2019\/10\/Pas-jap-10-169x300.jpg\" alt=\"\" width=\"169\" height=\"300\" srcset=\"https:\/\/claudinemarichal.be\/wp-content\/uploads\/2019\/10\/Pas-jap-10-169x300.jpg 169w, https:\/\/claudinemarichal.be\/wp-content\/uploads\/2019\/10\/Pas-jap-10.jpg 562w\" sizes=\"auto, (max-width: 169px) 100vw, 169px\" \/><\/a><br \/>\n<br style=\"clear: both;\"><br style=\"clear: both;\">***<br \/>\nJ\u2019ai r\u00e9alis\u00e9 mes premiers pas japonais en 2017. Le jardin a bien \u00e9volu\u00e9 depuis !<\/p>\n<p><a href=\"https:\/\/claudinemarichal.be\/wp-content\/uploads\/2025\/09\/11.jpg\"><img loading=\"lazy\" decoding=\"async\" class=\"alignnone wp-image-7428 size-medium\" src=\"https:\/\/claudinemarichal.be\/wp-content\/uploads\/2025\/09\/11-200x300.jpg\" alt=\"\" width=\"200\" height=\"300\" srcset=\"https:\/\/claudinemarichal.be\/wp-content\/uploads\/2025\/09\/11-200x300.jpg 200w, https:\/\/claudinemarichal.be\/wp-content\/uploads\/2025\/09\/11.jpg 665w\" sizes=\"auto, (max-width: 200px) 100vw, 200px\" \/><\/a><br \/>\n<br style=\"clear: both;\">En 2025 :<br \/>\nJ\u2019ai ajout\u00e9 deux dalles \u00e0 l\u2019avant. Les couvre-sols n\u2019ont pas surv\u00e9cu car les arbustes c\u00f4t\u00e9 soleil ont bien pouss\u00e9 et fait de l\u2019ombre au petit chemin. Autour des dalles j\u2019ai recouvert le sol de broyat de branches.<\/p>\n<p><a href=\"https:\/\/claudinemarichal.be\/wp-content\/uploads\/2019\/10\/10.jpg\"><img loading=\"lazy\" decoding=\"async\" class=\"alignnone wp-image-7423 size-medium\" src=\"https:\/\/claudinemarichal.be\/wp-content\/uploads\/2019\/10\/10-169x300.jpg\" alt=\"\" width=\"169\" height=\"300\" srcset=\"https:\/\/claudinemarichal.be\/wp-content\/uploads\/2019\/10\/10-169x300.jpg 169w, https:\/\/claudinemarichal.be\/wp-content\/uploads\/2019\/10\/10.jpg 562w\" sizes=\"auto, (max-width: 169px) 100vw, 169px\" \/><\/a><\/p>\n","protected":false},"excerpt":{"rendered":"<p>Voici un diy (do it yourself) de pas japonais en ciment rehauss\u00e9 de galets.<\/p>\n","protected":false},"author":1,"featured_media":7436,"comment_status":"open","ping_status":"open","sticky":false,"template":"","format":"standard","meta":{"ngg_post_thumbnail":0,"footnotes":""},"categories":[11],"tags":[20,208,222,31,61,221,42,58,45,46,223,34],"class_list":["post-7427","post","type-post","status-publish","format-standard","has-post-thumbnail","hentry","category-realisations-beton","tag-beton","tag-cement","tag-chemin","tag-ciment","tag-comment-fabriquer","tag-dalle","tag-decoration","tag-diy","tag-jardin","tag-pas-japonais","tag-passage","tag-shabby"],"acf":[],"_links":{"self":[{"href":"https:\/\/claudinemarichal.be\/index.php?rest_route=\/wp\/v2\/posts\/7427","targetHints":{"allow":["GET"]}}],"collection":[{"href":"https:\/\/claudinemarichal.be\/index.php?rest_route=\/wp\/v2\/posts"}],"about":[{"href":"https:\/\/claudinemarichal.be\/index.php?rest_route=\/wp\/v2\/types\/post"}],"author":[{"embeddable":true,"href":"https:\/\/claudinemarichal.be\/index.php?rest_route=\/wp\/v2\/users\/1"}],"replies":[{"embeddable":true,"href":"https:\/\/claudinemarichal.be\/index.php?rest_route=%2Fwp%2Fv2%2Fcomments&post=7427"}],"version-history":[{"count":9,"href":"https:\/\/claudinemarichal.be\/index.php?rest_route=\/wp\/v2\/posts\/7427\/revisions"}],"predecessor-version":[{"id":7441,"href":"https:\/\/claudinemarichal.be\/index.php?rest_route=\/wp\/v2\/posts\/7427\/revisions\/7441"}],"wp:featuredmedia":[{"embeddable":true,"href":"https:\/\/claudinemarichal.be\/index.php?rest_route=\/wp\/v2\/media\/7436"}],"wp:attachment":[{"href":"https:\/\/claudinemarichal.be\/index.php?rest_route=%2Fwp%2Fv2%2Fmedia&parent=7427"}],"wp:term":[{"taxonomy":"category","embeddable":true,"href":"https:\/\/claudinemarichal.be\/index.php?rest_route=%2Fwp%2Fv2%2Fcategories&post=7427"},{"taxonomy":"post_tag","embeddable":true,"href":"https:\/\/claudinemarichal.be\/index.php?rest_route=%2Fwp%2Fv2%2Ftags&post=7427"}],"curies":[{"name":"wp","href":"https:\/\/api.w.org\/{rel}","templated":true}]}}