{"id":5847,"date":"2019-09-09T13:06:42","date_gmt":"2019-09-09T11:06:42","guid":{"rendered":"https:\/\/claudinemarichal.be\/?p=5847"},"modified":"2026-04-23T23:59:11","modified_gmt":"2026-04-23T21:59:11","slug":"lhomme-na-jamais-marche-sur-la-lune","status":"publish","type":"post","link":"https:\/\/claudinemarichal.be\/?p=5847","title":{"rendered":"L&rsquo;Homme n&rsquo;est jamais all\u00e9 sur la lune"},"content":{"rendered":"<p>En 1969 l\u2019Homme serait all\u00e9 sur la lune pour la premi\u00e8re fois. Il y serait m\u00eame retourn\u00e9 plusieurs fois ! La mission Artemis II (2026) \u00e9tait \u00e9galement un canular !<\/p>\n<p>Ci-apr\u00e8s vous trouverez quelques documentaires et articles qui r\u00e9futent tr\u00e8s s\u00e9rieusement et tr\u00e8s clairement ces all\u00e9gations. Il y a trop d\u2019incoh\u00e9rences et d\u2019impossibilit\u00e9s pour croire que des \u00eatres humains aient r\u00e9ussi \u00e0 d\u00e9passer les ceintures radioactives de Van Allen sans encombre, qu&rsquo;ils aient pu supporter et survivre aux rayons cosmiques et que le mat\u00e9riel ait pu r\u00e9sister non seulement aux radiations mais aussi \u00e0 des temp\u00e9ratures allant de -150\u00b0C (\u00e0 l&rsquo;ombre) \u00e0 + 150\u00b0C (au soleil), entre autres obstacles.<\/p>\n<p>Lors de la \u00ab\u00a0Conf\u00e9rence sur l&rsquo;Intelligence Artificielle 2023\u00a0\u00bb qui s&rsquo;est tenue \u00e0 Moscou en novembre 2023, le pr\u00e9sident russe V. Poutine a \u00e9t\u00e9 invit\u00e9 \u00e0 poser une question \u00e0 l&rsquo;intelligence artificielle de Google. Il lui a demand\u00e9 d&rsquo;analyser les images des premiers pas de l&rsquo;homme sur la lune. L&rsquo;IA a r\u00e9pondu que les images \u00e9taient fausses. \u00ab\u00a0Tr\u00e8s int\u00e9ressant !\u00a0\u00bb a-t-il r\u00e9pondu. (<a href=\"https:\/\/www.tiktok.com\/@letribunaldunet\/video\/7312028974643727649\" target=\"_blank\" rel=\"noopener\">https:\/\/www.tiktok.com\/@letribunaldunet\/video\/7312028974643727649<\/a>)<\/p>\n<p>Suite \u00e0 cette affirmation de l&rsquo;IA, qui a \u00e9branl\u00e9 le narratif bien ancr\u00e9 dans les consciences, La NASA a pr\u00e9tendu qu&rsquo;elle avait perdu toutes les photos et toutes les vid\u00e9os&nbsp; (comme par hasard !) et qu&rsquo;elle avait d\u00fb simuler toutes les missions Apollo en studio pour reproduire photos et vid\u00e9os !<\/p>\n<p>Elon Musk, le PDG de SpaceX, a d\u00e9j\u00e0 \u00e9mis des doutes similaires, sugg\u00e9rant que l&rsquo;alunissage pourrait avoir \u00e9t\u00e9 simul\u00e9 \u00e0 l&rsquo;aide de technologies informatiques. (<a href=\"https:\/\/www.soulask.com\/elon-musk-said-the-americans-did-not-fly-to-the-moon-in-1969\/\" target=\"_blank\" rel=\"noopener\">https:\/\/www.soulask.com\/elon-musk-said-the-americans-did-not-fly-to-the-moon-in-1969\/<\/a>)<br style=\"clear: both;\"><br style=\"clear: both;\"><br style=\"clear: both;\"><\/p>\n<p><strong>M\u00eame en 2026 on n&rsquo;y a pas mis les pieds !<\/strong><\/p>\n<p>\u00ab NASA h\u00e9 l\u2019ami, tu sais, ils ont film\u00e9 tout \u00e7a dans un studio d\u2019Hollywood, on n\u2019est vraiment jamais all\u00e9s sur la Lune ! \u00bb<br \/>\nLe r\u00e9publicain Tim Burchett vient juste de l\u00e2cher nonchalamment une des plus grosses bombes de v\u00e9rit\u00e9 de tous les temps !<br \/>\n2026 pourrait-il \u00eatre l\u2019ann\u00e9e o\u00f9 on r\u00e9alise vraiment que les alunissages \u00e9taient un canular complet ?<\/p>\n<p><a href=\"https:\/\/www.facebook.com\/share\/r\/1D3f95Uk4X\/\" target=\"_blank\" rel=\"noopener\">https:\/\/www.facebook.com\/share\/r\/1D3f95Uk4X\/<br \/>\n<\/a><a href=\"https:\/\/www.facebook.com\/share\/r\/1D3f95Uk4X\/\" target=\"_blank\" rel=\"noopener\"><img loading=\"lazy\" decoding=\"async\" class=\"alignnone wp-image-8255 size-full\" src=\"https:\/\/claudinemarichal.be\/wp-content\/uploads\/2019\/09\/Tim-Burchett-2026.jpg\" alt=\"\" width=\"500\" height=\"344\" srcset=\"https:\/\/claudinemarichal.be\/wp-content\/uploads\/2019\/09\/Tim-Burchett-2026.jpg 500w, https:\/\/claudinemarichal.be\/wp-content\/uploads\/2019\/09\/Tim-Burchett-2026-300x206.jpg 300w\" sizes=\"auto, (max-width: 500px) 100vw, 500px\" \/><\/a><\/p>\n<p><br style=\"clear: both;\"><br style=\"clear: both;\"><br style=\"clear: both;\"><strong>L&rsquo;homme n&rsquo;a jamais march\u00e9 sur la lune <\/strong>(septembre 2020)<\/p>\n<p>Analyse de la mission Apollo 11 par Massimo Mazzucco, photographe et r\u00e9alisateur de cin\u00e9ma italien.<\/p>\n<p>C\u2019est le meilleur documentaire qui existe sur les preuves qui d\u00e9montrent que l&rsquo;alunissage \u00e9tait faux. Apr\u00e8s avoir vu ce film, plus aucun doute ne peut subsister sur cette arnaque.<\/p>\n<p>Il s&rsquo;agit d&rsquo;une analyse dans les moindres d\u00e9tails de toutes les anormalit\u00e9s qu\u2019on peut trouver autour de ce soi-disant alunissage et sur les r\u00e9actions des astronautes apr\u00e8s leur retour. L\u2019auteur du documentaire r\u00e9fute \u00e9galement tous les arguments des debunkers et pose 38 questions tr\u00e8s pertinentes \u00e0 l\u2019adresse des gens cr\u00e9dules.<\/p>\n<p><a href=\"https:\/\/odysee.com\/@SadbutTrue:8\/AMERICANmoon:b\" target=\"_blank\" rel=\"noopener\">https:\/\/odysee.com\/@SadbutTrue:8\/AMERICANmoon:b<br \/>\n<\/a><a href=\"https:\/\/odysee.com\/@SadbutTrue:8\/AMERICANmoon:b\" target=\"_blank\" rel=\"noopener\"><img loading=\"lazy\" decoding=\"async\" class=\"alignnone wp-image-5851 size-full\" src=\"https:\/\/claudinemarichal.be\/wp-content\/uploads\/2024\/01\/massimo-mazzucco.jpg\" alt=\"\" width=\"500\" height=\"281\" srcset=\"https:\/\/claudinemarichal.be\/wp-content\/uploads\/2024\/01\/massimo-mazzucco.jpg 500w, https:\/\/claudinemarichal.be\/wp-content\/uploads\/2024\/01\/massimo-mazzucco-300x169.jpg 300w\" sizes=\"auto, (max-width: 500px) 100vw, 500px\" \/><\/a><br \/>\n<br style=\"clear: both;\"><br style=\"clear: both;\"><br style=\"clear: both;\"><\/p>\n<p><strong>Est-on vraiment all\u00e9 sur la lune ? L\u2019analyse d\u2019un photographe <\/strong>(janvier 2023)<\/p>\n<p>Analyse d\u2019un photographe sur les photos et la vid\u00e9o de la mission Apollo 11. (Une analyse plus compl\u00e8te se trouve dans le film de Massimo Mazzucco (ci-avant), qui interroge 4 photographes de renom.)<\/p>\n<p>\u00ab&nbsp;Est-on vraiment all\u00e9 sur la lune en 1969, lors de la mission Apollo 11 ? J\u2019ignore si Neil Armstrong ou Buzz Aldrin sont des acteurs, je n\u2019ai pas les comp\u00e9tences en physique n\u00e9cessaire, mais par contre, analyser les photographies de \u201cl\u2019alunissage\u201d, en tant que photographe, \u00e7a je peux !&nbsp;\u00bb<\/p>\n<p><a href=\"https:\/\/www.youtube.com\/watch?v=D-5H_9sATa8\" target=\"_blank\" rel=\"noopener\">https:\/\/www.youtube.com\/watch?v=D-5H_9sATa8<br \/>\n<\/a><a href=\"https:\/\/www.youtube.com\/watch?v=D-5H_9sATa8\" target=\"_blank\" rel=\"noopener\"><img loading=\"lazy\" decoding=\"async\" class=\"alignnone wp-image-5852 size-full\" src=\"https:\/\/claudinemarichal.be\/wp-content\/uploads\/2024\/01\/photographe.jpg\" alt=\"\" width=\"500\" height=\"251\" srcset=\"https:\/\/claudinemarichal.be\/wp-content\/uploads\/2024\/01\/photographe.jpg 500w, https:\/\/claudinemarichal.be\/wp-content\/uploads\/2024\/01\/photographe-300x151.jpg 300w\" sizes=\"auto, (max-width: 500px) 100vw, 500px\" \/><\/a><br \/>\n<br style=\"clear: both;\"><br style=\"clear: both;\"><br style=\"clear: both;\"><\/p>\n<p><strong>Preuves de la falsification du programme Apollo d\u2019exploration spatiale vers la Lune<\/strong> (d\u00e9cembre 2017)<\/p>\n<p>\u00ab&nbsp;Toutes ces pr\u00e9tendues missions vers la Lune ont \u00e9t\u00e9 r\u00e9alis\u00e9es en studio et avec des logiciels de photo et vid\u00e9o montage. Les images ne trompent pas.&nbsp;\u00bb<\/p>\n<p><a href=\"https:\/\/michelduchaine.com\/2017\/12\/10\/le-plus-grand-mensonge-de-lhistoire-modernevoici-des-preuves-de-la-falsification-du-programme-apollo-dexploration-spatiale-vers-la-lune\/\" target=\"_blank\" rel=\"noopener\">https:\/\/michelduchaine.com\/2017\/12\/10\/le-plus-grand-mensonge-de-lhistoire-modernevoici-des-preuves-de-la-falsification-du-programme-apollo-dexploration-spatiale-vers-la-lune\/<br \/>\n<\/a><a href=\"https:\/\/michelduchaine.com\/2017\/12\/10\/le-plus-grand-mensonge-de-lhistoire-modernevoici-des-preuves-de-la-falsification-du-programme-apollo-dexploration-spatiale-vers-la-lune\/\" target=\"_blank\" rel=\"noopener\"><img loading=\"lazy\" decoding=\"async\" class=\"alignnone wp-image-5853 size-full\" src=\"https:\/\/claudinemarichal.be\/wp-content\/uploads\/2024\/01\/michelduchaine.jpg\" alt=\"\" width=\"500\" height=\"229\" srcset=\"https:\/\/claudinemarichal.be\/wp-content\/uploads\/2024\/01\/michelduchaine.jpg 500w, https:\/\/claudinemarichal.be\/wp-content\/uploads\/2024\/01\/michelduchaine-300x137.jpg 300w\" sizes=\"auto, (max-width: 500px) 100vw, 500px\" \/><\/a><br \/>\n<br style=\"clear: both;\"><br style=\"clear: both;\"><br style=\"clear: both;\"><\/p>\n<p><strong>La NASA est la plus grande manipulation de l&rsquo;histoire <\/strong><\/p>\n<p>Une grande partie de l&rsquo;intelligence humaine ne croit pas \u00e0 l&rsquo;authenticit\u00e9 des missions lunaires Apollo. En voici quelques raisons.<br \/>\nLa NASA \u00e9tait dirig\u00e9e par l&rsquo;ancien nazi Werner von Braun, qui \u00e9tait redevable au gouvernement am\u00e9ricain de l&rsquo;avoir secr\u00e8tement import\u00e9 dans le pays via le projet Paperclip, tout comme les dizaines d&rsquo;autres nazis qui l&rsquo;ont rejoint pour travailler comme scientifiques des fus\u00e9es. Des scientifiques qui avaient tous une bonne raison de garder un secret. Et l&rsquo;\u00e9crasante majorit\u00e9 des astronautes \u00e9taient francs-ma\u00e7ons, et les fils de francs-ma\u00e7ons. Les francs-ma\u00e7ons jurent sur leur vie de garder les secrets qui leur sont confi\u00e9s.<br \/>\nPourquoi diable faire confiance \u00e0 la NASA ? Si l&rsquo;alunissage avait \u00e9t\u00e9 r\u00e9el, il aurait \u00e9t\u00e9 un exploit miraculeux, car la NASA \u00e9chouait \u00e0 tous les niveaux de la mission et ne croyait pas pouvoir atteindre son objectif. En 1967, l&rsquo;inspecteur du gouvernement, Thomas Barron, a t\u00e9moign\u00e9 devant les enqu\u00eateurs du Congr\u00e8s que le programme Apollo \u00e9tait en train d&rsquo;\u00e9chouer. Six jours apr\u00e8s son t\u00e9moignage, il a \u00e9t\u00e9 tu\u00e9 avec sa femme et son enfant lorsqu&rsquo;un train a percut\u00e9 sa voiture. L&rsquo;astronaute Gus Grissom a tenu une conf\u00e9rence de presse non autoris\u00e9e au cours de laquelle il a critiqu\u00e9 le programme et d\u00e9clar\u00e9 qu&rsquo;il faudrait encore dix ans pour se rendre sur la lune. Cinq jours plus tard, il est tu\u00e9 dans l&rsquo;exercice de ses fonctions. Les derniers mots de Gus Grissom ont \u00e9t\u00e9 \u00ab\u00a0Comment allons-nous aller sur la lune si nous ne pouvons pas parler entre deux ou trois b\u00e2timents ?\u00a0\u00bb Quelques instants plus tard, le module de commande d&rsquo;Apollo 1 a pris feu, tuant les astronautes, Grissom, White et Chaffee. Plusieurs membres cl\u00e9s de la mission Apollo ont d\u00e9missionn\u00e9 quelques mois avant la mission.<br \/>\nCe que la NASA avait r\u00e9ussi c&rsquo;\u00e9tait une op\u00e9ration de marketing massive qui avait plac\u00e9 les voyages spatiaux dans le zeitgeist de la culture pop am\u00e9ricaine. Elle avait d\u00e9pens\u00e9 des milliards pour cr\u00e9er de multiples sc\u00e8nes sonores avec des mod\u00e8les r\u00e9alistes de la lune pour commencer \u00e0 produire des simulations.<\/p>\n<p><a href=\"https:\/\/x.com\/ZippoJeje\/status\/1741794054508020186?s=20\" target=\"_blank\" rel=\"noopener\">https:\/\/x.com\/ZippoJeje\/status\/1741794054508020186?s=20<br \/>\n<\/a><a href=\"https:\/\/x.com\/ZippoJeje\/status\/1741794054508020186?s=20\" target=\"_blank\" rel=\"noopener\"><img loading=\"lazy\" decoding=\"async\" class=\"alignnone wp-image-5854 size-full\" src=\"https:\/\/claudinemarichal.be\/wp-content\/uploads\/2024\/01\/Zippojeje-Wernher-von-braun.jpg\" alt=\"\" width=\"500\" height=\"281\" srcset=\"https:\/\/claudinemarichal.be\/wp-content\/uploads\/2024\/01\/Zippojeje-Wernher-von-braun.jpg 500w, https:\/\/claudinemarichal.be\/wp-content\/uploads\/2024\/01\/Zippojeje-Wernher-von-braun-300x169.jpg 300w\" sizes=\"auto, (max-width: 500px) 100vw, 500px\" \/><\/a><br \/>\nSuite : <a href=\"https:\/\/x.com\/ZippoJeje\/status\/1741794161903169599?s=20\" target=\"_blank\" rel=\"noopener\">https:\/\/x.com\/ZippoJeje\/status\/1741794161903169599?s=20<\/a><\/p>\n<p><br style=\"clear: both;\"><br style=\"clear: both;\"><br style=\"clear: both;\"><\/p>\n<p><strong>L\u2019homme pourra-t-il un jour franchir la ceinture de Van Allen ? <\/strong>(2015)<\/p>\n<p>\u00ab&nbsp;Sans entrer dans les d\u00e9tails concernant le voyage sur la Lune, l\u2019article qui suit tente de montrer, compte tenu de nos connaissances et de nos moyens technologiques dont nous disposons actuellement, l\u2019impossibilit\u00e9 pour l\u2019homme de franchir la barri\u00e8re que repr\u00e9sentent les ceintures de Van Allen sans y laisser sa vie.<\/p>\n<p>Dans la magn\u00e9tosph\u00e8re, qui est essentiellement compos\u00e9e de gaz d\u2019origine terrestre, le champ magn\u00e9tique de notre plan\u00e8te capture les particules charg\u00e9es tr\u00e8s \u00e9nerg\u00e9tiques \u00e9mises par le Soleil.<\/p>\n<p>Ces particules se retrouvent dans deux r\u00e9gions bien pr\u00e9cises de la magn\u00e9tosph\u00e8re appel\u00e9es ceintures de Van Allen. Elles tirent leur nom du physicien am\u00e9ricain James Alfred Van Allen qui les a d\u00e9couvertes en 1958, gr\u00e2ce au premier satellite am\u00e9ricain Explorer 1.&nbsp;\u00bb<\/p>\n<p>\u00ab&nbsp;La ceinture de Van Allen est un concentr\u00e9 de particules ionisantes, dont il faut se prot\u00e9ger pour la traverser. Or, les astronautes qui l\u2019ont travers\u00e9e n\u2019en \u00e9taient pas prot\u00e9g\u00e9s, et ont donc \u00e9t\u00e9 expos\u00e9s \u00e0 ces radiations. On peut donc \u00eatre surpris qu\u2019aujourd\u2019hui aucun d\u2019eux ne pr\u00e9sentent des probl\u00e8mes de sant\u00e9 en cons\u00e9quence \u2026&nbsp;\u00bb<\/p>\n<p><a href=\"https:\/\/reseauinternational.net\/lhomme-pourra-t-il-un-jour-franchir-la-ceinture-de-van-allen\/\" target=\"_blank\" rel=\"noopener\">https:\/\/reseauinternational.net\/lhomme-pourra-t-il-un-jour-franchir-la-ceinture-de-van-allen\/<br \/>\n<\/a><a href=\"https:\/\/reseauinternational.net\/lhomme-pourra-t-il-un-jour-franchir-la-ceinture-de-van-allen\/\" target=\"_blank\" rel=\"noopener\"><img loading=\"lazy\" decoding=\"async\" class=\"alignnone wp-image-5855 size-full\" src=\"https:\/\/claudinemarichal.be\/wp-content\/uploads\/2024\/01\/ceinture-van-allen.jpg\" alt=\"\" width=\"500\" height=\"291\" srcset=\"https:\/\/claudinemarichal.be\/wp-content\/uploads\/2024\/01\/ceinture-van-allen.jpg 500w, https:\/\/claudinemarichal.be\/wp-content\/uploads\/2024\/01\/ceinture-van-allen-300x175.jpg 300w\" sizes=\"auto, (max-width: 500px) 100vw, 500px\" \/><\/a><br \/>\nCette explication est \u00e9galement bien \u00e9tay\u00e9e dans le documentaire de Massimo Mazzucco (le 1<sup>er<\/sup> sur cette page).<\/p>\n<p><br style=\"clear: both;\"><br style=\"clear: both;\"><br style=\"clear: both;\"><strong>Les rayons cosmiques sont aussi puissants et destructeurs que le rayonnement nucl\u00e9aire<\/strong><\/p>\n<p>Lorsqu&rsquo;on quitte la protection du champ magn\u00e9tique terrestre, les astronautes sont soumis \u00e0 ce qu&rsquo;on appelle les rayons cosmiques et les rayons cosmiques sont des rayonnements \u00e9lectromagn\u00e9tiques qui sont aussi puissants et aussi destructeurs que le rayonnement nucl\u00e9aire, ce qui fait que si vraiment ils avaient d\u00fb aller sur la lune en toute s\u00e9curit\u00e9, on aurait d\u00fb les prot\u00e9ger par un mur de plomb de 3 m\u00e8tres d&rsquo;\u00e9paisseur autour de la capsule, ce qui \u00e9videmment n&rsquo;a jamais \u00e9t\u00e9 le cas. Et d&rsquo;ailleurs, il y a un ing\u00e9nieur de la NASA, il y a 2 ans, qui disait : \u00a0\u00bb Oui, peut-\u00eatre qu&rsquo;on va retourner sur la lune mais il nous reste un probl\u00e8me \u00e0 r\u00e9soudre, qu&rsquo;on n&rsquo;a pas encore r\u00e9solu, c&rsquo;est comment allons-nous prot\u00e9ger les astronautes des rayons cosmiques ?\u00a0\u00bb Donc, si cet ing\u00e9nieur de la NASA il y a 2 ans posait cette question, la question reste enti\u00e8re : comment ont-ils fait alors pour revenir sains et saufs en 1969 ?<\/p>\n<p><a href=\"https:\/\/x.com\/EricArchambaul7\/status\/1907058610397462751\" target=\"_blank\" rel=\"noopener\">https:\/\/x.com\/EricArchambaul7\/status\/1907058610397462751<\/a><br \/>\n<img loading=\"lazy\" decoding=\"async\" class=\"alignnone wp-image-7134 size-full\" src=\"https:\/\/claudinemarichal.be\/wp-content\/uploads\/2019\/09\/Crevecoeur.jpg\" alt=\"\" width=\"500\" height=\"281\" srcset=\"https:\/\/claudinemarichal.be\/wp-content\/uploads\/2019\/09\/Crevecoeur.jpg 500w, https:\/\/claudinemarichal.be\/wp-content\/uploads\/2019\/09\/Crevecoeur-300x169.jpg 300w\" sizes=\"auto, (max-width: 500px) 100vw, 500px\" \/><br \/>\n<br style=\"clear: both;\"><br style=\"clear: both;\"><br style=\"clear: both;\"><strong>Buzz Aldrin l&rsquo;avoue ! On n&rsquo;est jamais all\u00e9s sur la lune !!!<\/strong><\/p>\n<p><a href=\"https:\/\/www.youtube.com\/watch?v=-y8AJgcuEXw&amp;t=22s\" target=\"_blank\" rel=\"noopener\">https:\/\/www.youtube.com\/watch?v=-y8AJgcuEXw&amp;t=22s<br \/>\n<\/a><a href=\"https:\/\/www.youtube.com\/watch?v=-y8AJgcuEXw&amp;t=22s\" target=\"_blank\" rel=\"noopener\"><img loading=\"lazy\" decoding=\"async\" class=\"alignnone wp-image-5856 size-full\" src=\"https:\/\/claudinemarichal.be\/wp-content\/uploads\/2024\/01\/buzz-aldrin.jpg\" alt=\"\" width=\"500\" height=\"283\" srcset=\"https:\/\/claudinemarichal.be\/wp-content\/uploads\/2024\/01\/buzz-aldrin.jpg 500w, https:\/\/claudinemarichal.be\/wp-content\/uploads\/2024\/01\/buzz-aldrin-300x170.jpg 300w\" sizes=\"auto, (max-width: 500px) 100vw, 500px\" \/><\/a><br \/>\n<br style=\"clear: both;\"><br style=\"clear: both;\"><br style=\"clear: both;\"><\/p>\n<p><strong>Conf\u00e9rence de presse apr\u00e8s le retour des 3 astronautes d\u2019Apollo 11<\/strong> (1969)<\/p>\n<p>Ils font une t\u00eate d\u2019enterrement&nbsp;; on ne dirait pas qu\u2019ils ont fait le plus incroyable des voyages. G\u00ean\u00e9s de mentir probablement&nbsp;!<\/p>\n<p><a href=\"https:\/\/www.youtube.com\/watch?v=2-0hLZSdyZE\" target=\"_blank\" rel=\"noopener\">https:\/\/www.youtube.com\/watch?v=2-0hLZSdyZE<br \/>\n<\/a><a href=\"https:\/\/www.youtube.com\/watch?v=2-0hLZSdyZE\" target=\"_blank\" rel=\"noopener\"><img loading=\"lazy\" decoding=\"async\" class=\"alignnone wp-image-5858 size-full\" src=\"https:\/\/claudinemarichal.be\/wp-content\/uploads\/2024\/01\/3-astronautes.jpg\" alt=\"\" width=\"500\" height=\"298\" srcset=\"https:\/\/claudinemarichal.be\/wp-content\/uploads\/2024\/01\/3-astronautes.jpg 500w, https:\/\/claudinemarichal.be\/wp-content\/uploads\/2024\/01\/3-astronautes-300x179.jpg 300w\" sizes=\"auto, (max-width: 500px) 100vw, 500px\" \/><\/a><br \/>\n<br style=\"clear: both;\"><br style=\"clear: both;\"><br style=\"clear: both;\"><\/p>\n<p><strong>Pourquoi les astronautes refusent-ils de jurer sur la Bible qu\u2019ils ont march\u00e9 sur la Lune ?<\/strong><\/p>\n<p><a href=\"https:\/\/www.youtube.com\/watch?v=8hy5p_Jk45A\" target=\"_blank\" rel=\"noopener\">https:\/\/www.youtube.com\/watch?v=8hy5p_Jk45A<br \/>\n<\/a><a href=\"https:\/\/www.youtube.com\/watch?v=8hy5p_Jk45A\" target=\"_blank\" rel=\"noopener\"><img loading=\"lazy\" decoding=\"async\" class=\"alignnone wp-image-5859 size-full\" src=\"https:\/\/claudinemarichal.be\/wp-content\/uploads\/2024\/01\/Jurer-sur-la-bible.jpg\" alt=\"\" width=\"500\" height=\"260\" srcset=\"https:\/\/claudinemarichal.be\/wp-content\/uploads\/2024\/01\/Jurer-sur-la-bible.jpg 500w, https:\/\/claudinemarichal.be\/wp-content\/uploads\/2024\/01\/Jurer-sur-la-bible-300x156.jpg 300w\" sizes=\"auto, (max-width: 500px) 100vw, 500px\" \/><\/a><br \/>\n<br style=\"clear: both;\"><br style=\"clear: both;\"><br style=\"clear: both;\"><\/p>\n<p><strong>Une pr\u00e9tendue roche lunaire donn\u00e9e au gouvernement n\u00e9erlandais pour comm\u00e9morer le premier atterrissage lunaire en 1969 s&rsquo;est av\u00e9r\u00e9e n&rsquo;\u00eatre qu&rsquo;un morceau de bois p\u00e9trifi\u00e9 <\/strong>(2009)<\/p>\n<p>\u00ab\u00a0Le Rijksmuseum des Pays-Bas a d\u00e9clar\u00e9 cette semaine que l&rsquo;objet avait \u00e9t\u00e9 initialement remis \u00e0 l&rsquo;ancien Premier ministre n\u00e9erlandais Willem Drees en octobre 1969 par J. William Middendorf, ancien ambassadeur am\u00e9ricain dans le pays, lors d&rsquo;une tourn\u00e9e des 3 astronautes d&rsquo;Apollo 11.<br \/>\nLa pi\u00e8ce a \u00e9t\u00e9 donn\u00e9e au mus\u00e9e \u00e0 la mort de Drees en 1988, bien qu&rsquo;elle ait rarement \u00e9t\u00e9 expos\u00e9e.<br \/>\n(\u2026)<br \/>\nDes tests effectu\u00e9s par des chercheurs de l&rsquo;Universit\u00e9 libre d&rsquo;Amsterdam ont d\u00e9termin\u00e9 que l&rsquo;objet n&rsquo;\u00e9tait pas de la roche lunaire.<br \/>\n\u00ab\u00a0C&rsquo;est une pierre quelconque, \u00e0 peu pr\u00e8s sans valeur\u00a0\u00bb, a d\u00e9clar\u00e9 le g\u00e9ologue Frank Beunk dans un article publi\u00e9 par le Rijksmuseum.<br \/>\n\u00c0 un moment donn\u00e9, le mus\u00e9e a fait assurer la pi\u00e8ce pour plus de 500.000 $, mais Beunk a estim\u00e9 sa valeur \u00e0 pas plus de 50\u20ac, soit environ 78$.(\u2026)\u00a0\u00bb<\/p>\n<p><img loading=\"lazy\" decoding=\"async\" class=\"alignnone wp-image-6478 size-full\" src=\"https:\/\/claudinemarichal.be\/wp-content\/uploads\/2019\/09\/Bois-petrifie.jpg\" alt=\"\" width=\"500\" height=\"894\" srcset=\"https:\/\/claudinemarichal.be\/wp-content\/uploads\/2019\/09\/Bois-petrifie.jpg 500w, https:\/\/claudinemarichal.be\/wp-content\/uploads\/2019\/09\/Bois-petrifie-168x300.jpg 168w\" sizes=\"auto, (max-width: 500px) 100vw, 500px\" \/><\/p>\n<p><br style=\"clear: both;\"><br style=\"clear: both;\"><br style=\"clear: both;\"><\/p>\n<p><strong>La v\u00e9rit\u00e9 dans le film \u00ab&nbsp;Interstellar&nbsp;\u00bb de Christopher Nolan<\/strong><\/p>\n<p>Extrait du film.<\/p>\n<p>\u00ab&nbsp;On leur dira la v\u00e9rit\u00e9 dans les films et on leur mentira dans la r\u00e9alit\u00e9. Ils seront compl\u00e8tement perdus.&nbsp;\u00bb<\/p>\n<p><a href=\"https:\/\/x.com\/aileastick1\/status\/1652956547561971713?s=20\" target=\"_blank\" rel=\"noopener\">https:\/\/x.com\/aileastick1\/status\/1652956547561971713?s=20<br \/>\n<\/a><a href=\"https:\/\/x.com\/aileastick1\/status\/1652956547561971713?s=20\" target=\"_blank\" rel=\"noopener\"><img loading=\"lazy\" decoding=\"async\" class=\"alignnone wp-image-5860 size-full\" src=\"https:\/\/claudinemarichal.be\/wp-content\/uploads\/2024\/01\/interstellar.jpg\" alt=\"\" width=\"500\" height=\"315\" srcset=\"https:\/\/claudinemarichal.be\/wp-content\/uploads\/2024\/01\/interstellar.jpg 500w, https:\/\/claudinemarichal.be\/wp-content\/uploads\/2024\/01\/interstellar-300x189.jpg 300w\" sizes=\"auto, (max-width: 500px) 100vw, 500px\" \/><\/a><\/p>\n<p><br style=\"clear: both;\"><br style=\"clear: both;\"><br style=\"clear: both;\"><\/p>\n<p><img loading=\"lazy\" decoding=\"async\" class=\"alignnone wp-image-5869 size-full\" src=\"https:\/\/claudinemarichal.be\/wp-content\/uploads\/2019\/09\/materiel-lune.jpg\" alt=\"\" width=\"500\" height=\"556\" srcset=\"https:\/\/claudinemarichal.be\/wp-content\/uploads\/2019\/09\/materiel-lune.jpg 500w, https:\/\/claudinemarichal.be\/wp-content\/uploads\/2019\/09\/materiel-lune-270x300.jpg 270w\" sizes=\"auto, (max-width: 500px) 100vw, 500px\" \/><\/p>\n<p><br style=\"clear: both;\"><br style=\"clear: both;\"><br style=\"clear: both;\"><\/p>\n<p><img loading=\"lazy\" decoding=\"async\" class=\"alignnone wp-image-5870 size-full\" src=\"https:\/\/claudinemarichal.be\/wp-content\/uploads\/2019\/09\/carburant.jpg\" alt=\"\" width=\"500\" height=\"687\" srcset=\"https:\/\/claudinemarichal.be\/wp-content\/uploads\/2019\/09\/carburant.jpg 500w, https:\/\/claudinemarichal.be\/wp-content\/uploads\/2019\/09\/carburant-218x300.jpg 218w\" sizes=\"auto, (max-width: 500px) 100vw, 500px\" \/><\/p>\n<p><br style=\"clear: both;\"><br style=\"clear: both;\"><br style=\"clear: both;\"><strong>La question qui tue <\/strong><\/p>\n<p><img loading=\"lazy\" decoding=\"async\" class=\"alignnone wp-image-6836 size-full\" src=\"https:\/\/claudinemarichal.be\/wp-content\/uploads\/2019\/09\/Appareil-photo.jpg\" alt=\"\" width=\"582\" height=\"322\" srcset=\"https:\/\/claudinemarichal.be\/wp-content\/uploads\/2019\/09\/Appareil-photo.jpg 582w, https:\/\/claudinemarichal.be\/wp-content\/uploads\/2019\/09\/Appareil-photo-300x166.jpg 300w\" sizes=\"auto, (max-width: 582px) 100vw, 582px\" \/><\/p>\n<p><br style=\"clear: both;\"><br style=\"clear: both;\"><br style=\"clear: both;\"><\/p>\n<p><img loading=\"lazy\" decoding=\"async\" class=\"alignnone wp-image-6585 size-full\" src=\"https:\/\/claudinemarichal.be\/wp-content\/uploads\/2019\/09\/Jeep2.jpg\" alt=\"\" width=\"500\" height=\"548\" srcset=\"https:\/\/claudinemarichal.be\/wp-content\/uploads\/2019\/09\/Jeep2.jpg 500w, https:\/\/claudinemarichal.be\/wp-content\/uploads\/2019\/09\/Jeep2-274x300.jpg 274w\" sizes=\"auto, (max-width: 500px) 100vw, 500px\" \/>&nbsp;<br \/>\n<img loading=\"lazy\" decoding=\"async\" class=\"alignnone wp-image-6584 size-full\" src=\"https:\/\/claudinemarichal.be\/wp-content\/uploads\/2019\/09\/Jeep.jpg\" alt=\"\" width=\"500\" height=\"281\" srcset=\"https:\/\/claudinemarichal.be\/wp-content\/uploads\/2019\/09\/Jeep.jpg 500w, https:\/\/claudinemarichal.be\/wp-content\/uploads\/2019\/09\/Jeep-300x169.jpg 300w\" sizes=\"auto, (max-width: 500px) 100vw, 500px\" \/><\/p>\n<p><br style=\"clear: both;\"><br style=\"clear: both;\"><br style=\"clear: both;\"><\/p>\n<p><strong>Ciel vu de la Terre &#8211; ciel vu de \u00ab\u00a0l&rsquo;espace\u00a0\u00bb (cr\u00e9\u00e9 en studio !)<\/strong><\/p>\n<p><img loading=\"lazy\" decoding=\"async\" class=\"alignnone wp-image-6834 size-full\" src=\"https:\/\/claudinemarichal.be\/wp-content\/uploads\/2019\/09\/Ciel.jpg\" alt=\"\" width=\"500\" height=\"351\" srcset=\"https:\/\/claudinemarichal.be\/wp-content\/uploads\/2019\/09\/Ciel.jpg 500w, https:\/\/claudinemarichal.be\/wp-content\/uploads\/2019\/09\/Ciel-300x211.jpg 300w\" sizes=\"auto, (max-width: 500px) 100vw, 500px\" \/><\/p>\n<p><br style=\"clear: both;\"><br style=\"clear: both;\"><br style=\"clear: both;\"><\/p>\n<p><strong>Vous vous souvenez de cet homme qui a disparu apr\u00e8s avoir r\u00e9v\u00e9l\u00e9 l&rsquo;endroit o\u00f9 la NASA a film\u00e9 l&rsquo;alunissage ?<\/strong><\/p>\n<p><a href=\"https:\/\/x.com\/Q_TheStormRider\/status\/2047368705412342047?s=20\" target=\"_blank\" rel=\"noopener\">https:\/\/x.com\/Q_TheStormRider\/status\/2047368705412342047?s=20<br \/>\n<\/a><a href=\"https:\/\/x.com\/Q_TheStormRider\/status\/2047368705412342047?s=20\" target=\"_blank\" rel=\"noopener\"><img loading=\"lazy\" decoding=\"async\" class=\"alignnone wp-image-8275 size-full\" src=\"https:\/\/claudinemarichal.be\/wp-content\/uploads\/2019\/09\/Homme-disparu.jpg\" alt=\"\" width=\"500\" height=\"281\" srcset=\"https:\/\/claudinemarichal.be\/wp-content\/uploads\/2019\/09\/Homme-disparu.jpg 500w, https:\/\/claudinemarichal.be\/wp-content\/uploads\/2019\/09\/Homme-disparu-300x169.jpg 300w\" sizes=\"auto, (max-width: 500px) 100vw, 500px\" \/><\/a><\/p>\n<p><br style=\"clear: both;\"><br style=\"clear: both;\"><br style=\"clear: both;\"><\/p>\n<p><strong>Aberration <\/strong><\/p>\n<p><img loading=\"lazy\" decoding=\"async\" class=\"alignnone wp-image-6013 size-full\" src=\"https:\/\/claudinemarichal.be\/wp-content\/uploads\/2019\/09\/Nixon.jpg\" alt=\"\" width=\"500\" height=\"323\" srcset=\"https:\/\/claudinemarichal.be\/wp-content\/uploads\/2019\/09\/Nixon.jpg 500w, https:\/\/claudinemarichal.be\/wp-content\/uploads\/2019\/09\/Nixon-300x194.jpg 300w\" sizes=\"auto, (max-width: 500px) 100vw, 500px\" \/><\/p>\n<p><br style=\"clear: both;\"><br style=\"clear: both;\"><br style=\"clear: both;\"><\/p>\n<p><strong>Encore une aberration<\/strong><\/p>\n<p><img loading=\"lazy\" decoding=\"async\" class=\"alignnone wp-image-7379\" src=\"https:\/\/claudinemarichal.be\/wp-content\/uploads\/2019\/09\/Pression-193x300.jpg\" alt=\"\" width=\"500\" height=\"777\" srcset=\"https:\/\/claudinemarichal.be\/wp-content\/uploads\/2019\/09\/Pression-193x300.jpg 193w, https:\/\/claudinemarichal.be\/wp-content\/uploads\/2019\/09\/Pression.jpg 526w\" sizes=\"auto, (max-width: 500px) 100vw, 500px\" \/><\/p>\n<p><br style=\"clear: both;\"><br style=\"clear: both;\"><br style=\"clear: both;\"><\/p>\n<p><strong>Parlons maintenant de la combinaison des cosmonautes<\/strong><\/p>\n<p>Voyons voir quelle technologie incroyable la NASA a mise au point pour faire face aux dangers d&rsquo;un environnement sous vide absolu : des fermetures \u00e9clair, du velcro et des boutons-pression \ud83d\ude1c.<\/p>\n<p><img loading=\"lazy\" decoding=\"async\" class=\"alignnone wp-image-8063 size-full\" src=\"https:\/\/claudinemarichal.be\/wp-content\/uploads\/2019\/09\/Combinaisons.jpg\" alt=\"\" width=\"500\" height=\"767\" srcset=\"https:\/\/claudinemarichal.be\/wp-content\/uploads\/2019\/09\/Combinaisons.jpg 500w, https:\/\/claudinemarichal.be\/wp-content\/uploads\/2019\/09\/Combinaisons-196x300.jpg 196w\" sizes=\"auto, (max-width: 500px) 100vw, 500px\" \/><br \/>\n<br style=\"clear: both;\"><br style=\"clear: both;\"><br style=\"clear: both;\"><strong>Et en 2026<\/strong><\/p>\n<p><img loading=\"lazy\" decoding=\"async\" class=\"alignnone wp-image-8259 size-full\" src=\"https:\/\/claudinemarichal.be\/wp-content\/uploads\/2019\/09\/Combinaisons-2026.jpg\" alt=\"\" width=\"500\" height=\"472\" srcset=\"https:\/\/claudinemarichal.be\/wp-content\/uploads\/2019\/09\/Combinaisons-2026.jpg 500w, https:\/\/claudinemarichal.be\/wp-content\/uploads\/2019\/09\/Combinaisons-2026-300x283.jpg 300w\" sizes=\"auto, (max-width: 500px) 100vw, 500px\" \/><\/p>\n<p><br style=\"clear: both;\"><br style=\"clear: both;\"><br style=\"clear: both;\"><strong>&#8212; Retour \u00e0 la rubrique <a href=\"https:\/\/claudinemarichal.be\/?page_id=3539\">\u00ab\u00a0Se r\u00e9veiller\u00a0\u00bb<\/a> &#8212;<\/strong><br \/>\n<em>Tous les articles se trouvent en dessous du texte.<\/em><\/p>\n","protected":false},"excerpt":{"rendered":"<p>En 1969 l\u2019Homme serait all\u00e9 sur la lune pour la premi\u00e8re fois. Il y serait m\u00eame retourn\u00e9 plusieurs fois ! La mission Artemis II (2026) \u00e9tait \u00e9galement un canular ! Ci-apr\u00e8s vous trouverez quelques documentaires et articles qui r\u00e9futent tr\u00e8s s\u00e9rieusement et tr\u00e8s clairement ces all\u00e9gations. Il y a trop d\u2019incoh\u00e9rences et d\u2019impossibilit\u00e9s pour croire que des \u00eatres humains aient r\u00e9ussi \u00e0 d\u00e9passer les ceintures radioactives de Van Allen sans encombre, qu&rsquo;ils aient pu supporter et survivre aux rayons cosmiques et que le mat\u00e9riel ait pu r\u00e9sister non seulement aux radiations mais aussi \u00e0 des temp\u00e9ratures allant de -150\u00b0C (\u00e0 l&rsquo;ombre) \u00e0 + 150\u00b0C (au soleil), entre autres obstacles. Lors de la \u00ab\u00a0Conf\u00e9rence sur l&rsquo;Intelligence Artificielle 2023\u00a0\u00bb qui s&rsquo;est tenue \u00e0 Moscou en novembre 2023, le pr\u00e9sident russe V. Poutine a \u00e9t\u00e9 invit\u00e9 \u00e0 poser une question \u00e0 l&rsquo;intelligence artificielle de Google. Il lui a demand\u00e9 d&rsquo;analyser les images des premiers pas de l&rsquo;homme sur la lune. L&rsquo;IA a r\u00e9pondu que les images \u00e9taient fausses. \u00ab\u00a0Tr\u00e8s int\u00e9ressant !\u00a0\u00bb a-t-il r\u00e9pondu. (https:\/\/www.tiktok.com\/@letribunaldunet\/video\/7312028974643727649) Suite \u00e0 cette affirmation de l&rsquo;IA, qui a \u00e9branl\u00e9 le narratif bien ancr\u00e9 dans les consciences, La NASA a pr\u00e9tendu qu&rsquo;elle avait perdu toutes les photos et toutes les vid\u00e9os&nbsp; (comme par hasard !) et qu&rsquo;elle avait d\u00fb simuler toutes les missions Apollo en studio pour reproduire photos et vid\u00e9os ! Elon Musk, le PDG de SpaceX, a d\u00e9j\u00e0 \u00e9mis des doutes similaires, sugg\u00e9rant que l&rsquo;alunissage pourrait avoir \u00e9t\u00e9 simul\u00e9 \u00e0 l&rsquo;aide de technologies informatiques. (https:\/\/www.soulask.com\/elon-musk-said-the-americans-did-not-fly-to-the-moon-in-1969\/) M\u00eame en 2026 on n&rsquo;y a pas mis les pieds ! \u00ab NASA h\u00e9 l\u2019ami, tu sais, ils ont film\u00e9 tout \u00e7a dans un studio d\u2019Hollywood, on n\u2019est vraiment jamais all\u00e9s sur la Lune ! \u00bb Le r\u00e9publicain Tim Burchett vient juste de l\u00e2cher nonchalamment une des plus grosses bombes de v\u00e9rit\u00e9 de tous les temps ! 2026 pourrait-il \u00eatre l\u2019ann\u00e9e o\u00f9 on r\u00e9alise vraiment que les alunissages \u00e9taient un canular complet ? https:\/\/www.facebook.com\/share\/r\/1D3f95Uk4X\/ L&rsquo;homme n&rsquo;a jamais march\u00e9 sur la lune (septembre 2020) Analyse de la mission Apollo 11 par Massimo Mazzucco, photographe et r\u00e9alisateur de cin\u00e9ma italien. C\u2019est le meilleur documentaire qui existe sur les preuves qui d\u00e9montrent que l&rsquo;alunissage \u00e9tait faux. Apr\u00e8s avoir vu ce film, plus aucun doute ne peut subsister sur cette arnaque. Il s&rsquo;agit d&rsquo;une analyse dans les moindres d\u00e9tails de toutes les anormalit\u00e9s qu\u2019on peut trouver autour de ce soi-disant alunissage et sur les r\u00e9actions des astronautes apr\u00e8s leur retour. L\u2019auteur du documentaire r\u00e9fute \u00e9galement tous les arguments des debunkers et pose 38 questions tr\u00e8s pertinentes \u00e0 l\u2019adresse des gens cr\u00e9dules. https:\/\/odysee.com\/@SadbutTrue:8\/AMERICANmoon:b Est-on vraiment all\u00e9 sur la lune ? L\u2019analyse d\u2019un photographe (janvier 2023) Analyse d\u2019un photographe sur les photos et la vid\u00e9o de la mission Apollo 11. (Une analyse plus compl\u00e8te se trouve dans le film de Massimo Mazzucco (ci-avant), qui interroge 4 photographes de renom.) \u00ab&nbsp;Est-on vraiment all\u00e9 sur la lune en 1969, lors de la mission Apollo 11 ? J\u2019ignore si Neil Armstrong ou Buzz Aldrin sont des acteurs, je n\u2019ai pas les comp\u00e9tences en physique n\u00e9cessaire, mais par contre, analyser les photographies de \u201cl\u2019alunissage\u201d, en tant que photographe, \u00e7a je peux !&nbsp;\u00bb https:\/\/www.youtube.com\/watch?v=D-5H_9sATa8 Preuves de la falsification du programme Apollo d\u2019exploration spatiale vers la Lune (d\u00e9cembre 2017) \u00ab&nbsp;Toutes ces pr\u00e9tendues missions vers la Lune ont \u00e9t\u00e9 r\u00e9alis\u00e9es en studio et avec des logiciels de photo et vid\u00e9o montage. Les images ne trompent pas.&nbsp;\u00bb https:\/\/michelduchaine.com\/2017\/12\/10\/le-plus-grand-mensonge-de-lhistoire-modernevoici-des-preuves-de-la-falsification-du-programme-apollo-dexploration-spatiale-vers-la-lune\/ La NASA est la plus grande manipulation de l&rsquo;histoire Une grande partie de l&rsquo;intelligence humaine ne croit pas \u00e0 l&rsquo;authenticit\u00e9 des missions lunaires Apollo. En voici quelques raisons. La NASA \u00e9tait dirig\u00e9e par l&rsquo;ancien nazi Werner von Braun, qui \u00e9tait redevable au gouvernement am\u00e9ricain de l&rsquo;avoir secr\u00e8tement import\u00e9 dans le pays via le projet Paperclip, tout comme les dizaines d&rsquo;autres nazis qui l&rsquo;ont rejoint pour travailler comme scientifiques des fus\u00e9es. Des scientifiques qui avaient tous une bonne raison de garder un secret. Et l&rsquo;\u00e9crasante majorit\u00e9 des astronautes \u00e9taient francs-ma\u00e7ons, et les fils de francs-ma\u00e7ons. Les francs-ma\u00e7ons jurent sur leur vie de garder les secrets qui leur sont confi\u00e9s. Pourquoi diable faire confiance \u00e0 la NASA ? Si l&rsquo;alunissage avait \u00e9t\u00e9 r\u00e9el, il aurait \u00e9t\u00e9 un exploit miraculeux, car la NASA \u00e9chouait \u00e0 tous les niveaux de la mission et ne croyait pas pouvoir atteindre son objectif. En 1967, l&rsquo;inspecteur du gouvernement, Thomas Barron, a t\u00e9moign\u00e9 devant les enqu\u00eateurs du Congr\u00e8s que le programme Apollo \u00e9tait en train d&rsquo;\u00e9chouer. Six jours apr\u00e8s son t\u00e9moignage, il a \u00e9t\u00e9 tu\u00e9 avec sa femme et son enfant lorsqu&rsquo;un train a percut\u00e9 sa voiture. L&rsquo;astronaute Gus Grissom a tenu une conf\u00e9rence de presse non autoris\u00e9e au cours de laquelle il a critiqu\u00e9 le programme et d\u00e9clar\u00e9 qu&rsquo;il faudrait encore dix ans pour se rendre sur la lune. Cinq jours plus tard, il est tu\u00e9 dans l&rsquo;exercice de ses fonctions. Les derniers mots de Gus Grissom ont \u00e9t\u00e9 \u00ab\u00a0Comment allons-nous aller sur la lune si nous ne pouvons pas parler entre deux ou trois b\u00e2timents ?\u00a0\u00bb Quelques instants plus tard, le module de commande d&rsquo;Apollo 1 a pris feu, tuant les astronautes, Grissom, White et Chaffee. Plusieurs membres cl\u00e9s de la mission Apollo ont d\u00e9missionn\u00e9 quelques mois avant la mission. Ce que la NASA avait r\u00e9ussi c&rsquo;\u00e9tait une op\u00e9ration de marketing massive qui avait plac\u00e9 les voyages spatiaux dans le zeitgeist de la culture pop am\u00e9ricaine. Elle avait d\u00e9pens\u00e9 des milliards pour cr\u00e9er de multiples sc\u00e8nes sonores avec des mod\u00e8les r\u00e9alistes de la lune pour commencer \u00e0 produire des simulations. https:\/\/x.com\/ZippoJeje\/status\/1741794054508020186?s=20 Suite : https:\/\/x.com\/ZippoJeje\/status\/1741794161903169599?s=20 L\u2019homme pourra-t-il un jour franchir la ceinture de Van Allen ? (2015) \u00ab&nbsp;Sans entrer dans les d\u00e9tails concernant le voyage sur la Lune, l\u2019article qui suit tente de montrer, compte tenu de nos connaissances et de nos moyens technologiques dont nous disposons actuellement, l\u2019impossibilit\u00e9 pour l\u2019homme de franchir la barri\u00e8re que repr\u00e9sentent les ceintures de Van Allen sans y laisser sa vie. Dans la magn\u00e9tosph\u00e8re, qui est essentiellement compos\u00e9e de gaz d\u2019origine terrestre, le champ magn\u00e9tique de notre plan\u00e8te capture les particules charg\u00e9es tr\u00e8s \u00e9nerg\u00e9tiques \u00e9mises par le Soleil. Ces particules se retrouvent dans deux r\u00e9gions bien pr\u00e9cises de la magn\u00e9tosph\u00e8re appel\u00e9es ceintures de Van Allen. Elles tirent leur nom du physicien am\u00e9ricain James Alfred Van Allen qui les a d\u00e9couvertes en 1958, gr\u00e2ce au premier satellite am\u00e9ricain Explorer 1.&nbsp;\u00bb \u00ab&nbsp;La ceinture de Van Allen est un concentr\u00e9 de particules ionisantes, dont il faut se prot\u00e9ger pour la traverser. Or, les astronautes qui l\u2019ont travers\u00e9e n\u2019en \u00e9taient pas prot\u00e9g\u00e9s, et ont donc \u00e9t\u00e9 expos\u00e9s \u00e0 ces radiations. On peut donc \u00eatre surpris qu\u2019aujourd\u2019hui aucun d\u2019eux ne pr\u00e9sentent des probl\u00e8mes de sant\u00e9 en cons\u00e9quence \u2026&nbsp;\u00bb https:\/\/reseauinternational.net\/lhomme-pourra-t-il-un-jour-franchir-la-ceinture-de-van-allen\/ Cette explication est \u00e9galement bien \u00e9tay\u00e9e dans le documentaire de Massimo Mazzucco (le 1er sur cette page). Les rayons cosmiques sont aussi puissants et destructeurs que le rayonnement nucl\u00e9aire Lorsqu&rsquo;on quitte la protection du champ magn\u00e9tique terrestre, les astronautes sont soumis \u00e0 ce qu&rsquo;on appelle les rayons cosmiques et les rayons cosmiques sont des rayonnements \u00e9lectromagn\u00e9tiques qui sont aussi puissants et aussi destructeurs que le rayonnement nucl\u00e9aire, ce qui fait que si vraiment ils avaient d\u00fb aller sur la lune en toute s\u00e9curit\u00e9, on aurait d\u00fb les prot\u00e9ger par un mur de plomb de 3 m\u00e8tres d&rsquo;\u00e9paisseur autour de la capsule, ce qui \u00e9videmment n&rsquo;a jamais \u00e9t\u00e9 le cas. Et d&rsquo;ailleurs, il y a un ing\u00e9nieur de la NASA, il y a 2 ans, qui disait : \u00a0\u00bb Oui, peut-\u00eatre qu&rsquo;on va retourner sur la lune mais il nous reste un probl\u00e8me \u00e0 r\u00e9soudre, qu&rsquo;on n&rsquo;a pas encore r\u00e9solu, c&rsquo;est comment allons-nous prot\u00e9ger les astronautes des rayons cosmiques ?\u00a0\u00bb Donc, si cet ing\u00e9nieur de la NASA il y a 2 ans posait cette question, la question reste enti\u00e8re : comment ont-ils fait alors pour revenir sains et saufs en 1969 ? https:\/\/x.com\/EricArchambaul7\/status\/1907058610397462751 Buzz Aldrin l&rsquo;avoue ! On n&rsquo;est jamais all\u00e9s sur la lune !!! https:\/\/www.youtube.com\/watch?v=-y8AJgcuEXw&amp;t=22s Conf\u00e9rence de presse apr\u00e8s le retour des 3 astronautes d\u2019Apollo 11 (1969) Ils font une t\u00eate d\u2019enterrement&nbsp;; on ne dirait pas qu\u2019ils ont fait le plus incroyable des voyages. G\u00ean\u00e9s de mentir probablement&nbsp;! https:\/\/www.youtube.com\/watch?v=2-0hLZSdyZE Pourquoi les astronautes refusent-ils de jurer sur la Bible qu\u2019ils ont march\u00e9 sur la Lune ? https:\/\/www.youtube.com\/watch?v=8hy5p_Jk45A Une pr\u00e9tendue roche lunaire donn\u00e9e au gouvernement n\u00e9erlandais pour comm\u00e9morer le premier atterrissage lunaire en 1969 s&rsquo;est av\u00e9r\u00e9e n&rsquo;\u00eatre qu&rsquo;un morceau de bois p\u00e9trifi\u00e9 (2009) \u00ab\u00a0Le Rijksmuseum des Pays-Bas a d\u00e9clar\u00e9 cette semaine que l&rsquo;objet avait \u00e9t\u00e9 initialement remis \u00e0 l&rsquo;ancien Premier ministre n\u00e9erlandais Willem Drees en octobre 1969 par J. William Middendorf, ancien ambassadeur am\u00e9ricain dans le pays, lors d&rsquo;une tourn\u00e9e des 3 astronautes d&rsquo;Apollo 11. La pi\u00e8ce a \u00e9t\u00e9 donn\u00e9e au mus\u00e9e \u00e0 la mort de Drees en 1988, bien qu&rsquo;elle ait rarement \u00e9t\u00e9 expos\u00e9e. (\u2026) Des tests effectu\u00e9s par des chercheurs de l&rsquo;Universit\u00e9 libre d&rsquo;Amsterdam ont d\u00e9termin\u00e9 que l&rsquo;objet n&rsquo;\u00e9tait pas de la roche lunaire. \u00ab\u00a0C&rsquo;est une pierre quelconque, \u00e0 peu pr\u00e8s sans valeur\u00a0\u00bb, a d\u00e9clar\u00e9 le g\u00e9ologue Frank Beunk dans un article publi\u00e9 par le Rijksmuseum. \u00c0 un moment donn\u00e9, le mus\u00e9e a fait assurer la pi\u00e8ce pour plus de 500.000 $, mais Beunk a estim\u00e9 sa valeur \u00e0 pas plus de 50\u20ac, soit environ 78$.(\u2026)\u00a0\u00bb La v\u00e9rit\u00e9 dans le film \u00ab&nbsp;Interstellar&nbsp;\u00bb de Christopher Nolan Extrait du film. \u00ab&nbsp;On leur dira la v\u00e9rit\u00e9 dans les films et on leur mentira dans la r\u00e9alit\u00e9. Ils seront compl\u00e8tement perdus.&nbsp;\u00bb https:\/\/x.com\/aileastick1\/status\/1652956547561971713?s=20 La question qui tue &nbsp; Ciel vu de la Terre &#8211; ciel vu de \u00ab\u00a0l&rsquo;espace\u00a0\u00bb (cr\u00e9\u00e9 en studio !) Vous vous souvenez de cet homme qui a disparu apr\u00e8s avoir r\u00e9v\u00e9l\u00e9 l&rsquo;endroit o\u00f9 la NASA a film\u00e9 l&rsquo;alunissage ? https:\/\/x.com\/Q_TheStormRider\/status\/2047368705412342047?s=20 Aberration Encore une aberration Parlons maintenant de la combinaison des cosmonautes Voyons voir quelle technologie incroyable la NASA a mise au point pour faire face aux dangers d&rsquo;un environnement sous vide absolu : des fermetures \u00e9clair, du velcro et des boutons-pression \ud83d\ude1c. Et en 2026 &#8212; Retour \u00e0 la rubrique \u00ab\u00a0Se r\u00e9veiller\u00a0\u00bb &#8212; Tous les articles se trouvent en dessous du texte.<\/p>\n","protected":false},"author":1,"featured_media":5872,"comment_status":"open","ping_status":"open","sticky":false,"template":"","format":"standard","meta":{"ngg_post_thumbnail":0,"footnotes":""},"categories":[145],"tags":[],"class_list":["post-5847","post","type-post","status-publish","format-standard","has-post-thumbnail","hentry","category-se-reveiller"],"acf":[],"_links":{"self":[{"href":"https:\/\/claudinemarichal.be\/index.php?rest_route=\/wp\/v2\/posts\/5847","targetHints":{"allow":["GET"]}}],"collection":[{"href":"https:\/\/claudinemarichal.be\/index.php?rest_route=\/wp\/v2\/posts"}],"about":[{"href":"https:\/\/claudinemarichal.be\/index.php?rest_route=\/wp\/v2\/types\/post"}],"author":[{"embeddable":true,"href":"https:\/\/claudinemarichal.be\/index.php?rest_route=\/wp\/v2\/users\/1"}],"replies":[{"embeddable":true,"href":"https:\/\/claudinemarichal.be\/index.php?rest_route=%2Fwp%2Fv2%2Fcomments&post=5847"}],"version-history":[{"count":21,"href":"https:\/\/claudinemarichal.be\/index.php?rest_route=\/wp\/v2\/posts\/5847\/revisions"}],"predecessor-version":[{"id":8276,"href":"https:\/\/claudinemarichal.be\/index.php?rest_route=\/wp\/v2\/posts\/5847\/revisions\/8276"}],"wp:featuredmedia":[{"embeddable":true,"href":"https:\/\/claudinemarichal.be\/index.php?rest_route=\/wp\/v2\/media\/5872"}],"wp:attachment":[{"href":"https:\/\/claudinemarichal.be\/index.php?rest_route=%2Fwp%2Fv2%2Fmedia&parent=5847"}],"wp:term":[{"taxonomy":"category","embeddable":true,"href":"https:\/\/claudinemarichal.be\/index.php?rest_route=%2Fwp%2Fv2%2Fcategories&post=5847"},{"taxonomy":"post_tag","embeddable":true,"href":"https:\/\/claudinemarichal.be\/index.php?rest_route=%2Fwp%2Fv2%2Ftags&post=5847"}],"curies":[{"name":"wp","href":"https:\/\/api.w.org\/{rel}","templated":true}]}}