{"id":543,"date":"2019-09-23T20:12:40","date_gmt":"2019-09-23T18:12:40","guid":{"rendered":"http:\/\/127.0.0.1\/?p=543"},"modified":"2025-11-23T18:33:57","modified_gmt":"2025-11-23T17:33:57","slug":"le-cafard","status":"publish","type":"post","link":"https:\/\/claudinemarichal.be\/?p=543","title":{"rendered":"Le cafard"},"content":{"rendered":"<div style=\"text-align: center;\">Il \u00e9tait une fois un cafard<br \/>\nqui comme tous les cafards<br \/>\nmenait une vie cafardeuse de plumards en d\u00e9potoirs<br \/>\net d\u2019urinoirs en baignoires<br \/>\nen se demandant \u2013 nom d\u2019un p\u00e9tard \u2013<br \/>\nqu\u2019est-ce qui lui avait pris de s\u2019incarner en b\u00eate noire<br \/>\nalors que les coccinelles, elles, re\u00e7oivent bien plus d\u2019\u00e9gards !<br \/>\nIl s\u2019appelait Edgar.<br \/>\nEdgar d\u00e9boucha un jour dans SA baignoire<br \/>\npar on ne sait quel hasard.<br \/>\nQuand, de son observatoire,<\/div>\n<div style=\"text-align: center;\">il la vit dans son peignoir,<br \/>\nil sut qu\u2019elle n\u2019\u00e9tait pas comme la plupart,<br \/>\n\u00e0 faire tout un bazar<br \/>\npour un malheureux petit cafard.<br \/>\nElle le prit dans ses belles mains d\u2019une douceur rare<br \/>\net le posa sur l\u2019appui de fen\u00eatre pour mieux le voir.<br \/>\nIl pointa vers elle son su\u00e7oir<br \/>\net lui susurra sur un ton jubilatoire :<br \/>\n\u00ab Je suis un sacr\u00e9 veinard,<br \/>\ngr\u00e2ce \u00e0 toi, Zo\u00e9, je n\u2019ai plus le cafard.<br \/>\nJoyeux anniversaire ! A ta sant\u00e9 je m\u2019en vais maintenant boire \u00bb.<\/div>\n<\/p>\n<div style=\"padding-left: 200px; text-align: center;\"><em>Pour Zo\u00e9<\/em><\/div>\n","protected":false},"excerpt":{"rendered":"<p>Il \u00e9tait une fois un cafard qui comme tous les cafards menait une vie cafardeuse de plumards en d\u00e9potoirs et d\u2019urinoirs en baignoires en se demandant \u2013 nom d\u2019un p\u00e9tard \u2013 qu\u2019est-ce qui lui avait pris de s\u2019incarner en b\u00eate noire alors que les coccinelles, elles, re\u00e7oivent bien plus d\u2019\u00e9gards ! Il s\u2019appelait Edgar. Edgar d\u00e9boucha un jour dans SA baignoire par on ne sait quel hasard. Quand, de son observatoire, il la vit dans son peignoir, il sut qu\u2019elle n\u2019\u00e9tait pas comme la plupart, \u00e0 faire tout un bazar pour un malheureux petit cafard. Elle le prit dans ses belles mains d\u2019une douceur rare et le posa sur l\u2019appui de fen\u00eatre pour mieux le voir. Il pointa vers elle son su\u00e7oir et lui susurra sur un ton jubilatoire : \u00ab Je suis un sacr\u00e9 veinard, gr\u00e2ce \u00e0 toi, Zo\u00e9, je n\u2019ai plus le cafard. Joyeux anniversaire ! A ta sant\u00e9 je m\u2019en vais maintenant boire \u00bb. Pour Zo\u00e9<\/p>\n","protected":false},"author":1,"featured_media":7771,"comment_status":"open","ping_status":"open","sticky":false,"template":"","format":"standard","meta":{"ngg_post_thumbnail":0,"footnotes":""},"categories":[7],"tags":[],"class_list":["post-543","post","type-post","status-publish","format-standard","has-post-thumbnail","hentry","category-la-rime-a-tout-prix"],"acf":[],"_links":{"self":[{"href":"https:\/\/claudinemarichal.be\/index.php?rest_route=\/wp\/v2\/posts\/543","targetHints":{"allow":["GET"]}}],"collection":[{"href":"https:\/\/claudinemarichal.be\/index.php?rest_route=\/wp\/v2\/posts"}],"about":[{"href":"https:\/\/claudinemarichal.be\/index.php?rest_route=\/wp\/v2\/types\/post"}],"author":[{"embeddable":true,"href":"https:\/\/claudinemarichal.be\/index.php?rest_route=\/wp\/v2\/users\/1"}],"replies":[{"embeddable":true,"href":"https:\/\/claudinemarichal.be\/index.php?rest_route=%2Fwp%2Fv2%2Fcomments&post=543"}],"version-history":[{"count":10,"href":"https:\/\/claudinemarichal.be\/index.php?rest_route=\/wp\/v2\/posts\/543\/revisions"}],"predecessor-version":[{"id":7903,"href":"https:\/\/claudinemarichal.be\/index.php?rest_route=\/wp\/v2\/posts\/543\/revisions\/7903"}],"wp:featuredmedia":[{"embeddable":true,"href":"https:\/\/claudinemarichal.be\/index.php?rest_route=\/wp\/v2\/media\/7771"}],"wp:attachment":[{"href":"https:\/\/claudinemarichal.be\/index.php?rest_route=%2Fwp%2Fv2%2Fmedia&parent=543"}],"wp:term":[{"taxonomy":"category","embeddable":true,"href":"https:\/\/claudinemarichal.be\/index.php?rest_route=%2Fwp%2Fv2%2Fcategories&post=543"},{"taxonomy":"post_tag","embeddable":true,"href":"https:\/\/claudinemarichal.be\/index.php?rest_route=%2Fwp%2Fv2%2Ftags&post=543"}],"curies":[{"name":"wp","href":"https:\/\/api.w.org\/{rel}","templated":true}]}}