{"id":4415,"date":"2019-09-08T12:00:50","date_gmt":"2019-09-08T10:00:50","guid":{"rendered":"https:\/\/claudinemarichal.be\/?p=4415"},"modified":"2026-04-26T10:55:54","modified_gmt":"2026-04-26T08:55:54","slug":"le-racisme-anti-blancs","status":"publish","type":"post","link":"https:\/\/claudinemarichal.be\/?p=4415","title":{"rendered":"Le racisme anti-Blancs"},"content":{"rendered":"<p><em>J\u2019ai h\u00e9sit\u00e9 \u00e0 cr\u00e9er un article sur ce sujet car il est d\u00e9licat et peut \u00eatre mal interpr\u00e9t\u00e9, mais ne pas le faire serait aussi nier une r\u00e9alit\u00e9 de tous les jours : Le racisme anti-Blancs existe bel et bien. Il est invisible pour la majorit\u00e9 des gens car il est volontairement censur\u00e9, ignor\u00e9, minimis\u00e9, d\u00e9cr\u00e9dibilis\u00e9 par les m\u00e9dias grand public collabos des \u00e9lites talmudo-mondialistes.<\/em><br \/>\n<a href=\"https:\/\/claudinemarichal.be\/wp-content\/uploads\/2019\/09\/Racisme-Desproges.jpg\"><img loading=\"lazy\" decoding=\"async\" class=\"alignright wp-image-6490 size-medium\" src=\"https:\/\/claudinemarichal.be\/wp-content\/uploads\/2019\/09\/Racisme-Desproges-300x169.jpg\" alt=\"\" width=\"300\" height=\"169\" srcset=\"https:\/\/claudinemarichal.be\/wp-content\/uploads\/2019\/09\/Racisme-Desproges-300x169.jpg 300w, https:\/\/claudinemarichal.be\/wp-content\/uploads\/2019\/09\/Racisme-Desproges.jpg 500w\" sizes=\"auto, (max-width: 300px) 100vw, 300px\" \/><\/a><br \/>\nLe racisme entre personnes de couleur de peau diff\u00e9rente a toujours exist\u00e9. C&rsquo;est une bien triste r\u00e9alit\u00e9. Mais est-ce dans la nature de l\u2019Homme d\u2019\u00eatre raciste ? Non, je ne le crois pas. Nous ne naissons pas racistes ; nous sommes conditionn\u00e9s \u00e0 le devenir en grandissant parce que la soci\u00e9t\u00e9, influenc\u00e9e par le Mal incarn\u00e9 par les Talmudistes satanistes (Cabale), nous apprend \u00e0 discriminer, \u00e0 juger, \u00e0 ha\u00efr nos fr\u00e8res.<\/p>\n<p>Le racisme a \u00e9t\u00e9 cr\u00e9\u00e9 et est entretenu depuis des milliers d\u2019ann\u00e9es par la Cabale (qu&rsquo;on appelle aussi l&rsquo;Etat Profond, les Talmudo-satanistes) dans le but de nous diviser. Jusqu\u2019\u00e0 la fin du 20<sup>\u00e8me<\/sup> si\u00e8cle en Occident, il \u00e9tait principalement dirig\u00e9 contre les personnes de couleur, avec le pr\u00e9suppos\u00e9 selon lequel elles seraient inf\u00e9rieures aux Blancs, voire nuisibles. Ces personnes, qu\u2019on appelle maintenant \u00ab personnes racis\u00e9es \u00bb, ont \u00e9t\u00e9 longtemps structurellement discrimin\u00e9es dans l\u2019enseignement, l\u2019emploi, le logement, etc. en Occident. Ce n\u2019est plus le cas, m\u00eame pour les immigr\u00e9s clandestins qui, depuis quelques ann\u00e9es, se voient accorder des droits que n&rsquo;ont pas les SDF autochtones. Depuis une vingtaine d\u2019ann\u00e9es, les associations contre le racisme et quelques militants gaucho-progressistes reviennent sur l\u2019histoire coloniale et incriminent le privil\u00e8ge blanc<sup>1<\/sup>, contribuant ainsi non seulement \u00e0 injustement culpabiliser les Blancs mais \u00e9galement \u00e0 attiser la haine des personnes racis\u00e9es envers les Occidentaux.<\/p>\n<p>On assiste \u00e0 l\u2019\u00e9mergence d\u2019un mouvement anti-Blancs en Occident, men\u00e9 par des communaut\u00e9s noires, m\u00e9tisses et islamistes, mais aussi encourag\u00e9, contre toute attente, par des personnes de couleur blanche, qui sans le savoir &#8211; ou en conscience &#8211;&nbsp; font le jeu des Talmudo-satanistes. Attis\u00e9 par ceux-ci et soutenu par les m\u00e9dias, le racisme anti-Blancs nous vient des Etats-Unis o\u00f9 il est enseign\u00e9 dans les universit\u00e9s pour soi-disant lutter contre &#8230; le racisme ! Certains politiciens et personnages publiques vont m\u00eame jusqu\u2019\u00e0 d\u00e9clarer en public qu\u2019ils ont honte d\u2019\u00eatre blancs !<\/p>\n<p>Ce qui est \u00ab\u00a0merveilleux\u00a0\u00bb avec le wokisme c\u2019est que les racis\u00e9s peuvent enfin afficher leur racisme anti-Blancs totalement d\u00e9complex\u00e9.<\/p>\n<p>&nbsp;<\/p>\n<p><strong><sup>1<\/sup>\u00ab Le privil\u00e8ge blanc<\/strong> (ou privil\u00e8ge de la peau blanche) est une expression utilis\u00e9e pour la premi\u00e8re fois en 1988 par l&rsquo;Am\u00e9ricaine Peggy McIntosh, afin d&rsquo;exprimer la th\u00e8se selon laquelle les personnes blanches b\u00e9n\u00e9ficieraient sans s&rsquo;en rendre compte dans les pays occidentaux de privil\u00e8ges sociaux, soci\u00e9taux, politiques ou \u00e9conomiques, qui ne seraient pas accord\u00e9s aux personnes non blanches dans le m\u00eame contexte, ce qui constituerait un \u00ab ensemble invisible d&rsquo;avantages non m\u00e9rit\u00e9s \u00bb.&nbsp;\u00bb<\/p>\n<p><a href=\"https:\/\/fr.wikipedia.org\/wiki\/Privil%C3%A8ge_blanc\">https:\/\/fr.wikipedia.org\/wiki\/Privil%C3%A8ge_blanc<\/a><\/p>\n<p><br style=\"clear: both;\"><br style=\"clear: both;\"><br style=\"clear: both;\"><\/p>\n<p><strong>Les \u00e9coles au Canada enseignent le \u00ab privil\u00e8ge blanc \u00bb et le \u00ab racisme syst\u00e9mique \u00bb<\/strong> (d\u00e9cembre 2023)<\/p>\n<p>\u00ab L\u2019antiracisme est enseign\u00e9 aux \u00e9coliers canadiens, et certains parents ont d\u00e9clar\u00e9 \u00e0 Epoch Times que leurs enfants rentrent \u00e0 la maison d\u00e9sempar\u00e9s. Ils sentent qu\u2019un foss\u00e9 se creuse entre eux et les autres \u00e0 cause d\u2019une id\u00e9ologie qui les divise en deux groupes\u202f: les oppresseurs blancs et les opprim\u00e9s non blancs. \u00bb<br \/>\n\u00ab &#8230; Rachel est rentr\u00e9e chez elle boulevers\u00e9e par ce qui lui a \u00e9t\u00e9 enseign\u00e9, \u00e0 tel point qu\u2019elle a d\u00fb sortir de classe. Elle avait l\u2019impression qu\u2019en tant que personne blanche, elle \u00e9tait attaqu\u00e9e et humili\u00e9e \u00e0 cause de la couleur de sa peau \u00bb.<br \/>\nIl poursuit\u202f: \u00ab Elle s\u2019est rendu compte qu\u2019elle \u00e9tait qualifi\u00e9e de raciste, d\u2019oppresseur ou de privil\u00e9gi\u00e9e, et en \u00e9tait profond\u00e9ment meurtrie car c\u2019est contraire \u00e0 la fois \u00e0 l\u2019exp\u00e9rience de Rachel \u00e0 la maison et \u00e0 ses valeurs en tant que personne \u00bb.<br \/>\n\u00ab Il nous semble \u00e9vident que les concepts de \u2018culpabilit\u00e9 blanche\u2019 sont incroyablement toxiques. \u00bb<br \/>\n\u00ab Certains se sont \u00e9galement inqui\u00e9t\u00e9s de l\u2019impact des enseignements antiracistes sur les \u00e9l\u00e8ves non-blancs. \u00bb<br \/>\n\u00ab Des parents d\u2019\u00e9l\u00e8ves indig\u00e8nes et indo-canadiens m\u2019ont contact\u00e9 pour me dire qu\u2019on avait enseign\u00e9 \u00e0 leur enfant cette p\u00e9dagogie de l\u2019opprim\u00e9 \u00bb, a d\u00e9clar\u00e9 Jeff Park, directeur g\u00e9n\u00e9ral de l\u2019Alberta Parents\u2019 Union, \u00e0 Epoch Times. \u00ab Ils ne s\u2019\u00e9taient jamais consid\u00e9r\u00e9s comme opprim\u00e9s auparavant, et cela les a traumatis\u00e9s de devoir se dire que leurs camarades de classe sont des oppresseurs et qu\u2019eux-m\u00eames sont des opprim\u00e9s. \u00bb<br \/>\n\u00ab L\u2019antiracisme est fondamentalement un id\u00e9ologie n\u00e9omarxiste sous un autre nom. \u00bb<\/p>\n<p><a href=\"https:\/\/www.epochtimes.fr\/analyse-les-ecoles-au-canada-enseignent-le-privilege-blanc-et-le-racisme-systemique-2480504.html\" target=\"_blank\" rel=\"noopener\">https:\/\/www.epochtimes.fr\/analyse-les-ecoles-au-canada-enseignent-le-privilege-blanc-et-le-racisme-systemique-2480504.html<br \/>\n<\/a><a href=\"https:\/\/www.epochtimes.fr\/analyse-les-ecoles-au-canada-enseignent-le-privilege-blanc-et-le-racisme-systemique-2480504.html\" target=\"_blank\" rel=\"noopener\"><img loading=\"lazy\" decoding=\"async\" class=\"alignnone wp-image-5696 size-full\" src=\"https:\/\/claudinemarichal.be\/wp-content\/uploads\/2019\/09\/Ecoles-Canada.jpg\" alt=\"\" width=\"500\" height=\"281\" srcset=\"https:\/\/claudinemarichal.be\/wp-content\/uploads\/2019\/09\/Ecoles-Canada.jpg 500w, https:\/\/claudinemarichal.be\/wp-content\/uploads\/2019\/09\/Ecoles-Canada-300x169.jpg 300w\" sizes=\"auto, (max-width: 500px) 100vw, 500px\" \/><\/a><br \/>\n<br style=\"clear: both;\"><br style=\"clear: both;\"><br style=\"clear: both;\"><strong>Le racisme anti-Blanc enseign\u00e9 dans les universit\u00e9s am\u00e9ricaines <\/strong>(novembre 2020)<\/p>\n<p>Universit\u00e9 d&rsquo;Evergreen (Etat de Washington)<\/p>\n<p>En 2017, une pol\u00e9mique a mis au grand jour un probl\u00e8me de radicalisation des \u00e9tudiants d&rsquo;extr\u00eame-gauche sur les campus des facs am\u00e9ricaines.<br \/>\nLe Directeur veut mettre en place un syst\u00e8me d&rsquo;\u00e9quit\u00e9. Donc, en principe le syst\u00e8me adapte les ressources aux besoins de chaque individu pour que tout le monde r\u00e9ussisse. Mais le directeur a une autre id\u00e9e de l&rsquo;\u00e9quit\u00e9. Pour lui, \u00e7a veut dire \u00ab\u00a0dictature de la bien-pensance progressiste\u00a0\u00bb.<br \/>\nLes professeurs se pr\u00e9sentent aux nouveaux \u00e9l\u00e8ves en 2016 et ils le font d&rsquo;une mani\u00e8re un peu \u00e9trange.<br \/>\nUne femme dit : \u00ab\u00a0<em>J&rsquo;ai beaucoup de privil\u00e8ges. Les deux plus importants sont le fait que je sois blanche et cisgenre<\/em>.\u00a0\u00bb<br \/>\nUne autre femme dit : \u00ab\u00a0<em>Je suis blanche, queer et je suis grosse<\/em>.\u00a0\u00bb<br \/>\nUn homme noir dit : \u00ab\u00a0<em>Ma couleur de peau est diff\u00e9rente de beaucoup de gens de pouvoir, mais je suis un homme, h\u00e9t\u00e9ro, cisgenre<\/em>.\u00a0\u00bb<\/p>\n<p>Cette mani\u00e8re de se pr\u00e9senter, ils appellent \u00e7a le positionnement. Avant d&rsquo;\u00eatre un individu avec une personnalit\u00e9 et un temp\u00e9rament, vous \u00eates d&rsquo;abord d\u00e9fini par votre appartenance \u00e0 un groupe qui est lui-m\u00eame positionn\u00e9 sur une hi\u00e9rarchie des privil\u00e8ges. Donc vous allez vous positionner en donnant votre couleur de peau, votre sexe, votre genre, donc cisgenre si vous n&rsquo;\u00eates pas transgenre, et si l&rsquo;une de ces identit\u00e9s vous apporte un privil\u00e8ge, vous devez le reconna\u00eetre publiquement.<\/p>\n<p>\u00ab\u00a0<em>Quand j&rsquo;entre dans une pi\u00e8ce, je ne sais pas si c&rsquo;est le privil\u00e8ge masculin, le privil\u00e8ge blanc, le privil\u00e8ge d&rsquo;\u00e9ducation, je les ai tous, \u00e2ge, &#8230; Je peux \u00eatre retenu comme blanc, cisgenre, homme h\u00e9t\u00e9ronormatif, qui essaye de savoir quoi faire avec toutes ces cartes de privil\u00e8ges pour faire avancer la justice sociale de mani\u00e8re respectueuse<\/em>.\u00a0\u00bb<\/p>\n<p>Dans cet univers o\u00f9 chacun est consid\u00e9r\u00e9 soit comme oppresseur soit comme victime d&rsquo;oppression, l&rsquo;antiracisme intersectionnel est une v\u00e9ritable religion d&rsquo;Etat.<\/p>\n<p><em>\u00ab\u00a0Le racisme doit \u00eatre continuellement identifi\u00e9, analys\u00e9 et combattu, sans fin. La question n&rsquo;est pas : \u00ab\u00a0Y a-t-il eu racisme ?\u00a0\u00bb, mais \u00ab\u00a0Comment le racisme s&rsquo;est-il manifest\u00e9 dans cette situation ?\u00a0\u00bb. Le statu quo racial est confortable pour les Blancs. Tout ce qui rend les Blancs confortables est suspect. Les victimes d&rsquo;oppressions racistes ont une exp\u00e9rience plus famili\u00e8re avec le syst\u00e8me de race que leurs oppresseurs. Cependant les professeurs blancs profitent d&rsquo;une plus grande l\u00e9gitimit\u00e9. La positionnalit\u00e9 doit donc \u00eatre discut\u00e9e. La r\u00e9sistance \u00e0 l\u2019\u00e9ducation antiraciste est pr\u00e9visible et nous devons y r\u00e9pondre de mani\u00e8re claire et strat\u00e9gique.\u00a0\u00bb<\/em><\/p>\n<p>Cette femme (qui vient de parler) est sp\u00e9cialiste de la blanchit\u00e9. Blanchit\u00e9 c&rsquo;est un peu comme le concept de masculinit\u00e9 toxique, c&rsquo;est quelque chose de malsain que vous portez en vous et qui est \u00e0 la fois l&rsquo;essence et la manifestation de votre privil\u00e8ge blanc.<br \/>\nEvergreen est une institution profond\u00e9ment lib\u00e9rale, anti-discrimination. C&rsquo;est dans son ADN. Il n&rsquo;y avait pas concr\u00e8tement de probl\u00e8mes de racisme \u00e0 la base. Sauf que l\u00e0, l&rsquo;\u00ab \u00e9quit\u00e9 \u00bb \u00e7a veut dire \u00ab\u00a0combattre le racisme\u00a0\u00bb. Comment on fait s&rsquo;il n&rsquo;y a pas de racisme ? Et bien on utilise <u>la magie du racisme syst\u00e9mique<\/u>.<br \/>\nLe racisme syst\u00e9mique c&rsquo;est une sorte de gaz : il est invisible, impalpable et il est absolument partout.<\/p>\n<p><a href=\"https:\/\/odysee.com\/@Salazar:1\/universit%C3%A9-Evergreen-racisme-anti-blanc-USA:6\" target=\"_blank\" rel=\"noopener\">https:\/\/odysee.com\/@Salazar:1\/universit%C3%A9-Evergreen-racisme-anti-blanc-USA:6<br \/>\n<\/a><a href=\"https:\/\/odysee.com\/@Salazar:1\/universit%C3%A9-Evergreen-racisme-anti-blanc-USA:6\" target=\"_blank\" rel=\"noopener\"><img loading=\"lazy\" decoding=\"async\" class=\"alignnone wp-image-4418 size-full\" src=\"https:\/\/claudinemarichal.be\/wp-content\/uploads\/2023\/04\/Evergreen.jpg\" alt=\"\" width=\"500\" height=\"281\" srcset=\"https:\/\/claudinemarichal.be\/wp-content\/uploads\/2023\/04\/Evergreen.jpg 500w, https:\/\/claudinemarichal.be\/wp-content\/uploads\/2023\/04\/Evergreen-300x169.jpg 300w\" sizes=\"auto, (max-width: 500px) 100vw, 500px\" \/><\/a><br \/>\n<br style=\"clear: both;\"><br style=\"clear: both;\"><br style=\"clear: both;\"><\/p>\n<p><strong>Ce professeur affirme que les Blancs qui traitent toutes les races sur un pied d&rsquo;\u00e9galit\u00e9 sont \u00ab dangereux \u00bb !<\/strong><\/p>\n<p>La conf\u00e9rence, intitul\u00e9e \u00ab Qu&rsquo;est-ce que cela signifie d&rsquo;\u00eatre blanc \u00bb, a \u00e9t\u00e9 donn\u00e9e par Robin DiAngelo, professeur \u00e0 l&rsquo;universit\u00e9 de Washington. Mme DiAngelo, qui, selon son site Internet, se sp\u00e9cialise dans les \u00ab \u00e9tudes sur la blanchit\u00e9\u00bb, a ajout\u00e9 que les personnes qui affirment qu&rsquo;on leur a appris \u00e0 traiter tout le monde de la m\u00eame fa\u00e7on nient les Noirs.<br \/>\nVoil\u00e0 comment on cr\u00e9e le raciste anti-Blancs !<\/p>\n<p><a href=\"https:\/\/www.youtube.com\/watch?v=HQ5fmzTBb6M\" target=\"_blank\" rel=\"noopener\">https:\/\/www.youtube.com\/watch?v=HQ5fmzTBb6M<br \/>\n<\/a><a href=\"https:\/\/www.youtube.com\/watch?v=HQ5fmzTBb6M\" target=\"_blank\" rel=\"noopener\"><img loading=\"lazy\" decoding=\"async\" class=\"alignnone wp-image-7246 size-full\" src=\"https:\/\/claudinemarichal.be\/wp-content\/uploads\/2019\/09\/Etudes-sur-la-blancheur.jpg\" alt=\"\" width=\"500\" height=\"566\" srcset=\"https:\/\/claudinemarichal.be\/wp-content\/uploads\/2019\/09\/Etudes-sur-la-blancheur.jpg 500w, https:\/\/claudinemarichal.be\/wp-content\/uploads\/2019\/09\/Etudes-sur-la-blancheur-265x300.jpg 265w\" sizes=\"auto, (max-width: 500px) 100vw, 500px\" \/><\/a><\/p>\n<p><br style=\"clear: both;\"><br style=\"clear: both;\"><br style=\"clear: both;\"><strong>Eminem : \u00ab\u00a0\u00catre blanc est tellement embarrassant. J&rsquo;ai envie de me suicider\u00a0\u00bb<\/strong> (2017) <span style=\"font-size: 20px;\">\ud83e\udd2a<\/span><\/p>\n<p><img loading=\"lazy\" decoding=\"async\" class=\"alignnone wp-image-5257 size-full\" src=\"https:\/\/claudinemarichal.be\/wp-content\/uploads\/2019\/09\/Eminem.jpg\" alt=\"\" width=\"500\" height=\"564\" srcset=\"https:\/\/claudinemarichal.be\/wp-content\/uploads\/2019\/09\/Eminem.jpg 500w, https:\/\/claudinemarichal.be\/wp-content\/uploads\/2019\/09\/Eminem-266x300.jpg 266w\" sizes=\"auto, (max-width: 500px) 100vw, 500px\" \/><\/p>\n<p><br style=\"clear: both;\"><br style=\"clear: both;\"><br style=\"clear: both;\"><\/p>\n<p><strong>Elle a honte d&rsquo;\u00eatre blanche !<\/strong><\/p>\n<p><img loading=\"lazy\" decoding=\"async\" class=\"alignnone wp-image-5537 size-full\" src=\"https:\/\/claudinemarichal.be\/wp-content\/uploads\/2019\/09\/Problematique.jpg\" alt=\"\" width=\"500\" height=\"721\" srcset=\"https:\/\/claudinemarichal.be\/wp-content\/uploads\/2019\/09\/Problematique.jpg 500w, https:\/\/claudinemarichal.be\/wp-content\/uploads\/2019\/09\/Problematique-208x300.jpg 208w\" sizes=\"auto, (max-width: 500px) 100vw, 500px\" \/><br \/>\n<br style=\"clear: both;\"><br style=\"clear: both;\"><br style=\"clear: both;\"><strong>Des gauchiasses baisent les pieds de Noirs de honte d&rsquo;\u00eatre blancs ! Bande de tar\u00e9s !<\/strong><\/p>\n<p><a href=\"https:\/\/x.com\/_Direct_News\/status\/1738597707613147328?s=20\" target=\"_blank\" rel=\"noopener\">https:\/\/x.com\/_Direct_News\/status\/1738597707613147328?s=20<br \/>\n<\/a><a href=\"https:\/\/x.com\/_Direct_News\/status\/1738597707613147328?s=20\" target=\"_blank\" rel=\"noopener\"><img loading=\"lazy\" decoding=\"async\" class=\"alignnone wp-image-5700 size-full\" src=\"https:\/\/claudinemarichal.be\/wp-content\/uploads\/2019\/09\/leche-bottes.jpg\" alt=\"\" width=\"500\" height=\"416\" srcset=\"https:\/\/claudinemarichal.be\/wp-content\/uploads\/2019\/09\/leche-bottes.jpg 500w, https:\/\/claudinemarichal.be\/wp-content\/uploads\/2019\/09\/leche-bottes-300x250.jpg 300w\" sizes=\"auto, (max-width: 500px) 100vw, 500px\" \/><\/a><br \/>\n<br style=\"clear: both;\"><br style=\"clear: both;\"><br style=\"clear: both;\"><\/p>\n<p><strong>\u00ab Manger de la viande est raciste et une expression de la supr\u00e9matie blanche \u00bb<\/strong> (30 janvier 2024)<\/p>\n<p>Discours de Carol J. Adams, \u00e9crivaine et militante f\u00e9ministe, au sein de l\u2019universit\u00e9 d\u2019Oxford :&nbsp;<br \/>\n\u00ab Notre blancheur fait partie du probl\u00e8me de la consommation de viande. \u00bb<br \/>\n\u00ab La consommation de viande est \u00e9galement l\u2019un des moyens par lesquels l\u2019oppression bas\u00e9e sur le genre se perp\u00e9tue. \u00bb<\/p>\n<p>On prend tous les quelques \u00e9l\u00e9ments de langage woke, on m\u00e9lange un bon coup et hop, \u00e7a fait un beau discours d\u00e9bile.<\/p>\n<p><a href=\"https:\/\/x.com\/BPartisans\/status\/1752325556694073734?s=20\" target=\"_blank\" rel=\"noopener\">https:\/\/x.com\/BPartisans\/status\/1752325556694073734?s=20<br \/>\n<\/a><a href=\"https:\/\/x.com\/BPartisans\/status\/1752325556694073734?s=20\" target=\"_blank\" rel=\"noopener\"><img loading=\"lazy\" decoding=\"async\" class=\"alignnone wp-image-5961 size-full\" src=\"https:\/\/claudinemarichal.be\/wp-content\/uploads\/2019\/09\/viande.jpg\" alt=\"\" width=\"500\" height=\"371\" srcset=\"https:\/\/claudinemarichal.be\/wp-content\/uploads\/2019\/09\/viande.jpg 500w, https:\/\/claudinemarichal.be\/wp-content\/uploads\/2019\/09\/viande-300x223.jpg 300w\" sizes=\"auto, (max-width: 500px) 100vw, 500px\" \/><\/a><br \/>\n<br style=\"clear: both;\"><br style=\"clear: both;\"><br style=\"clear: both;\"><strong>Privil\u00e8ge blanc, racisme syst\u00e9mique, blanchit\u00e9 : France TV sert la soupe aux indig\u00e9nistes <\/strong>(2019)<\/p>\n<p>Francetv a interview\u00e9 l\u2019acteur Matthieu Longatte, com\u00e9dien quelque peu connu pour ses vid\u00e9os acerbes diffus\u00e9es sur les r\u00e9seaux sociaux sous le nom de \u00ab Bonjour tristesse \u00bb et dans lesquelles il se veut critique de la vie politique fran\u00e7aise et l\u2019actualit\u00e9 en n\u2019\u00e9pargnant aucun sujet.<\/p>\n<p>\u00ab <em>Quand t\u2019es blanc, et que tu es un homme, en plus, tu es tr\u00e8s privil\u00e9gi\u00e9. Privil\u00e9gi\u00e9 par rapport \u00e0 quasiment tout. Le rapport aux institutions, notamment \u00e0 la police, le rapport au travail, parce qu\u2019on est clairement les seuls \u00e0 ne pas \u00eatre discrimin\u00e9s au travail ; le rapport \u00e0 la recherche de logement, o\u00f9, pareil, on n\u2019est les seuls \u00e0 ne pas \u00eatre discrimin\u00e9s du tout<\/em> \u00bb, explique l\u2019artiste de 32 ans.<\/p>\n<p><a href=\"https:\/\/www.valeursactuelles.com\/societe\/privilege-blanc-racisme-systemique-blanchite-france-tv-sert-la-soupe-aux-indigenistes\" target=\"_blank\" rel=\"noopener\">https:\/\/www.valeursactuelles.com\/societe\/privilege-blanc-racisme-systemique-blanchite-france-tv-sert-la-soupe-aux-indigenistes<br \/>\n<\/a><a href=\"https:\/\/www.valeursactuelles.com\/societe\/privilege-blanc-racisme-systemique-blanchite-france-tv-sert-la-soupe-aux-indigenistes\" target=\"_blank\" rel=\"noopener\"><img loading=\"lazy\" decoding=\"async\" class=\"alignnone wp-image-4419 size-full\" src=\"https:\/\/claudinemarichal.be\/wp-content\/uploads\/2023\/04\/France-TV.jpg\" alt=\"\" width=\"500\" height=\"350\" srcset=\"https:\/\/claudinemarichal.be\/wp-content\/uploads\/2023\/04\/France-TV.jpg 500w, https:\/\/claudinemarichal.be\/wp-content\/uploads\/2023\/04\/France-TV-300x210.jpg 300w\" sizes=\"auto, (max-width: 500px) 100vw, 500px\" \/><\/a><\/p>\n<p><br style=\"clear: both;\"><br style=\"clear: both;\"><br style=\"clear: both;\"><\/p>\n<p><strong>Le privil\u00e8ge blanc n&rsquo;existe pas, un regard inconfortable sur les faits et la v\u00e9rit\u00e9<\/strong> (White Privilege Isn&rsquo;t Real, an uncomfortable look at the facts and the truth) (f\u00e9vrier 2023)<\/p>\n<p>Statistiques sur la criminalit\u00e9 des Noirs et des Blancs<br \/>\nLe mythe du privil\u00e8ge blanc veut que les Noirs soient arr\u00eat\u00e9s et incarc\u00e9r\u00e9s en plus grand nombre en raison du racisme syst\u00e9mique qui existe au sein des forces de l&rsquo;ordre et des tribunaux. Cependant, le privil\u00e8ge blanc n&rsquo;existe pas et nous allons prouver que le racisme institutionnel n&rsquo;en est pas la cause, mais que l&rsquo;effondrement de la cellule familiale et les personnes non \u00e9duqu\u00e9es qui font de mauvais choix de vie sont les v\u00e9ritables causes du probl\u00e8me.<\/p>\n<p>Conclusions :<br \/>\n&#8211; C&rsquo;est une v\u00e9rit\u00e9 qui met mal \u00e0 l&rsquo;aise, mais les Noirs commettent presque trois fois plus de crimes que les Blancs.<br \/>\n&#8211; Les Noirs commettent 36 % des crimes violents aux \u00c9tats-Unis alors qu&rsquo;ils ne repr\u00e9sentent que 13 % de la population.<br \/>\n&#8211; En Angleterre, les Noirs commettent pr\u00e8s de trois fois plus de crimes que les Blancs.<br \/>\n&#8211; La parit\u00e9 des taux de criminalit\u00e9 noire aux \u00c9tats-Unis et au Royaume-Uni prouve qu&rsquo;il n&rsquo;y a pas de pr\u00e9jug\u00e9s raciaux syst\u00e9miques ou institutionnels aux \u00c9tats-Unis et que le syst\u00e8me judiciaire ne cible pas injustement les Noirs.<br \/>\n&#8211; Il n&rsquo;y a pas de racisme syst\u00e9mique dans le syst\u00e8me judiciaire am\u00e9ricain.<br \/>\n&#8211; Il n&rsquo;y a pas de pr\u00e9jug\u00e9s raciaux qui ciblent injustement des Noirs innocents dans le syst\u00e8me p\u00e9nal am\u00e9ricain.<\/p>\n<p><a href=\"https:\/\/whiteprivilegeisntreal.org\/black-vs-white-crime-statistics\/\" target=\"_blank\" rel=\"noopener\">https:\/\/whiteprivilegeisntreal.org\/black-vs-white-crime-statistics\/<br \/>\n<\/a><a href=\"https:\/\/whiteprivilegeisntreal.org\/black-vs-white-crime-statistics\/\" target=\"_blank\" rel=\"noopener\"><img loading=\"lazy\" decoding=\"async\" class=\"alignnone wp-image-4427 size-full\" src=\"https:\/\/claudinemarichal.be\/wp-content\/uploads\/2023\/04\/Prison.jpg\" alt=\"\" width=\"500\" height=\"307\" srcset=\"https:\/\/claudinemarichal.be\/wp-content\/uploads\/2023\/04\/Prison.jpg 500w, https:\/\/claudinemarichal.be\/wp-content\/uploads\/2023\/04\/Prison-300x184.jpg 300w\" sizes=\"auto, (max-width: 500px) 100vw, 500px\" \/><\/a><\/p>\n<p><br style=\"clear: both;\"><br style=\"clear: both;\"><br style=\"clear: both;\"><\/p>\n<p><strong>Le maire le plus raciste et le plus clivant de l&rsquo;histoire de Londres <\/strong><\/p>\n<p>Sadiq Khan : \u00ab Il y a trop d&rsquo;hommes blancs dans les transports londoniens. \u00bb<\/p>\n<p><img loading=\"lazy\" decoding=\"async\" class=\"alignnone wp-image-7492 size-full\" src=\"https:\/\/claudinemarichal.be\/wp-content\/uploads\/2019\/09\/Invasion-islam-Sadiq-Khan.jpg\" alt=\"\" width=\"500\" height=\"367\" srcset=\"https:\/\/claudinemarichal.be\/wp-content\/uploads\/2019\/09\/Invasion-islam-Sadiq-Khan.jpg 500w, https:\/\/claudinemarichal.be\/wp-content\/uploads\/2019\/09\/Invasion-islam-Sadiq-Khan-300x220.jpg 300w\" sizes=\"auto, (max-width: 500px) 100vw, 500px\" \/><\/p>\n<p><br style=\"clear: both;\"><br style=\"clear: both;\"><br style=\"clear: both;\"><strong>Des coups de couteau parce que blanc ! <\/strong>(22 d\u00e9cembre 2025)<\/p>\n<p><a href=\"https:\/\/x.com\/FranceSouvUnie\/status\/2003222720910426539?s=20\" target=\"_blank\" rel=\"noopener\">https:\/\/x.com\/FranceSouvUnie\/status\/2003222720910426539?s=20<br \/>\n<\/a><a href=\"https:\/\/x.com\/FranceSouvUnie\/status\/2003222720910426539?s=20\" target=\"_blank\" rel=\"noopener\"><img loading=\"lazy\" decoding=\"async\" class=\"alignnone wp-image-8031 size-full\" src=\"https:\/\/claudinemarichal.be\/wp-content\/uploads\/2019\/09\/FranceUnie.jpg\" alt=\"\" width=\"500\" height=\"476\" srcset=\"https:\/\/claudinemarichal.be\/wp-content\/uploads\/2019\/09\/FranceUnie.jpg 500w, https:\/\/claudinemarichal.be\/wp-content\/uploads\/2019\/09\/FranceUnie-300x286.jpg 300w\" sizes=\"auto, (max-width: 500px) 100vw, 500px\" \/><\/a><\/p>\n<p><br style=\"clear: both;\"><br style=\"clear: both;\"><br style=\"clear: both;\"><\/p>\n<p><strong>Le candidat d\u00e9mocrate \u00e0 la mairie de New-York veut augmenter les taxes sur les Blancs<\/strong> (juin 2025)<\/p>\n<p>Mamdani estime que les \u00ab quartiers blancs \u00bb devraient payer des taxes fonci\u00e8res plus \u00e9lev\u00e9es.<\/p>\n<p><img loading=\"lazy\" decoding=\"async\" class=\"alignnone wp-image-7345 size-full\" src=\"https:\/\/claudinemarichal.be\/wp-content\/uploads\/2019\/09\/Maire-N-Y.jpg\" alt=\"\" width=\"500\" height=\"552\" srcset=\"https:\/\/claudinemarichal.be\/wp-content\/uploads\/2019\/09\/Maire-N-Y.jpg 500w, https:\/\/claudinemarichal.be\/wp-content\/uploads\/2019\/09\/Maire-N-Y-272x300.jpg 272w\" sizes=\"auto, (max-width: 500px) 100vw, 500px\" \/><br \/>\n<br style=\"clear: both;\"><br style=\"clear: both;\"><br style=\"clear: both;\"><strong>\u00ab\u00a089% des Noirs sont tu\u00e9s par des Noirs, 7% par des Blancs dont seulement 1% sont des policiers.\u00a0\u00bb <\/strong><\/p>\n<p>\u00ab\u00a0Les m\u00e9dias, les lib\u00e9raux ne veulent pas que vous le sachiez parce qu&rsquo;ils veulent que vous vous concentriez sur les 1% au lieu de se concentrer sur les 89 %. Et ils veulent que vous croyiez qu&rsquo;ils sont de votre c\u00f4t\u00e9 alors qu&rsquo;ils ne le sont pas. Ils veulent que vous vous concentriez sur les Blancs au lieu de nous-m\u00eames. [&#8230;]\u00a0\u00bb<\/p>\n<blockquote class=\"twitter-tweet\" data-width=\"550\" data-dnt=\"true\">\n<p lang=\"fr\" dir=\"ltr\">Si tu es une pilule bleue et que tu me suis, attach\u00e9 ta ceinture parce que tous tes rep\u00e8res vont \u00eatre balay\u00e9s.<\/p>\n<p>UNE V\u00c9RIT\u00c9 TR\u00c8S INCONFORTABLE T\u2019ATTENDS DANS LA VID\u00c9O CI DESSOUS <a href=\"https:\/\/t.co\/Oq6luL47aM\">pic.twitter.com\/Oq6luL47aM<\/a><\/p>\n<p>&mdash; Black Bond PTV (@BlackBondPtv) <a href=\"https:\/\/twitter.com\/BlackBondPtv\/status\/1657327502543540224?ref_src=twsrc%5Etfw\">May 13, 2023<\/a><\/p><\/blockquote>\n<p><script async src=\"https:\/\/platform.twitter.com\/widgets.js\" charset=\"utf-8\"><\/script><\/p>\n<p><img loading=\"lazy\" decoding=\"async\" class=\"alignnone wp-image-4628 size-full\" src=\"https:\/\/claudinemarichal.be\/wp-content\/uploads\/2019\/09\/89.jpg\" alt=\"\" width=\"500\" height=\"454\" srcset=\"https:\/\/claudinemarichal.be\/wp-content\/uploads\/2019\/09\/89.jpg 500w, https:\/\/claudinemarichal.be\/wp-content\/uploads\/2019\/09\/89-300x272.jpg 300w\" sizes=\"auto, (max-width: 500px) 100vw, 500px\" \/><br \/>\n<br style=\"clear: both;\"><br style=\"clear: both;\"><br style=\"clear: both;\"><strong>BIDEN: \u00ab\u00a0La menace terroriste la plus dangereuse pour notre patrie est la supr\u00e9matie blanche, et je ne dis pas cela parce que je suis dans une HBCU noire\u00a0\u00bb <\/strong>(mai 2023)<\/p>\n<p>(HBCU = Historically black colleges and universities : coll\u00e8ges et universit\u00e9s historiquement noirs)<\/p>\n<p><a href=\"https:\/\/odysee.com\/@Miniver:4\/JoeS:a\" target=\"_blank\" rel=\"noopener\">https:\/\/odysee.com\/@Miniver:4\/JoeS:a<\/a><br \/>\n<a href=\"https:\/\/camerounactuel.com\/biden-qualifie-la-suprematie-blanche-de-menace-terroriste-la-plus-dangereuse-dans-un-discours-a-howard\/\" target=\"_blank\" rel=\"noopener\">https:\/\/camerounactuel.com\/biden-qualifie-la-suprematie-blanche-de-menace-terroriste-la-plus-dangereuse-dans-un-discours-a-howard\/<br \/>\n<img loading=\"lazy\" decoding=\"async\" class=\"alignnone wp-image-4622 size-full\" src=\"https:\/\/claudinemarichal.be\/wp-content\/uploads\/2019\/09\/Biden.jpg\" alt=\"\" width=\"500\" height=\"233\" srcset=\"https:\/\/claudinemarichal.be\/wp-content\/uploads\/2019\/09\/Biden.jpg 500w, https:\/\/claudinemarichal.be\/wp-content\/uploads\/2019\/09\/Biden-300x140.jpg 300w\" sizes=\"auto, (max-width: 500px) 100vw, 500px\" \/><\/a><br \/>\n<br style=\"clear: both;\"><br style=\"clear: both;\"><br style=\"clear: both;\"><strong>La propagande des bobo-indig\u00e9nistes contre les Blancs <\/strong>(octobre 2020)<\/p>\n<p>\u00ab&nbsp;Nous devons r\u00e9agir \u00e0 cette avalanche de haine et de m\u00e9pris, venue des universit\u00e9s am\u00e9ricaines et reprise \u00e0 son compte par l\u2019extr\u00eame gauche, complice des d\u00e9glingo-indig\u00e9nistes, des racialistes et des transgenres.&nbsp;\u00bb<\/p>\n<p>\u00ab&nbsp;Le nouvel antiracisme exacerbe les identit\u00e9s, se focalise sur la couleur de peau et va m\u00eame jusqu\u2019\u00e0 ressusciter le concept de race que l\u2019on croyait aboli, cr\u00e9ant ainsi les conditions d\u2019un nouvel apartheid anti-blanc pour c\u00e9l\u00e9brer les couleurs de peau notamment les peaux m\u00e9tiss\u00e9es en leur attribuant toutes les vertus.<\/p>\n<p>Pour la gauche d\u00e9glingo-racialiste identitaire, il faut d\u00e9coloniser les pays occidentaux de l\u2019int\u00e9rieur, les d\u00e9barrasser de leurs pr\u00e9jug\u00e9s historiques et culturels, lesquels enfermeraient les enfants de l\u2019immigration ou les descendants d\u2019esclaves dans un statut d\u2019inf\u00e9riorit\u00e9. C\u2019est ce qu\u2019on appelle \u201cla culture de l\u2019effacement\u201c, autrement dit l\u2019effacement de la culture et de l\u2019histoire occidentale au nom de l\u2019utopie multiculturelle.&nbsp;\u00bb<\/p>\n<p><a href=\"https:\/\/ripostelaique.com\/discrimination-la-propagande-des-bobo-indigenistes-contre-les-blancs.html\" target=\"_blank\" rel=\"noopener\">https:\/\/ripostelaique.com\/discrimination-la-propagande-des-bobo-indigenistes-contre-les-blancs.html<br \/>\n<\/a><a href=\"https:\/\/ripostelaique.com\/discrimination-la-propagande-des-bobo-indigenistes-contre-les-blancs.html\" target=\"_blank\" rel=\"noopener\"><img loading=\"lazy\" decoding=\"async\" class=\"alignnone wp-image-4420 size-full\" src=\"https:\/\/claudinemarichal.be\/wp-content\/uploads\/2023\/04\/Riposte-laique.jpg\" alt=\"\" width=\"500\" height=\"268\" srcset=\"https:\/\/claudinemarichal.be\/wp-content\/uploads\/2023\/04\/Riposte-laique.jpg 500w, https:\/\/claudinemarichal.be\/wp-content\/uploads\/2023\/04\/Riposte-laique-300x161.jpg 300w\" sizes=\"auto, (max-width: 500px) 100vw, 500px\" \/><\/a><\/p>\n<p><br style=\"clear: both;\"><br style=\"clear: both;\"><br style=\"clear: both;\"><strong>L&rsquo;antiracisme raciste impuni<\/strong><\/p>\n<p><a href=\"https:\/\/twitter.com\/GWGoldnadel\/status\/1661291156230029312?s=20\" target=\"_blank\" rel=\"noopener\">https:\/\/twitter.com\/GWGoldnadel\/status\/1661291156230029312?s=20<br \/>\n<img loading=\"lazy\" decoding=\"async\" class=\"alignnone wp-image-4679 size-full\" src=\"https:\/\/claudinemarichal.be\/wp-content\/uploads\/2019\/09\/Goldanel.jpg\" alt=\"\" width=\"500\" height=\"539\" srcset=\"https:\/\/claudinemarichal.be\/wp-content\/uploads\/2019\/09\/Goldanel.jpg 500w, https:\/\/claudinemarichal.be\/wp-content\/uploads\/2019\/09\/Goldanel-278x300.jpg 278w\" sizes=\"auto, (max-width: 500px) 100vw, 500px\" \/><\/a><\/p>\n<p><br style=\"clear: both;\"><br style=\"clear: both;\"><br style=\"clear: both;\"><strong>Racisme anti-Blancs affich\u00e9 sans complexe !<\/strong><\/p>\n<p>L\u2019actrice de \u00ab\u00a0La Chronique des Bridgerton\u00a0\u00bb, Adjoa Andoh (dont le p\u00e8re est d\u2019origine ghan\u00e9enne), a laiss\u00e9 ses coll\u00e8gues d\u2019ITV stup\u00e9faits hier lorsqu\u2019elle a d\u00e9sign\u00e9 le balcon du palais de Buckingham comme \u00e9tant \u201cterriblement blanc\u201d au cours de la couverture en direct du couronnement. (mai 2023)<\/p>\n<p><img loading=\"lazy\" decoding=\"async\" class=\"alignnone wp-image-4596 size-full\" src=\"https:\/\/claudinemarichal.be\/wp-content\/uploads\/2019\/09\/Charles-3.jpg\" alt=\"\" width=\"500\" height=\"447\" srcset=\"https:\/\/claudinemarichal.be\/wp-content\/uploads\/2019\/09\/Charles-3.jpg 500w, https:\/\/claudinemarichal.be\/wp-content\/uploads\/2019\/09\/Charles-3-300x268.jpg 300w\" sizes=\"auto, (max-width: 500px) 100vw, 500px\" \/><\/p>\n<p><br style=\"clear: both;\"><br style=\"clear: both;\"><br style=\"clear: both;\"><\/p>\n<p><strong>Les grandes entreprises mondiales d\u00e9testent les Blancs. Ce sont de v\u00e9ritables racistes.<\/strong><\/p>\n<p>D\u00e9truire l&rsquo;homme blanc h\u00e9t\u00e9rosexuel, c&rsquo;est un des objectifs du <a href=\"https:\/\/claudinemarichal.be\/?p=3970\">wokisme<\/a>, et donc de l&rsquo;Etat Profond.<\/p>\n<p><a href=\"https:\/\/x.com\/RadioGenoa\/status\/1751609269818961943?s=20\" target=\"_blank\" rel=\"noopener\">https:\/\/x.com\/RadioGenoa\/status\/1751609269818961943?s=20<br \/>\n<\/a><a href=\"https:\/\/x.com\/RadioGenoa\/status\/1751609269818961943?s=20\" target=\"_blank\" rel=\"noopener\"><img loading=\"lazy\" decoding=\"async\" class=\"alignnone wp-image-5951 size-full\" src=\"https:\/\/claudinemarichal.be\/wp-content\/uploads\/2019\/09\/Pubs.jpg\" alt=\"\" width=\"500\" height=\"281\" srcset=\"https:\/\/claudinemarichal.be\/wp-content\/uploads\/2019\/09\/Pubs.jpg 500w, https:\/\/claudinemarichal.be\/wp-content\/uploads\/2019\/09\/Pubs-300x169.jpg 300w\" sizes=\"auto, (max-width: 500px) 100vw, 500px\" \/><\/a><\/p>\n<p><br style=\"clear: both;\"><br style=\"clear: both;\"><br style=\"clear: both;\"><\/p>\n<p><img loading=\"lazy\" decoding=\"async\" class=\"alignnone wp-image-5434 size-full\" src=\"https:\/\/claudinemarichal.be\/wp-content\/uploads\/2019\/09\/Le-Monde.jpg\" alt=\"\" width=\"500\" height=\"380\" srcset=\"https:\/\/claudinemarichal.be\/wp-content\/uploads\/2019\/09\/Le-Monde.jpg 500w, https:\/\/claudinemarichal.be\/wp-content\/uploads\/2019\/09\/Le-Monde-300x228.jpg 300w\" sizes=\"auto, (max-width: 500px) 100vw, 500px\" \/><\/p>\n<p><br style=\"clear: both;\"><br style=\"clear: both;\"><br style=\"clear: both;\"><strong>\u00ab\u00a0Ce pays ne va pas \u00eatre celui des Blancs\u00a0\u00bb<\/strong><\/p>\n<p>Ilhan Omar, somalienne (!), est une femme politique am\u00e9ricaine, membre du Parti d\u00e9mocrate et repr\u00e9sentante du Minnesota au Congr\u00e8s des \u00c9tats-Unis.<\/p>\n<p><img loading=\"lazy\" decoding=\"async\" class=\"alignnone wp-image-7269 size-full\" src=\"https:\/\/claudinemarichal.be\/wp-content\/uploads\/2019\/09\/Ilhan-Omar.jpg\" alt=\"\" width=\"500\" height=\"570\" srcset=\"https:\/\/claudinemarichal.be\/wp-content\/uploads\/2019\/09\/Ilhan-Omar.jpg 500w, https:\/\/claudinemarichal.be\/wp-content\/uploads\/2019\/09\/Ilhan-Omar-263x300.jpg 263w\" sizes=\"auto, (max-width: 500px) 100vw, 500px\" \/><\/p>\n<p><br style=\"clear: both;\"><br style=\"clear: both;\"><br style=\"clear: both;\"><\/p>\n<p><strong>\u00ab\u00a0Tous les Blancs sont racistes\u00a0\u00bb<\/strong><\/p>\n<p>Cette animatrice dit devant un public :<br \/>\n\u00ab Vous serez toujours racistes, en fait. Les Blancs sont n\u00e9s pour ne pas \u00eatre humains. Et c&rsquo;est ce qu&rsquo;on vous apprend \u00e0 faire, \u00e0 \u00eatre des d\u00e9mons. \u00bb<\/p>\n<p><img loading=\"lazy\" decoding=\"async\" class=\"alignnone wp-image-6810 size-full\" src=\"https:\/\/claudinemarichal.be\/wp-content\/uploads\/2019\/09\/All-white-people-are-racist.jpg\" alt=\"\" width=\"500\" height=\"582\" srcset=\"https:\/\/claudinemarichal.be\/wp-content\/uploads\/2019\/09\/All-white-people-are-racist.jpg 500w, https:\/\/claudinemarichal.be\/wp-content\/uploads\/2019\/09\/All-white-people-are-racist-258x300.jpg 258w\" sizes=\"auto, (max-width: 500px) 100vw, 500px\" \/><br \/>\n<a href=\"https:\/\/x.com\/Zubi_Freeman\/status\/1858725422416228780\" target=\"_blank\" rel=\"noopener\">https:\/\/x.com\/Zubi_Freeman\/status\/1858725422416228780<\/a><\/p>\n<p><br style=\"clear: both;\"><br style=\"clear: both;\"><br style=\"clear: both;\"><\/p>\n<p><strong>Ils ne sont jamais inqui\u00e9t\u00e9s pour racisme et appel \u00e0 la haine ! \u00c9tonnant, non ?<\/strong><\/p>\n<p><img loading=\"lazy\" decoding=\"async\" class=\"alignnone wp-image-4639 size-full\" src=\"https:\/\/claudinemarichal.be\/wp-content\/uploads\/2019\/09\/Gazer.jpg\" alt=\"\" width=\"500\" height=\"367\" srcset=\"https:\/\/claudinemarichal.be\/wp-content\/uploads\/2019\/09\/Gazer.jpg 500w, https:\/\/claudinemarichal.be\/wp-content\/uploads\/2019\/09\/Gazer-300x220.jpg 300w\" sizes=\"auto, (max-width: 500px) 100vw, 500px\" \/><\/p>\n<p><br style=\"clear: both;\"><br style=\"clear: both;\"><br style=\"clear: both;\"><strong>T\u00e9moignage d&rsquo;un ancien de SOS Racisme<\/strong><\/p>\n<p>Il explique le fonctionnement ultra-raciste et anti-fran\u00e7ais de l&rsquo;organisation. Un arabe se fait regarder de travers par un blanc : il faut faire mousser l&rsquo;affaire. Un blanc se fait tabasser par un arabe : motus.<\/p>\n<p><a href=\"https:\/\/x.com\/Resistferendum\/status\/1731286576078979543\" target=\"_blank\" rel=\"noopener\">https:\/\/x.com\/Resistferendum\/status\/1731286576078979543<br \/>\n<\/a><a href=\"https:\/\/x.com\/Resistferendum\/status\/1731286576078979543\" target=\"_blank\" rel=\"noopener\"><img loading=\"lazy\" decoding=\"async\" class=\"alignnone wp-image-6661 size-full\" src=\"https:\/\/claudinemarichal.be\/wp-content\/uploads\/2019\/09\/SOS-Racisme.jpg\" alt=\"\" width=\"500\" height=\"281\" srcset=\"https:\/\/claudinemarichal.be\/wp-content\/uploads\/2019\/09\/SOS-Racisme.jpg 500w, https:\/\/claudinemarichal.be\/wp-content\/uploads\/2019\/09\/SOS-Racisme-300x169.jpg 300w\" sizes=\"auto, (max-width: 500px) 100vw, 500px\" \/><\/a><\/p>\n<p><br style=\"clear: both;\"><br style=\"clear: both;\"><br style=\"clear: both;\"><strong>Le racisme d\u00e9complex\u00e9 ! <\/strong> (novembre 2023)<\/p>\n<p>L\u00e9onora Miano : \u00ab La blanchit\u00e9 a l\u00e9gitim\u00e9 la violence et la pr\u00e9dation \u00bb.<br \/>\nRomanci\u00e8re, essayiste, prix M\u00e9dicis en 2013, L\u00e9onora Miano s\u2019interroge dans son nouveau livre sur ce qu\u2019elle nomme \u00ab le probl\u00e8me blanc \u00bb et la blanchit\u00e9.<\/p>\n<p><a href=\"https:\/\/www.mediapart.fr\/journal\/culture-et-idees\/021123\/leonora-miano-la-blanchite-legitime-la-violence-et-la-predation#at_medium=custom7&amp;at_campaign=1047\" target=\"_blank\" rel=\"noopener\">https:\/\/www.mediapart.fr\/journal\/culture-et-idees\/021123\/leonora-miano-la-blanchite-legitime-la-violence-et-la-predation#at_medium=custom7&amp;at_campaign=1047<br \/>\n<\/a><a href=\"https:\/\/www.mediapart.fr\/journal\/culture-et-idees\/021123\/leonora-miano-la-blanchite-legitime-la-violence-et-la-predation#at_medium=custom7&amp;at_campaign=1047\" target=\"_blank\" rel=\"noopener\"><img loading=\"lazy\" decoding=\"async\" class=\"alignnone wp-image-5454 size-full\" src=\"https:\/\/claudinemarichal.be\/wp-content\/uploads\/2019\/09\/racisme-decomplexe.jpg\" alt=\"\" width=\"500\" height=\"281\" srcset=\"https:\/\/claudinemarichal.be\/wp-content\/uploads\/2019\/09\/racisme-decomplexe.jpg 500w, https:\/\/claudinemarichal.be\/wp-content\/uploads\/2019\/09\/racisme-decomplexe-300x169.jpg 300w\" sizes=\"auto, (max-width: 500px) 100vw, 500px\" \/><\/a><br \/>\n<br style=\"clear: both;\"><br style=\"clear: both;\"><br style=\"clear: both;\"><strong>Un adolescent blanc pass\u00e9 \u00e0 tabac par des \u00ab\u00a0racis\u00e9s\u00a0\u00bb <\/strong><\/p>\n<p>Des vid\u00e9os comme celle-l\u00e0, il y en a \u00e0 la pelle sur les r\u00e9seaux sociaux, mais je n&rsquo;en publierai qu&rsquo;une. Bien s\u00fbr, silence radio dans les m\u00e9dias mainstream sur toutes ces agressions. Il faut continuer \u00e0 v\u00e9hiculer la croyance que le racisme anti-Blancs n&rsquo;existe pas !<\/p>\n<p><a href=\"https:\/\/x.com\/JRochedy\/status\/1682013183073038339?s=20\" target=\"_blank\" rel=\"noopener\">https:\/\/x.com\/JRochedy\/status\/1682013183073038339?s=20<br \/>\n<\/a><a href=\"https:\/\/x.com\/JRochedy\/status\/1682013183073038339?s=20\" target=\"_blank\" rel=\"noopener\"><img loading=\"lazy\" decoding=\"async\" class=\"alignnone wp-image-6041 size-full\" src=\"https:\/\/claudinemarichal.be\/wp-content\/uploads\/2019\/09\/Passage-a-tabac.jpg\" alt=\"\" width=\"500\" height=\"635\" srcset=\"https:\/\/claudinemarichal.be\/wp-content\/uploads\/2019\/09\/Passage-a-tabac.jpg 500w, https:\/\/claudinemarichal.be\/wp-content\/uploads\/2019\/09\/Passage-a-tabac-236x300.jpg 236w\" sizes=\"auto, (max-width: 500px) 100vw, 500px\" \/><\/a><\/p>\n<p><br style=\"clear: both;\"><br style=\"clear: both;\"><br style=\"clear: both;\"><strong>Frapper par racisme anti-Blancs<\/strong><\/p>\n<p>Cette vid\u00e9o r\u00e9sume parfaitement l&rsquo;\u00e9tat actuel de l&rsquo;Am\u00e9rique (et de l&rsquo;Occident).<br \/>\nLes Blancs essaient de se m\u00ealer de leurs propres affaires, mais leur plus grande force leur apporte l&rsquo;enrichissement qu&rsquo;ils ne savaient pas qu&rsquo;ils avaient demand\u00e9, par derri\u00e8re n\u00e9anmoins. Personne n&rsquo;a demand\u00e9 cela.<\/p>\n<p><a href=\"https:\/\/x.com\/iamyesyouareno\/status\/1814554239391179069\" target=\"_blank\" rel=\"noopener\">https:\/\/x.com\/iamyesyouareno\/status\/1814554239391179069<\/a><br \/>\n<img loading=\"lazy\" decoding=\"async\" class=\"alignnone wp-image-6472 size-full\" src=\"https:\/\/claudinemarichal.be\/wp-content\/uploads\/2019\/09\/femme-frappee.jpg\" alt=\"\" width=\"500\" height=\"490\" srcset=\"https:\/\/claudinemarichal.be\/wp-content\/uploads\/2019\/09\/femme-frappee.jpg 500w, https:\/\/claudinemarichal.be\/wp-content\/uploads\/2019\/09\/femme-frappee-300x294.jpg 300w, https:\/\/claudinemarichal.be\/wp-content\/uploads\/2019\/09\/femme-frappee-75x75.jpg 75w\" sizes=\"auto, (max-width: 500px) 100vw, 500px\" \/><br \/>\n<br style=\"clear: both;\"><br style=\"clear: both;\"><br style=\"clear: both;\"><\/p>\n<p><strong>Royaume-Uni : viol\u00e9e et exploit\u00e9e sexuellement par des Pakistanais, la victime est d\u00e9sormais la cible de l\u2019extr\u00eame-gauche et d\u2019universitaires f\u00e9ministes<\/strong> (2020)<\/p>\n<p>Une femme qui r\u00e9v\u00e8le avoir \u00e9t\u00e9 viol\u00e9e collectivement et battue plus d\u2019une centaine de fois par un groupe d\u2019hommes pakistanais dans le Yorkshire a r\u00e9v\u00e9l\u00e9 qu\u2019elle fait toujours face \u00e0 attaques racistes en ligne.<br \/>\nElle a d\u00e9clar\u00e9 : \u00abSur Twitter, je suis victime d\u2019abus de la part de radicaux d\u2019extr\u00eame gauche et d\u2019universitaires f\u00e9ministes radicales.\u00bb<br \/>\n\u201cIl y a un groupe qui agit en ligne et essaie de r\u00e9agir face \u00e0 tout ce qu\u2019ils consid\u00e8rent comme \u00e9tant nazi, supr\u00e9maciste blanc, raciste, fasciste ou blanc. Ils ne se soucient pas du racisme anti-blancs, car ils semblent croire qu\u2019il n\u2019existe pas.\u201d<\/p>\n<p><a href=\"https:\/\/www.fdesouche.com\/2020\/05\/14\/royaume-uni-violee-et-exploitee-sexuellement-par-des-pakistanais-la-victime-est-desormais-la-cible-de-lextreme-gauche-et-duniversitaires-feministes\/\" target=\"_blank\" rel=\"noopener\">https:\/\/www.fdesouche.com\/2020\/05\/14\/royaume-uni-violee-et-exploitee-sexuellement-par-des-pakistanais-la-victime-est-desormais-la-cible-de-lextreme-gauche-et-duniversitaires-feministes\/<br \/>\n<\/a><a href=\"https:\/\/www.fdesouche.com\/2020\/05\/14\/royaume-uni-violee-et-exploitee-sexuellement-par-des-pakistanais-la-victime-est-desormais-la-cible-de-lextreme-gauche-et-duniversitaires-feministes\/\" target=\"_blank\" rel=\"noopener\"><img loading=\"lazy\" decoding=\"async\" class=\"alignnone wp-image-6964 size-full\" src=\"https:\/\/claudinemarichal.be\/wp-content\/uploads\/2019\/09\/Pakistanais-UK.jpg\" alt=\"\" width=\"500\" height=\"265\" srcset=\"https:\/\/claudinemarichal.be\/wp-content\/uploads\/2019\/09\/Pakistanais-UK.jpg 500w, https:\/\/claudinemarichal.be\/wp-content\/uploads\/2019\/09\/Pakistanais-UK-300x159.jpg 300w\" sizes=\"auto, (max-width: 500px) 100vw, 500px\" \/><\/a><br \/>\nPendant 25 ans, 250 000 fillettes anglaises ont \u00e9t\u00e9 viol\u00e9es par des gangs pakistanais parce que \u00ab blanches et impures \u00bb, soit plus d\u2019un viol par heure sur toute cette dur\u00e9e.<br \/>\nLes m\u00e9dias et la police ont ferm\u00e9 les yeux de peur d&rsquo;attiser le racisme.<br \/>\nAucun tweet de la gauche.<br \/>\n<br style=\"clear: both;\"><br style=\"clear: both;\"><br style=\"clear: both;\"><\/p>\n<p><strong>Royaume-Uni : discrimination positive (= racisme) au d\u00e9triment des Blancs <\/strong>(2025)<\/p>\n<p><img loading=\"lazy\" decoding=\"async\" class=\"alignnone wp-image-7149 size-full\" src=\"https:\/\/claudinemarichal.be\/wp-content\/uploads\/2019\/09\/UK-candidatures.jpg\" alt=\"\" width=\"500\" height=\"567\" srcset=\"https:\/\/claudinemarichal.be\/wp-content\/uploads\/2019\/09\/UK-candidatures.jpg 500w, https:\/\/claudinemarichal.be\/wp-content\/uploads\/2019\/09\/UK-candidatures-265x300.jpg 265w\" sizes=\"auto, (max-width: 500px) 100vw, 500px\" \/><\/p>\n<p><br style=\"clear: both;\"><br style=\"clear: both;\"><br style=\"clear: both;\"><\/p>\n<p><strong>C&rsquo;est \u00e0 peine exag\u00e9r\u00e9 !<\/strong><\/p>\n<p><img loading=\"lazy\" decoding=\"async\" class=\"alignnone wp-image-6969 size-full\" src=\"https:\/\/claudinemarichal.be\/wp-content\/uploads\/2019\/09\/Dessin-500dpi.jpg\" alt=\"\" width=\"500\" height=\"538\" srcset=\"https:\/\/claudinemarichal.be\/wp-content\/uploads\/2019\/09\/Dessin-500dpi.jpg 500w, https:\/\/claudinemarichal.be\/wp-content\/uploads\/2019\/09\/Dessin-500dpi-279x300.jpg 279w\" sizes=\"auto, (max-width: 500px) 100vw, 500px\" \/><\/p>\n<p><br style=\"clear: both;\"><br style=\"clear: both;\"><br style=\"clear: both;\"><strong>Encore une qui propage la haine en faisant des accusations aberrantes<\/strong><\/p>\n<p>Jane Fonda accuse les \u00ab\u00a0hommes blancs\u00a0\u00bb d&rsquo;\u00eatre responsables de la crise climatique et appelle \u00e0 les \u00ab\u00a0arr\u00eater et \u00e0 les emprisonner\u00a0\u00bb.<br \/>\nJane Fonda a d\u00e9clar\u00e9 que la crise climatique cesserait d&rsquo;exister sans le racisme et le patriarcat.<br \/>\nElle explique son activisme social et pourquoi \u00ab\u00a0il n&rsquo;y aurait pas de crise climatique s&rsquo;il n&rsquo;y avait pas de racisme\u00a0\u00bb lors d&rsquo;une apparition au \u00ab\u00a0Kelly Clarkson Show\u00a0\u00bb.<\/p>\n<p><img loading=\"lazy\" decoding=\"async\" class=\"alignnone wp-image-4696 size-full\" src=\"https:\/\/claudinemarichal.be\/wp-content\/uploads\/2019\/09\/Jane-Fonda.jpg\" alt=\"\" width=\"500\" height=\"922\" srcset=\"https:\/\/claudinemarichal.be\/wp-content\/uploads\/2019\/09\/Jane-Fonda.jpg 500w, https:\/\/claudinemarichal.be\/wp-content\/uploads\/2019\/09\/Jane-Fonda-163x300.jpg 163w\" sizes=\"auto, (max-width: 500px) 100vw, 500px\" \/><\/p>\n<p><br style=\"clear: both;\"><br style=\"clear: both;\"><br style=\"clear: both;\"><strong>\u00ab Bien s\u00fbr que \u00e7a existe \u00bb : la ministre Na\u00efma Moutchou brise un tabou sur le racisme anti-Blancs <\/strong>(f\u00e9vrier 2026)<\/p>\n<p>La ministre des Outre-mer, Na\u00efma Moutchou, a d\u00e9clar\u00e9 que le racisme dirig\u00e9 contre les Blancs en France existait bel et bien. Elle a relat\u00e9 son exp\u00e9rience d\u2019avocate pour illustrer ce ph\u00e9nom\u00e8ne, trop souvent pass\u00e9 sous silence.<br \/>\nNa\u00efma Moutchou a indiqu\u00e9 que cette hostilit\u00e9 envers les personnes blanches se manifeste d\u00e9sormais de fa\u00e7on r\u00e9guli\u00e8re. Elle a pr\u00e9cis\u00e9 avoir personnellement observ\u00e9 ces situations durant sa carri\u00e8re juridique. Elle a notamment indiqu\u00e9 avoir \u00ab beaucoup plaid\u00e9 \u00e0 titre b\u00e9n\u00e9vole, pour des cas anonymes \u00bb.<br \/>\nL\u2019ancienne avocate a par ailleurs point\u00e9 ce dimanche le manque de visibilit\u00e9 de cette th\u00e9matique dans le d\u00e9bat public. \u00ab On n\u2019en parle pas beaucoup, mais c\u2019est tous les jours \u00bb, a-t-elle martel\u00e9, avant de livrer son analyse de ce fl\u00e9au. Pour elle, \u00ab le racisme anti-Blancs, c\u2019est la haine de l\u2019autre \u00bb. \u00ab Le Blanc, le Fran\u00e7ais, le babtou \u00e0 l\u2019\u00e9poque\u2026 C\u2019\u00e9tait l\u2019injure, et c\u2019\u00e9tait suivi d\u2019agressions, tout \u00e7a est tr\u00e8s grave \u00bb, a-t-elle ajout\u00e9.<br \/>\nN\u00e9anmoins, la repr\u00e9sentante du gouvernement refuse tout classement. \u00ab Moi je ne hi\u00e9rarchise pas les formes de haine et de racisme. Je les combats toutes \u00bb, a-t-elle insist\u00e9, soulignant ne pas vouloir rentrer dans \u00ab ce d\u00e9bat malsain qui consiste \u00e0 dire : \u2018Une communaut\u00e9 plut\u00f4t que l\u2019autre\u2019 \u00bb. Et de conclure : \u00ab C\u2019est le d\u00e9but du racisme de faire \u00e7a ! \u00bb<\/p>\n<p><a href=\"https:\/\/www.epochtimes.fr\/bien-sur-que-ca-existe-la-ministre-naima-moutchou-brise-un-tabou-sur-le-racisme-anti-blancs-3172270.html\" target=\"_blank\" rel=\"noopener\">https:\/\/www.epochtimes.fr\/bien-sur-que-ca-existe-la-ministre-naima-moutchou-brise-un-tabou-sur-le-racisme-anti-blancs-3172270.html<br \/>\n<\/a><a href=\"https:\/\/www.epochtimes.fr\/bien-sur-que-ca-existe-la-ministre-naima-moutchou-brise-un-tabou-sur-le-racisme-anti-blancs-3172270.html\" target=\"_blank\" rel=\"noopener\"><img loading=\"lazy\" decoding=\"async\" class=\"alignnone wp-image-8058 size-full\" src=\"https:\/\/claudinemarichal.be\/wp-content\/uploads\/2019\/09\/Ministre-Moutchou.jpg\" alt=\"\" width=\"500\" height=\"333\" srcset=\"https:\/\/claudinemarichal.be\/wp-content\/uploads\/2019\/09\/Ministre-Moutchou.jpg 500w, https:\/\/claudinemarichal.be\/wp-content\/uploads\/2019\/09\/Ministre-Moutchou-300x200.jpg 300w\" sizes=\"auto, (max-width: 500px) 100vw, 500px\" \/><\/a><br \/>\n<br style=\"clear: both;\"><br style=\"clear: both;\"><br style=\"clear: both;\"><\/p>\n<p><strong>\u00ab Racisme antiblanc : la v\u00e9rit\u00e9 interdite \u00bb : enqu\u00eate sur un tabou fran\u00e7ais<\/strong> (avril 2025)<\/p>\n<p>Loin d\u2019\u00eatre un fantasme, le racisme antiblanc est un ph\u00e9nom\u00e8ne aussi massif qu\u2019occult\u00e9. Pour la premi\u00e8re fois, un livre rassemble une quarantaine de t\u00e9moignages chocs.<br \/>\nLe racisme antiblanc a longtemps \u00e9t\u00e9 class\u00e9 comme une \u00ab th\u00e9orie complotiste \u00bb voire \u00ab d\u2019extr\u00eame droite \u00bb, en tout cas \u00ab naus\u00e9abonde \u00bb et \u00ab controvers\u00e9e \u00bb. Les guillemets sont de rigueur quand on sait que 80 % des Fran\u00e7ais s\u2019en inqui\u00e8tent, selon un sondage CSA pour CNews du 5 octobre 2022. \u00ab 80 %, cela commence \u00e0 faire un s\u00e9rieux contingent de complotistes \u00bb, explique avec humour Fran\u00e7ois Bousquet, auteur de la premi\u00e8re enqu\u00eate d\u2019envergure sur le racisme antiblanc. Pour lui, nul doute : \u00ab Nier l\u2019existence du racisme antiblanc, c\u2019est, en creux, l\u2019autoriser. \u00bb Le journaliste s\u2019en explique : \u00ab Il est temps de voir le r\u00e9el et de le nommer sans d\u00e9tour. Oui, le racisme antiblanc existe. Il n\u2019a rien d\u2019une l\u00e9gende urbaine colport\u00e9e par l\u2019extr\u00eame droite. C\u2019est m\u00eame aujourd\u2019hui un racisme aussi syst\u00e9mique que syst\u00e9matiquement ni\u00e9 par les grands m\u00e9dias. \u00bb<br \/>\nAussi incroyable que cela puisse para\u00eetre, il n\u2019existait \u00e0 ce jour sur le sujet en France qu\u2019un petit fascicule d\u2019une cinquantaine de pages du sociologue Tarik Yildiz (Le Racisme antiblanc. Ne pas en parler : un d\u00e9ni de r\u00e9alit\u00e9, Puits de Roulle, 2010). C\u2019est dire si le livre choc de Fran\u00e7ois Bousquet est d\u2019utilit\u00e9 publique ! Au fil d\u2019une enqu\u00eate minutieuse, le journaliste a rassembl\u00e9 quarante t\u00e9moignages, de vingt minutes \u00e0 deux heures d\u2019entretien, souvent accablants et, pour certains, absolument bouleversants. Le pire \u00e9tant qu\u2019il aurait pu en mener bien d\u2019autres. \u00ab D\u00e8s que l\u2019on commence \u00e0 en d\u00e9vider le fil, la pelote semble sans fin, raconte-t-il. Il y a des milliers, des dizaines de milliers de cas de racisme contre des Blancs, Fran\u00e7ais ou pas, chr\u00e9tiens ou pas, juifs ou pas, ath\u00e9es ou pas. \u00bb Tous les t\u00e9moignages de coll\u00e9giens ou de professeurs qu\u2019il a recueillis aboutissent \u00e0 une nouvelle norme anti-Blancs qui structure les cours d\u2019\u00e9cole dans les zones \u00e0 forte immigration. Tabassages, lynchages, rackets et humiliations diverses sont devenus des \u00ab jeux \u00bb quotidiens \u00e0 l\u2019int\u00e9rieur et aux abords des \u00e9tablissements scolaires, visant majoritairement les Blancs.<\/p>\n<p><a href=\"https:\/\/www.lejdd.fr\/Societe\/racisme-antiblanc-la-verite-interdite-enquete-sur-un-tabou-francais-156623\" target=\"_blank\" rel=\"noopener\">https:\/\/www.lejdd.fr\/Societe\/racisme-antiblanc-la-verite-interdite-enquete-sur-un-tabou-francais-156623<br \/>\n<\/a><a href=\"https:\/\/www.lejdd.fr\/Societe\/racisme-antiblanc-la-verite-interdite-enquete-sur-un-tabou-francais-156623\" target=\"_blank\" rel=\"noopener\"><img loading=\"lazy\" decoding=\"async\" class=\"alignnone wp-image-8060 size-full\" src=\"https:\/\/claudinemarichal.be\/wp-content\/uploads\/2019\/09\/JDD.jpg\" alt=\"\" width=\"500\" height=\"347\" srcset=\"https:\/\/claudinemarichal.be\/wp-content\/uploads\/2019\/09\/JDD.jpg 500w, https:\/\/claudinemarichal.be\/wp-content\/uploads\/2019\/09\/JDD-300x208.jpg 300w\" sizes=\"auto, (max-width: 500px) 100vw, 500px\" \/><\/a><\/p>\n<p><br style=\"clear: both;\"><br style=\"clear: both;\"><br style=\"clear: both;\"><strong>\u00ab\u00a0Sale Blanc\u00a0\u00bb, \u00ab\u00a0sale Fran\u00e7ais\u00a0\u00bb et 4 coups de couteaux gratuits !<\/strong> (novembre 2025)<\/p>\n<p><img loading=\"lazy\" decoding=\"async\" class=\"alignnone wp-image-7519 size-full\" src=\"https:\/\/claudinemarichal.be\/wp-content\/uploads\/2019\/09\/Damien-Rieu-2.jpg\" alt=\"\" width=\"500\" height=\"591\" srcset=\"https:\/\/claudinemarichal.be\/wp-content\/uploads\/2019\/09\/Damien-Rieu-2.jpg 500w, https:\/\/claudinemarichal.be\/wp-content\/uploads\/2019\/09\/Damien-Rieu-2-254x300.jpg 254w\" sizes=\"auto, (max-width: 500px) 100vw, 500px\" \/><\/p>\n<p><br style=\"clear: both;\"><br style=\"clear: both;\"><br style=\"clear: both;\"><\/p>\n<p><strong>\u00ab\u00a0Sales Fran\u00e7ais de merde, sales Blancs !\u00a0\u00bb<\/strong> (14 mai 2023)<\/p>\n<p><img loading=\"lazy\" decoding=\"async\" class=\"alignnone wp-image-4653 size-full\" src=\"https:\/\/claudinemarichal.be\/wp-content\/uploads\/2019\/09\/BadMotherFucker.jpg\" alt=\"\" width=\"500\" height=\"211\" srcset=\"https:\/\/claudinemarichal.be\/wp-content\/uploads\/2019\/09\/BadMotherFucker.jpg 500w, https:\/\/claudinemarichal.be\/wp-content\/uploads\/2019\/09\/BadMotherFucker-300x127.jpg 300w\" sizes=\"auto, (max-width: 500px) 100vw, 500px\" \/><br \/>\n<a href=\"https:\/\/www.fdesouche.com\/2023\/05\/18\/nice-sales-francais-de-merde-sales-blancs-dix-jeunes-agressent-gratuitement-un-couple-qui-se-promenait-en-amoureux\/\" target=\"_blank\" rel=\"noopener\">https:\/\/www.fdesouche.com\/2023\/05\/18\/nice-sales-francais-de-merde-sales-blancs-dix-jeunes-agressent-gratuitement-un-couple-qui-se-promenait-en-amoureux\/<\/a><br \/>\n<img loading=\"lazy\" decoding=\"async\" class=\"alignnone wp-image-4654 size-full\" src=\"https:\/\/claudinemarichal.be\/wp-content\/uploads\/2019\/09\/couple.jpg\" alt=\"\" width=\"500\" height=\"301\" srcset=\"https:\/\/claudinemarichal.be\/wp-content\/uploads\/2019\/09\/couple.jpg 500w, https:\/\/claudinemarichal.be\/wp-content\/uploads\/2019\/09\/couple-300x181.jpg 300w\" sizes=\"auto, (max-width: 500px) 100vw, 500px\" \/><\/p>\n<p><br style=\"clear: both;\"><br style=\"clear: both;\"><br style=\"clear: both;\"><\/p>\n<p><strong>D&rsquo;apr\u00e8s LFI, le racisme anti-blancs n&rsquo;existe pas !<\/strong><\/p>\n<p>Mathilde Panot (LFI) et Marion Mar\u00e9chal en d\u00e9bat sur BFMerdeTV le 17 d\u00e9cembre 2023.<\/p>\n<p><img loading=\"lazy\" decoding=\"async\" class=\"alignnone wp-image-5617 size-full\" src=\"https:\/\/claudinemarichal.be\/wp-content\/uploads\/2019\/09\/Panot-Marechal-sur-BFmerde.jpg\" alt=\"\" width=\"500\" height=\"483\" srcset=\"https:\/\/claudinemarichal.be\/wp-content\/uploads\/2019\/09\/Panot-Marechal-sur-BFmerde.jpg 500w, https:\/\/claudinemarichal.be\/wp-content\/uploads\/2019\/09\/Panot-Marechal-sur-BFmerde-300x290.jpg 300w\" sizes=\"auto, (max-width: 500px) 100vw, 500px\" \/><\/p>\n<p><br style=\"clear: both;\"><br style=\"clear: both;\"><br style=\"clear: both;\"><strong>Festival d&rsquo;Avignon juillet 2023 &#8211; Extraits du spectacle : \u00ab\u00a0Carte noire nomm\u00e9e d\u00e9sir\u00a0\u00bb, clairement anti-Blancs et sataniste<\/strong><\/p>\n<p><a href=\"https:\/\/twitter.com\/FrDesouche\/status\/1683855082691887106?s=20\" target=\"_blank\" rel=\"noopener\">https:\/\/twitter.com\/FrDesouche\/status\/1683855082691887106?s=20<br \/>\n<\/a><a href=\"https:\/\/twitter.com\/FrDesouche\/status\/1683855082691887106?s=20\" target=\"_blank\" rel=\"noopener\"><img loading=\"lazy\" decoding=\"async\" class=\"alignnone wp-image-5017 size-full\" src=\"https:\/\/claudinemarichal.be\/wp-content\/uploads\/2019\/09\/racisme-anti-B-Avignon.jpg\" alt=\"\" width=\"500\" height=\"281\" srcset=\"https:\/\/claudinemarichal.be\/wp-content\/uploads\/2019\/09\/racisme-anti-B-Avignon.jpg 500w, https:\/\/claudinemarichal.be\/wp-content\/uploads\/2019\/09\/racisme-anti-B-Avignon-300x169.jpg 300w\" sizes=\"auto, (max-width: 500px) 100vw, 500px\" \/><\/a><br \/>\n<br style=\"clear: both;\"><br style=\"clear: both;\"><br style=\"clear: both;\"><strong>Une assembl\u00e9e antiraciste qui est clairement raciste !<\/strong> (septembre 2023)<\/p>\n<p><img loading=\"lazy\" decoding=\"async\" class=\"alignnone wp-image-5221 size-full\" src=\"https:\/\/claudinemarichal.be\/wp-content\/uploads\/2019\/09\/Damien-Rieu.jpg\" alt=\"\" width=\"500\" height=\"431\" srcset=\"https:\/\/claudinemarichal.be\/wp-content\/uploads\/2019\/09\/Damien-Rieu.jpg 500w, https:\/\/claudinemarichal.be\/wp-content\/uploads\/2019\/09\/Damien-Rieu-300x259.jpg 300w\" sizes=\"auto, (max-width: 500px) 100vw, 500px\" \/><br \/>\nLe rassemblement raciste pr\u00e9vu le 23\/9 \u00e0 Grenoble a finalement \u00e9t\u00e9 interdit par le pr\u00e9fet de l&rsquo;Is\u00e8re.<br \/>\nMotifs: \u00ab\u00a0graves risques de troubles \u00e0 l\u2019ordre public\u00a0\u00bb et \u00ab\u00a0appel \u00e0 rassemblement ayant manifestement un crit\u00e8re discriminatoire\u00a0\u00bb. Bravo !<br \/>\n<br style=\"clear: both;\"><br style=\"clear: both;\"><br style=\"clear: both;\"><\/p>\n<p><strong>Une pi\u00e8ce de th\u00e9\u00e2tre interdite aux Blancs<\/strong> (mai 2023)<\/p>\n<blockquote class=\"wp-embedded-content\" data-secret=\"80r3vYvwiO\"><p><a href=\"https:\/\/www.fdesouche.com\/2023\/05\/21\/londres-wokisme-une-piece-de-theatre-comique-sur-les-questions-de-race-sera-interdite-aux-blancs-afin-de-liberer-le-public-du-regard-blanc\/\">Londres \/ Wokisme : une pi\u00e8ce de th\u00e9\u00e2tre comique sur les questions de race sera interdite aux Blancs afin de &#8220;lib\u00e9rer le public du regard blanc&#8221;<\/a><\/p><\/blockquote>\n<p><iframe loading=\"lazy\" class=\"wp-embedded-content\" sandbox=\"allow-scripts\" security=\"restricted\" style=\"position: absolute; visibility: hidden;\" title=\"\u00ab\u00a0Londres \/ Wokisme : une pi\u00e8ce de th\u00e9\u00e2tre comique sur les questions de race sera interdite aux Blancs afin de &#8220;lib\u00e9rer le public du regard blanc&#8221;\u00a0\u00bb &#8212; Fdesouche\" src=\"https:\/\/www.fdesouche.com\/2023\/05\/21\/londres-wokisme-une-piece-de-theatre-comique-sur-les-questions-de-race-sera-interdite-aux-blancs-afin-de-liberer-le-public-du-regard-blanc\/embed\/#?secret=Hz2ox4JapK#?secret=80r3vYvwiO\" data-secret=\"80r3vYvwiO\" width=\"600\" height=\"338\" frameborder=\"0\" marginwidth=\"0\" marginheight=\"0\" scrolling=\"no\"><\/iframe><\/p>\n<p><br style=\"clear: both;\"><br style=\"clear: both;\"><br style=\"clear: both;\"><strong>Esclavage des Noirs : 1400 ans de traite arabo-musulmane<\/strong> (juillet 2020)<\/p>\n<p>Il faut lire \u00ab&nbsp;Le g\u00e9nocide voil\u00e9&nbsp;\u00bb de Tidiane N\u2019Diaye qui montre que dans la traite n\u00e9gri\u00e8re les Arabes blancs se sont montr\u00e9s beaucoup plus racistes que les Europ\u00e9ens. 17 millions d\u2019Africains noirs sont morts de l\u2019esclavage arabo-musulman, 65 millions morts pendant la capture et le trajet vers les pays arabo-musulmans.<\/p>\n<p>\u201cLes Arabes ont razzi\u00e9 l\u2019Afrique subsaharienne pendant treize si\u00e8cles sans interruption. La plupart des millions d\u2019hommes qu\u2019ils ont d\u00e9port\u00e9s ont disparu du fait des traitements inhumains.\u201d<\/p>\n<p><a href=\"https:\/\/ripostelaique.com\/esclavage-des-noirs-1-400-ans-de-traite-arabo-musulmane.html\" target=\"_blank\" rel=\"noopener\">https:\/\/ripostelaique.com\/esclavage-des-noirs-1-400-ans-de-traite-arabo-musulmane.html<br \/>\n<\/a><a href=\"https:\/\/ripostelaique.com\/esclavage-des-noirs-1-400-ans-de-traite-arabo-musulmane.html\" target=\"_blank\" rel=\"noopener\"><img loading=\"lazy\" decoding=\"async\" class=\"alignnone wp-image-4421 size-full\" src=\"https:\/\/claudinemarichal.be\/wp-content\/uploads\/2023\/04\/esclavage.jpg\" alt=\"\" width=\"500\" height=\"488\" srcset=\"https:\/\/claudinemarichal.be\/wp-content\/uploads\/2023\/04\/esclavage.jpg 500w, https:\/\/claudinemarichal.be\/wp-content\/uploads\/2023\/04\/esclavage-300x293.jpg 300w\" sizes=\"auto, (max-width: 500px) 100vw, 500px\" \/><\/a><\/p>\n<p><br style=\"clear: both;\"><br style=\"clear: both;\"><br style=\"clear: both;\"><strong>Culpabiliser les Blancs, mais surtout pas les Arabes !<\/strong><\/p>\n<p><img loading=\"lazy\" decoding=\"async\" class=\"alignnone wp-image-6308 size-full\" src=\"https:\/\/claudinemarichal.be\/wp-content\/uploads\/2019\/09\/Taubira.jpg\" alt=\"\" width=\"500\" height=\"247\" srcset=\"https:\/\/claudinemarichal.be\/wp-content\/uploads\/2019\/09\/Taubira.jpg 500w, https:\/\/claudinemarichal.be\/wp-content\/uploads\/2019\/09\/Taubira-300x148.jpg 300w\" sizes=\"auto, (max-width: 500px) 100vw, 500px\" \/><br \/>\n<a href=\"https:\/\/www.lexpress.fr\/societe\/encore-aujourd-hui_482221.html\" target=\"_blank\" rel=\"noopener\">https:\/\/www.lexpress.fr\/societe\/encore-aujourd-hui_482221.html<\/a><\/p>\n<p><br style=\"clear: both;\"><br style=\"clear: both;\"><br style=\"clear: both;\"><strong>L&rsquo;esclavage oubli\u00e9 : celui des Blancs par les Nord-Africains<\/strong> (juillet 2010)<\/p>\n<p>Pourquoi y a-t-il si peu d\u2019int\u00e9r\u00eat pour l\u2019esclavage en M\u00e9diterran\u00e9e alors que l\u2019\u00e9rudition et la r\u00e9flexion sur l\u2019esclavage des Noirs ne finit jamais ? Comme l\u2019explique le professeur Davis, des esclaves blancs avec des ma\u00eetres non-blancs ne cadrent simplement pas avec \u00ab le r\u00e9cit ma\u00eetre de l\u2019imp\u00e9rialisme europ\u00e9en \u00bb. Les sch\u00e9mas de victimisation si chers aux intellectuels requi\u00e8rent de la m\u00e9chancet\u00e9 blanche, pas des souffrances blanches.<\/p>\n<p>La m\u00e9connaissance de l\u2019histoire de la piraterie barbaresque r\u00e9pond \u00e0 plusieurs objectifs politiques, \u00e0 savoir :<\/p>\n<p>1) dans une d\u00e9marche raciste, jamais sanctionn\u00e9e ni m\u00eame soulign\u00e9e, puisqu\u2019il s\u2019agit de racisme autoris\u00e9 (anti-Europ\u00e9ens), essentialiser les blancs en tant que \u201cm\u00e9chants\u201d absolus ; alors m\u00eame que la situation des esclaves blancs d\u2019Alger \u00e9tait d\u2019une barbarie rarement \u00e9gal\u00e9e ;<\/p>\n<p>2) poursuivre l\u2019entreprise de culpabilisation post coloniale de la France et de l\u2019Europe en escamotant le fait que la conqu\u00eate de l\u2019Alg\u00e9rie fut le seul moyen d\u2019en finir avec les razzias maritimes esclavagistes, un fait incontournable m\u00eame si des motifs plus int\u00e9ress\u00e9s existaient sans aucun doute aussi.<\/p>\n<p><a href=\"https:\/\/ripostelaique.com\/l-esclavage-oublie-celui-des.html\" target=\"_blank\" rel=\"noopener\">https:\/\/ripostelaique.com\/l-esclavage-oublie-celui-des.html<br \/>\n<\/a><a href=\"https:\/\/ripostelaique.com\/l-esclavage-oublie-celui-des.html\" target=\"_blank\" rel=\"noopener\"><img loading=\"lazy\" decoding=\"async\" class=\"alignnone wp-image-4422 size-full\" src=\"https:\/\/claudinemarichal.be\/wp-content\/uploads\/2023\/04\/Esclavage-blancs.jpg\" alt=\"\" width=\"500\" height=\"91\" srcset=\"https:\/\/claudinemarichal.be\/wp-content\/uploads\/2023\/04\/Esclavage-blancs.jpg 500w, https:\/\/claudinemarichal.be\/wp-content\/uploads\/2023\/04\/Esclavage-blancs-300x55.jpg 300w\" sizes=\"auto, (max-width: 500px) 100vw, 500px\" \/><\/a><br \/>\n<br style=\"clear: both;\"><br style=\"clear: both;\"><br style=\"clear: both;\"><\/p>\n<p><strong>Le Ministre de la D\u00e9fense de la Guin\u00e9e le confirme <\/strong> (mai 2023)<\/p>\n<blockquote class=\"wp-embedded-content\" data-secret=\"uzRCY8AHX0\"><p><a href=\"https:\/\/www.fdesouche.com\/2023\/05\/07\/ministre-de-la-defense-de-la-guinee-lors-de-la-table-ronde-armee-nation-nous-avons-ete-envahies-par-les-arabes-les-razzias-des-arabes-ont-commis-plus-de-degat-en-afrique-que-la-traite-n\/\">Ministre de la D\u00e9fense de la Guin\u00e9e lors de la table ronde &#8220;Arm\u00e9e Nation&#8221; : \u00ab Nous avons \u00e9t\u00e9 envahis par les Arabes ; les razzias des Arabes ont commis plus de d\u00e9g\u00e2t en Afrique que la traite n\u00e9gri\u00e8re et la colonisation \u00bb<\/a><\/p><\/blockquote>\n<p><iframe loading=\"lazy\" class=\"wp-embedded-content\" sandbox=\"allow-scripts\" security=\"restricted\" style=\"position: absolute; visibility: hidden;\" title=\"\u00ab\u00a0Ministre de la D\u00e9fense de la Guin\u00e9e lors de la table ronde &#8220;Arm\u00e9e Nation&#8221; : \u00ab Nous avons \u00e9t\u00e9 envahis par les Arabes ; les razzias des Arabes ont commis plus de d\u00e9g\u00e2t en Afrique que la traite n\u00e9gri\u00e8re et la colonisation \u00bb\u00a0\u00bb &#8212; Fdesouche\" src=\"https:\/\/www.fdesouche.com\/2023\/05\/07\/ministre-de-la-defense-de-la-guinee-lors-de-la-table-ronde-armee-nation-nous-avons-ete-envahies-par-les-arabes-les-razzias-des-arabes-ont-commis-plus-de-degat-en-afrique-que-la-traite-n\/embed\/#?secret=v3naqWigqn#?secret=uzRCY8AHX0\" data-secret=\"uzRCY8AHX0\" width=\"600\" height=\"338\" frameborder=\"0\" marginwidth=\"0\" marginheight=\"0\" scrolling=\"no\"><\/iframe><\/p>\n<p><br style=\"clear: both;\"><br style=\"clear: both;\"><br style=\"clear: both;\"><\/p>\n<p><strong>Charlotte d&rsquo;Ornellas sur l&rsquo;esclavage et le racisme anti-blanc <\/strong>(octobre 2020)<\/p>\n<ul>\n<li>CdO&nbsp;: \u00ab&nbsp;Sur la question de l&rsquo;esclavage, je crois que tous les peuples du monde ont r\u00e9duit leurs voisins en esclavage. \u00c7a a exist\u00e9 partout dans toutes les civilisations. Les Noirs ont vendu leurs fr\u00e8res noirs, les Arabes ont r\u00e9duit la terre enti\u00e8re en esclavage et sont encore en train de le faire aujourd&rsquo;hui et tout le monde se tait.&nbsp;\u00bb<br \/>\n\u00ab&nbsp;Sur cette histoire pr\u00e9cise de l&rsquo;esclavage, les Blancs ont \u00e9videmment particip\u00e9 \u00e0 l&rsquo;esclavage, mais ils sont quand m\u00eame surtout connus dans le monde pour l&rsquo;avoir aboli et ce sont les seuls \u00e0 l&rsquo;avoir fait.&nbsp;\u00bb<br \/>\n\u00ab&nbsp;Deuxi\u00e8me chose : \u00ab\u00a0le racisme anti-Blancs n&rsquo;existe pas\u00a0\u00bb. \u00c7a tombe quand m\u00eame assez mal la semaine o\u00f9 il y a eu un proc\u00e8s sur une jeune fille qui a \u00e9t\u00e9 viol\u00e9e \u00e0 Evry, donc c&rsquo;est une blanche qui a \u00e9t\u00e9 viol\u00e9e en r\u00e9union, et le procureur a reconnu aujourd&rsquo;hui au proc\u00e8s en appel qu&rsquo;il n&rsquo;avait pas pris en consid\u00e9ration la composante raciale parce que \u00e7a risquait de faire beaucoup trop de bruits. Cette composante raciale c&rsquo;\u00e9tait que les gars l&rsquo;ont viol\u00e9e, a-t-il expliqu\u00e9 au Tribunal, \u00ab\u00a0parce toutes les Blanches sont des putes\u00a0\u00bb, texto.&nbsp;\u00bb<\/li>\n<li>Un intervenant sur le plateau&nbsp;: \u00ab\u00a0Je te parle d&rsquo;un syst\u00e8me pas d&rsquo;un cas isol\u00e9\u00a0\u00bb.<\/li>\n<li>CdO&nbsp;: \u00ab\u00a0Mais c&rsquo;est bien \u00e7a le probl\u00e8me, Comment est-ce qu&rsquo;en France un syst\u00e8me pourrait \u00eatre raciste anti-Blancs ? Il y a un moment il faudrait r\u00e9fl\u00e9chir 5 secondes, quoi ! Evidemment qu&rsquo;en France, dans un pays qui historiquement a une population blanche qui ensuite a assimil\u00e9, int\u00e9gr\u00e9 ou accueilli des populations \u00e9trang\u00e8res, bien s\u00fbr que le syst\u00e8me ne peut pas \u00eatre anti-Blancs !\u00a0\u00bb<\/li>\n<li>Intervenant sur le plateau&nbsp;: \u00ab&nbsp;Mais le racisme, c&rsquo;est \u00e7a, c&rsquo;est un syst\u00e8me. C&rsquo;est une v\u00e9rit\u00e9 universelle, intemporelle.&nbsp;\u00bb<\/li>\n<li>CdO&nbsp;: \u00ab&nbsp;Le racisme anti-blancs il est \u00e9videmment sur des personnes. Pardon mais une gamine de 18 ans qui est viol\u00e9e parce que toutes les blanches sont des putes, pardon mais il faut m&rsquo;expliquer ce que c&rsquo;est si c&rsquo;est pas du racisme anti-blancs !&nbsp;\u00bb<br \/>\n\u00ab Sur la question du racisme pur, les personnes qui chuinent en permanence sur la question du racisme sont les m\u00eames qui ont supprim\u00e9 le mot \u00ab\u00a0race\u00a0\u00bb, qui nous expliquent que les races n&rsquo;existent pas mais qui parlent de racisme \u00e0 toutes les sauces, et \u00e0 part SOS Racisme au d\u00e9but, qui a racialis\u00e9 le d\u00e9bat ? Ca n&rsquo;existait pas ! \u00bb<\/li>\n<\/ul>\n<p><a href=\"https:\/\/odysee.com\/@Mascarade:5\/Charlotte-d'Ornellas-sur-l'esclavage-et-le-racisme-anti-blanc:b\" target=\"_blank\" rel=\"noopener\">https:\/\/odysee.com\/@Mascarade:5\/Charlotte-d&rsquo;Ornellas-sur-l&rsquo;esclavage-et-le-racisme-anti-blanc:b<br \/>\n<\/a><a href=\"https:\/\/odysee.com\/@Mascarade:5\/Charlotte-d'Ornellas-sur-l'esclavage-et-le-racisme-anti-blanc:b\" target=\"_blank\" rel=\"noopener\"><img loading=\"lazy\" decoding=\"async\" class=\"alignnone wp-image-4423 size-full\" src=\"https:\/\/claudinemarichal.be\/wp-content\/uploads\/2023\/04\/Charlotte-dOrnellas.jpg\" alt=\"\" width=\"500\" height=\"245\" srcset=\"https:\/\/claudinemarichal.be\/wp-content\/uploads\/2023\/04\/Charlotte-dOrnellas.jpg 500w, https:\/\/claudinemarichal.be\/wp-content\/uploads\/2023\/04\/Charlotte-dOrnellas-300x147.jpg 300w\" sizes=\"auto, (max-width: 500px) 100vw, 500px\" \/><\/a><\/p>\n<p><br style=\"clear: both;\"><br style=\"clear: both;\"><br style=\"clear: both;\"><\/p>\n<p><strong>Racisme anti-blanc en France <\/strong>(janvier 2021)<\/p>\n<p>Documentaire de 2 heures. Micro-trottoirs, t\u00e9moignages de militants, de victimes. Histoire de l\u2019esclavage.<\/p>\n<p><a href=\"https:\/\/odysee.com\/@36%C2%B02Production:5\/Racisme-antiblanc-en-France-:b\" target=\"_blank\" rel=\"noopener\">https:\/\/odysee.com\/@36%C2%B02Production:5\/Racisme-antiblanc-en-France-:b<br \/>\n<\/a><a href=\"https:\/\/odysee.com\/@36%C2%B02Production:5\/Racisme-antiblanc-en-France-:b\" target=\"_blank\" rel=\"noopener\"><img loading=\"lazy\" decoding=\"async\" class=\"alignnone wp-image-4424 size-full\" src=\"https:\/\/claudinemarichal.be\/wp-content\/uploads\/2023\/04\/Doc-de-2h.jpg\" alt=\"\" width=\"500\" height=\"348\" srcset=\"https:\/\/claudinemarichal.be\/wp-content\/uploads\/2023\/04\/Doc-de-2h.jpg 500w, https:\/\/claudinemarichal.be\/wp-content\/uploads\/2023\/04\/Doc-de-2h-300x209.jpg 300w\" sizes=\"auto, (max-width: 500px) 100vw, 500px\" \/><\/a><\/p>\n<p><br style=\"clear: both;\"><br style=\"clear: both;\"><br style=\"clear: both;\"><\/p>\n<p><img loading=\"lazy\" decoding=\"async\" class=\"alignnone wp-image-4626 size-full\" src=\"https:\/\/claudinemarichal.be\/wp-content\/uploads\/2019\/09\/nique-la-France.jpg\" alt=\"\" width=\"500\" height=\"723\" srcset=\"https:\/\/claudinemarichal.be\/wp-content\/uploads\/2019\/09\/nique-la-France.jpg 500w, https:\/\/claudinemarichal.be\/wp-content\/uploads\/2019\/09\/nique-la-France-207x300.jpg 207w\" sizes=\"auto, (max-width: 500px) 100vw, 500px\" \/><br \/>\nHouria Bouteldja est une essayiste et une militante politique d\u00e9coloniale, (franco-)alg\u00e9rienne. Fondatrice du mouvement MIR (Mouvement des indig\u00e8nes de la R\u00e9publique).<br \/>\n<br style=\"clear: both;\"><br style=\"clear: both;\"><br style=\"clear: both;\"><\/p>\n<p><strong>La \u00ab\u00a0Justice\u00a0\u00bb cautionne le mensonge selon lequel le racisme anti-blanc n&rsquo;existerait pas !<\/strong><\/p>\n<p><a href=\"https:\/\/x.com\/Frontieresmedia\/status\/1924755485703496009\" target=\"_blank\" rel=\"noopener\">https:\/\/x.com\/Frontieresmedia\/status\/1924755485703496009<br \/>\n<\/a><a href=\"https:\/\/x.com\/Frontieresmedia\/status\/1924755485703496009\" target=\"_blank\" rel=\"noopener\"><img loading=\"lazy\" decoding=\"async\" class=\"alignnone wp-image-7239 size-full\" src=\"https:\/\/claudinemarichal.be\/wp-content\/uploads\/2019\/09\/Crepol.jpg\" alt=\"\" width=\"500\" height=\"430\" srcset=\"https:\/\/claudinemarichal.be\/wp-content\/uploads\/2019\/09\/Crepol.jpg 500w, https:\/\/claudinemarichal.be\/wp-content\/uploads\/2019\/09\/Crepol-300x258.jpg 300w\" sizes=\"auto, (max-width: 500px) 100vw, 500px\" \/><\/a><br \/>\n<br style=\"clear: both;\"><br style=\"clear: both;\"><br style=\"clear: both;\"><strong>Que pensez-vous du \u00a0\u00bbRacisme Anti-Blanc\u00a0\u00bb ? <\/strong>(Jean Messiha sur TPMP) juillet 2022<\/p>\n<p>Jean Messiha, on l&rsquo;aime ou on ne l&rsquo;aime pas, il a toujours le mot juste, plein de bon sens. N\u00e9 au Caire, c&rsquo;est un haut fonctionnaire, homme politique et pol\u00e9miste fran\u00e7ais. Il a fait partie du RN qu&rsquo;il a quitt\u00e9.<\/p>\n<p>\u00ab\u2026 &nbsp;Effectivement, il y a un probl\u00e8me parce que quand les gens comme vous chantent des chansons de haine, des chansons misogynes, des chansons homophobes, tous les f\u00e9ministes et progressistes qu&rsquo;il y a ici ne trouvent rien \u00e0 redire. Pourquoi ? Parce que vous \u00eates noirs. Et quand il y a un Arabe qui chante la m\u00eame chose, c&rsquo;est pareil, \u00e7a passe comme une lettre \u00e0 la poste.<\/p>\n<p>Il y aurait un rappeur blanc ou une femme, encore pire, une femme blanche qui chanterait la m\u00eame chose, on aurait les m\u00eames progressistes et les m\u00eames f\u00e9ministes qui se r\u00e9pandraient en lamentations en disant : \u00ab\u00a0Oh scandale, c&rsquo;est raciste et misogyne !\u00a0\u00bb. Donc, en fait, le progressisme et le f\u00e9minisme s&rsquo;arr\u00eatent \u00e0 une fronti\u00e8re raciale.\u00a0\u00bb<\/p>\n<p><a href=\"https:\/\/odysee.com\/@N'importeQuoi:2\/que-pensez-vous-du-''racisme-anti:a\" target=\"_blank\" rel=\"noopener\">https:\/\/odysee.com\/@N&rsquo;importeQuoi:2\/que-pensez-vous-du-\u00a0\u00bbracisme-anti:a<br \/>\n<\/a><a href=\"https:\/\/odysee.com\/@N'importeQuoi:2\/que-pensez-vous-du-''racisme-anti:a\" target=\"_blank\" rel=\"noopener\"><img loading=\"lazy\" decoding=\"async\" class=\"alignnone wp-image-4425 size-full\" src=\"https:\/\/claudinemarichal.be\/wp-content\/uploads\/2023\/04\/Jean-Messiha-2.jpg\" alt=\"\" width=\"200\" height=\"248\"><\/a><\/p>\n<p><br style=\"clear: both;\"><br style=\"clear: both;\"><br style=\"clear: both;\"><\/p>\n<p><img loading=\"lazy\" decoding=\"async\" class=\"alignnone wp-image-4417 size-full\" src=\"https:\/\/claudinemarichal.be\/wp-content\/uploads\/2023\/04\/Jean-Messiha-1.jpg\" alt=\"\" width=\"500\" height=\"610\" srcset=\"https:\/\/claudinemarichal.be\/wp-content\/uploads\/2023\/04\/Jean-Messiha-1.jpg 500w, https:\/\/claudinemarichal.be\/wp-content\/uploads\/2023\/04\/Jean-Messiha-1-246x300.jpg 246w\" sizes=\"auto, (max-width: 500px) 100vw, 500px\" \/><\/p>\n<p><br style=\"clear: both;\"><br style=\"clear: both;\"><br style=\"clear: both;\"><strong>Aux USA : Des militants noirs appellent ouvertement au meurtre d&rsquo;enfants blancs<\/strong><\/p>\n<blockquote class=\"twitter-tweet\" data-width=\"550\" data-dnt=\"true\">\n<p lang=\"en\" dir=\"ltr\">\ud83d\ude21Black Militants Openly Call for the Murder of White Children <a href=\"https:\/\/t.co\/gk8uHc9vHI\">pic.twitter.com\/gk8uHc9vHI<\/a><\/p>\n<p>&mdash; Truthseeker (@Xx17965797N) <a href=\"https:\/\/twitter.com\/Xx17965797N\/status\/1657138694287945729?ref_src=twsrc%5Etfw\">May 12, 2023<\/a><\/p><\/blockquote>\n<p><script async src=\"https:\/\/platform.twitter.com\/widgets.js\" charset=\"utf-8\"><\/script><\/p>\n<p><img loading=\"lazy\" decoding=\"async\" class=\"alignnone wp-image-4619 size-full\" src=\"https:\/\/claudinemarichal.be\/wp-content\/uploads\/2019\/09\/Blacks-aux-usa.jpg\" alt=\"\" width=\"500\" height=\"325\" srcset=\"https:\/\/claudinemarichal.be\/wp-content\/uploads\/2019\/09\/Blacks-aux-usa.jpg 500w, https:\/\/claudinemarichal.be\/wp-content\/uploads\/2019\/09\/Blacks-aux-usa-300x195.jpg 300w\" sizes=\"auto, (max-width: 500px) 100vw, 500px\" \/><\/p>\n<p><br style=\"clear: both;\"><br style=\"clear: both;\"><br style=\"clear: both;\"><strong>Le vrai racisme : le leader de Black Lives Matter appelle au g\u00e9nocide des blancs<\/strong><\/p>\n<p>\u00ab\u00a0Une dirigeante de Black Lives Matter s&rsquo;est retrouv\u00e9e sous le feu des critiques apr\u00e8s avoir affirm\u00e9 sur les m\u00e9dias sociaux que les Blancs \u00e9taient \u00ab\u00a0sous-humains\u00a0\u00bb et souffraient de \u00ab\u00a0d\u00e9fauts g\u00e9n\u00e9tiques r\u00e9cessifs\u00a0\u00bb, et apr\u00e8s avoir r\u00e9fl\u00e9chi \u00e0 la mani\u00e8re dont la race pourrait \u00eatre \u00e9radiqu\u00e9e.\u00a0\u00bb<br \/>\n\u00ab\u00a0La blancheur n&rsquo;est pas l&rsquo;humanit\u00e9, en fait, la peau blanche est sous-humaine\u00a0\u00bb, a-t-elle \u00e9crit. \u00ab\u00a0Tous les ph\u00e9notypes existent au sein de la famille noire et les Blancs sont un d\u00e9faut g\u00e9n\u00e9tique de la race noire.\u00a0\u00bb<br \/>\n\u00ab\u00a0La m\u00e9lanine permet \u00e0 la peau noire de capter la lumi\u00e8re et de la garder en m\u00e9moire, ce qui r\u00e9v\u00e8le que la noirceur convertit la lumi\u00e8re en connaissance. La m\u00e9lanine communique directement avec l&rsquo;\u00e9nergie cosmique\u00a0\u00bb, a-t-elle ajout\u00e9.<br \/>\n\u00ab\u00a0La leader de Black Lives Matter s&rsquo;est ensuite demand\u00e9 comment la race blanche pouvait \u00eatre an\u00e9antie. Selon elle, \u00ab\u00a0les Noirs, simplement gr\u00e2ce \u00e0 leurs g\u00e8nes dominants, pourraient litt\u00e9ralement an\u00e9antir la race blanche si nous en avions le pouvoir\u00a0\u00bb.\u00a0\u00bb<\/p>\n<p><a href=\"https:\/\/www.louderwithcrowder.com\/yusra-khogali-white-people-genocide\" target=\"_blank\" rel=\"noopener\">https:\/\/www.louderwithcrowder.com\/yusra-khogali-white-people-genocide<br \/>\n<\/a><a href=\"https:\/\/www.louderwithcrowder.com\/yusra-khogali-white-people-genocide\" target=\"_blank\" rel=\"noopener\"><img loading=\"lazy\" decoding=\"async\" class=\"alignnone wp-image-5224 size-full\" src=\"https:\/\/claudinemarichal.be\/wp-content\/uploads\/2019\/09\/Lowder-Crowder.jpg\" alt=\"\" width=\"500\" height=\"244\" srcset=\"https:\/\/claudinemarichal.be\/wp-content\/uploads\/2019\/09\/Lowder-Crowder.jpg 500w, https:\/\/claudinemarichal.be\/wp-content\/uploads\/2019\/09\/Lowder-Crowder-300x146.jpg 300w\" sizes=\"auto, (max-width: 500px) 100vw, 500px\" \/><\/a><br \/>\n<br style=\"clear: both;\"><br style=\"clear: both;\"><br style=\"clear: both;\"><strong>Donald J. Trump d\u00e9nonce le g\u00e9nocide des Blancs en Afrique du Sud<\/strong> (mai 2025)<\/p>\n<p><a href=\"https:\/\/x.com\/Resistance_SM\/status\/1922167521806827883\" target=\"_blank\" rel=\"noopener\">https:\/\/x.com\/Resistance_SM\/status\/1922167521806827883<br \/>\n<\/a><a href=\"https:\/\/x.com\/Resistance_SM\/status\/1922167521806827883\" target=\"_blank\" rel=\"noopener\"><img loading=\"lazy\" decoding=\"async\" class=\"alignnone wp-image-7195 size-full\" src=\"https:\/\/claudinemarichal.be\/wp-content\/uploads\/2019\/09\/Afrique-du-Sud.jpg\" alt=\"\" width=\"500\" height=\"409\" srcset=\"https:\/\/claudinemarichal.be\/wp-content\/uploads\/2019\/09\/Afrique-du-Sud.jpg 500w, https:\/\/claudinemarichal.be\/wp-content\/uploads\/2019\/09\/Afrique-du-Sud-300x245.jpg 300w\" sizes=\"auto, (max-width: 500px) 100vw, 500px\" \/><\/a><\/p>\n<p><br style=\"clear: both;\"><br style=\"clear: both;\"><br style=\"clear: both;\"><strong>Quand Elon Musk accuse l&rsquo;Afrique du Sud, son pays natal, de \u00ab\u00a0pers\u00e9cuter les Blancs\u00a0\u00bb<\/strong> (f\u00e9vrier 2025)<\/p>\n<p>Le plus riche et c\u00e9l\u00e8bre des Sud-Africains a interpell\u00e9 sur X, son propre r\u00e9seau social, le pr\u00e9sident sud-africain, Cyril Ramaphosa : \u00ab Pourquoi vos lois sur la propri\u00e9t\u00e9 sont-elles ouvertement racistes ? \u00bb Avant de surench\u00e9rir, mardi, en relayant des messages, toujours sur X, jugeant notamment que \u00ab les Sud-Africains blancs sont pers\u00e9cut\u00e9s en raison de leur race dans leur propre pays \u00bb.<\/p>\n<p><a href=\"https:\/\/www.fdesouche.com\/2025\/02\/05\/quand-elon-musk-accuse-lafrique-du-sud-son-pays-natal-de-persecuter-les-blancs\/\" target=\"_blank\" rel=\"noopener\">https:\/\/www.fdesouche.com\/2025\/02\/05\/quand-elon-musk-accuse-lafrique-du-sud-son-pays-natal-de-persecuter-les-blancs\/<br \/>\n<\/a><a href=\"https:\/\/www.fdesouche.com\/2025\/02\/05\/quand-elon-musk-accuse-lafrique-du-sud-son-pays-natal-de-persecuter-les-blancs\/\" target=\"_blank\" rel=\"noopener\"><img loading=\"lazy\" decoding=\"async\" class=\"alignnone wp-image-7046 size-full\" src=\"https:\/\/claudinemarichal.be\/wp-content\/uploads\/2019\/09\/Musk.jpg\" alt=\"\" width=\"500\" height=\"334\" srcset=\"https:\/\/claudinemarichal.be\/wp-content\/uploads\/2019\/09\/Musk.jpg 500w, https:\/\/claudinemarichal.be\/wp-content\/uploads\/2019\/09\/Musk-300x200.jpg 300w\" sizes=\"auto, (max-width: 500px) 100vw, 500px\" \/><\/a><br \/>\n<br style=\"clear: both;\"><br style=\"clear: both;\"><br style=\"clear: both;\"><strong>En Afrique du Sud, des Blancs assassin\u00e9s, discrimin\u00e9s, appauvris, &#8230; dans le silence total des m\u00e9dias de masse<\/strong>&nbsp;<\/p>\n<p><img loading=\"lazy\" decoding=\"async\" class=\"alignnone wp-image-6469 size-full\" src=\"https:\/\/claudinemarichal.be\/wp-content\/uploads\/2019\/09\/Racisme-anti-blancs-Afrique-du-Sud.jpg\" alt=\"\" width=\"500\" height=\"712\" srcset=\"https:\/\/claudinemarichal.be\/wp-content\/uploads\/2019\/09\/Racisme-anti-blancs-Afrique-du-Sud.jpg 500w, https:\/\/claudinemarichal.be\/wp-content\/uploads\/2019\/09\/Racisme-anti-blancs-Afrique-du-Sud-211x300.jpg 211w\" sizes=\"auto, (max-width: 500px) 100vw, 500px\" \/><\/p>\n<p><br style=\"clear: both;\"><br style=\"clear: both;\"><br style=\"clear: both;\"><\/p>\n<p><strong>Le wokisme dans toute son absurdit\u00e9 !<\/strong><\/p>\n<blockquote class=\"twitter-tweet\" data-width=\"550\" data-dnt=\"true\">\n<p lang=\"fr\" dir=\"ltr\">L&#39;ethnomasochisme en image : pour se faire pardonner l&#39;esclavage qu&#39;elle n&#39;a pas commis \u00e0 des hommes qui ne l&#39;ont pas subi, cette bonne femme baise leurs chaussures.<\/p>\n<p>Ces malades mentaux wokistes subliment leur haine de soi et des leurs par un amour d\u00e9lirant des autres. <a href=\"https:\/\/t.co\/V8jDUGnQis\">pic.twitter.com\/V8jDUGnQis<\/a><\/p>\n<p>&mdash; \u1d56\u1d43\u02b3\u1d52\u1d48\u2071\u1d49 Kim Jong Un (@KimJongUnique) <a href=\"https:\/\/twitter.com\/KimJongUnique\/status\/1647920962325585920?ref_src=twsrc%5Etfw\">April 17, 2023<\/a><\/p><\/blockquote>\n<p><script async src=\"https:\/\/platform.twitter.com\/widgets.js\" charset=\"utf-8\"><\/script><\/p>\n<p><img loading=\"lazy\" decoding=\"async\" class=\"alignnone wp-image-4599 size-full\" src=\"https:\/\/claudinemarichal.be\/wp-content\/uploads\/2019\/09\/Baise-pieds.jpg\" alt=\"\" width=\"500\" height=\"416\" srcset=\"https:\/\/claudinemarichal.be\/wp-content\/uploads\/2019\/09\/Baise-pieds.jpg 500w, https:\/\/claudinemarichal.be\/wp-content\/uploads\/2019\/09\/Baise-pieds-300x250.jpg 300w\" sizes=\"auto, (max-width: 500px) 100vw, 500px\" \/><br \/>\n<br style=\"clear: both;\"><br style=\"clear: both;\"><br style=\"clear: both;\"><strong>La priorit\u00e9 des lib\u00e9raux\/d\u00e9mocrates\/gauchistes avec leur programme LGBTQ+ :<\/strong><\/p>\n<p>Diversit\u00e9 = peu de Blancs<br \/>\nInclusion = exclusion des Blancs<br \/>\nEquit\u00e9 = voler les Blancs<\/p>\n<p><img loading=\"lazy\" decoding=\"async\" class=\"alignnone wp-image-7005 size-full\" src=\"https:\/\/claudinemarichal.be\/wp-content\/uploads\/2019\/09\/DIE.jpg\" alt=\"\" width=\"500\" height=\"370\" srcset=\"https:\/\/claudinemarichal.be\/wp-content\/uploads\/2019\/09\/DIE.jpg 500w, https:\/\/claudinemarichal.be\/wp-content\/uploads\/2019\/09\/DIE-300x222.jpg 300w\" sizes=\"auto, (max-width: 500px) 100vw, 500px\" \/><br \/>\n<br style=\"clear: both;\"><br style=\"clear: both;\"><br style=\"clear: both;\"><strong>\u00ab\u00a0Ils veulent nous faire croire que les Blancs ne sont en quelque sorte ni natifs ni indig\u00e8nes de quelque endroit de la plan\u00e8te que ce soit !\u00a0\u00bb<\/strong><\/p>\n<p>Matt Walsh est un commentateur politique am\u00e9ricain de droite et animateur de podcasts.<\/p>\n<p><a href=\"https:\/\/x.com\/MattWalshBlog\/status\/1923107067247661119\" target=\"_blank\" rel=\"noopener\">https:\/\/x.com\/MattWalshBlog\/status\/1923107067247661119<br \/>\n<img loading=\"lazy\" decoding=\"async\" class=\"alignnone wp-image-7203 size-full\" src=\"https:\/\/claudinemarichal.be\/wp-content\/uploads\/2019\/09\/Matt-Walsh.jpg\" alt=\"\" width=\"500\" height=\"281\" srcset=\"https:\/\/claudinemarichal.be\/wp-content\/uploads\/2019\/09\/Matt-Walsh.jpg 500w, https:\/\/claudinemarichal.be\/wp-content\/uploads\/2019\/09\/Matt-Walsh-300x169.jpg 300w\" sizes=\"auto, (max-width: 500px) 100vw, 500px\" \/><\/a><br \/>\n<br style=\"clear: both;\"><br style=\"clear: both;\"><br style=\"clear: both;\"><\/p>\n<p><strong>A partir de mardi les hommes blancs seront trait\u00e9s plus durement que les autres par la justice britannique<\/strong> (mars 2025)<\/p>\n<p>Le British Sentencing Council a d\u00e9cid\u00e9 qu&rsquo;\u00e0 partir de mardi (1er avril 2025), les hommes blancs seront condamn\u00e9s \u00e0 des peines de prison plus longues que les femmes et les minorit\u00e9s ethniques.<br \/>\nHenry Bolton (politicien britannique) : N\u00e9 en 1963, il a \u00e9t\u00e9 le dirigeant du Parti de l&rsquo;ind\u00e9pendance du Royaume-Uni (UKIP) de septembre 2017 \u00e0 f\u00e9vrier 2018.<\/p>\n<p><a href=\"https:\/\/x.com\/F_Desouche\/status\/1905966106591801747\" target=\"_blank\" rel=\"noopener\">https:\/\/x.com\/F_Desouche\/status\/1905966106591801747<br \/>\n<\/a><a href=\"https:\/\/x.com\/F_Desouche\/status\/1905966106591801747\" target=\"_blank\" rel=\"noopener\"><img loading=\"lazy\" decoding=\"async\" class=\"alignnone wp-image-7127 size-full\" src=\"https:\/\/claudinemarichal.be\/wp-content\/uploads\/2019\/09\/Loi-UK.jpg\" alt=\"\" width=\"500\" height=\"304\" srcset=\"https:\/\/claudinemarichal.be\/wp-content\/uploads\/2019\/09\/Loi-UK.jpg 500w, https:\/\/claudinemarichal.be\/wp-content\/uploads\/2019\/09\/Loi-UK-300x182.jpg 300w\" sizes=\"auto, (max-width: 500px) 100vw, 500px\" \/><\/a><br \/>\n<br style=\"clear: both;\"><br style=\"clear: both;\"><br style=\"clear: both;\"><\/p>\n<p><strong>IL FAUT SE REVEILLER !!!<\/strong><br \/>\n<br style=\"clear: both;\"><br style=\"clear: both;\"><strong>Le SPLC (Southern Poverty Law Center) inculp\u00e9 pour avoir financ\u00e9 le KKK et des groupes nazis<\/strong> (avril 2026)<\/p>\n<p>Il y a \u00e0 peine quatre mois, le ponte d\u00e9mocrate Jamie Raskin faisait la morale \u00e0 l\u2019Am\u00e9rique en expliquant qu\u2019il fallait absolument s\u2019appuyer sur le SPLC pour combattre la supr\u00e9matie blanche. Il s\u2019en prenait violemment \u00e0 Trump, l\u2019accusant de vouloir \u00ab saper \u00bb le pr\u00e9cieux travail de cette organisation.<br \/>\nCe m\u00eame SPLC qui vient d\u2019\u00eatre inculp\u00e9 pour avoir secr\u00e8tement financ\u00e9 le KKK et des groupes nazis avec plus de 3 millions de dollars d\u2019argent de dons. \ud83e\udd23<br \/>\nLa \u00ab supr\u00e9matie blanche \u00bb et la lutte contre le racisme n\u2019\u00e9taient en r\u00e9alit\u00e9 qu\u2019un fonds de commerce. Un outil pour effrayer la population noire et l\u2019emp\u00eacher de s\u2019unir aux Blancs. Parce que si les gens ordinaires, noirs et blancs, arr\u00eataient de se diviser et se tournaient ensemble contre les \u00e9lites qui les asservissent\u2026 ce serait game over pour le syst\u00e8me.<\/p>\n<p><a href=\"https:\/\/x.com\/BlackBondPtv\/status\/2046880343907516925?s=20\" target=\"_blank\" rel=\"noopener\">https:\/\/x.com\/BlackBondPtv\/status\/2046880343907516925?s=20<br \/>\n<\/a><a href=\"https:\/\/x.com\/BlackBondPtv\/status\/2046880343907516925?s=20\" target=\"_blank\" rel=\"noopener\"><img loading=\"lazy\" decoding=\"async\" class=\"alignnone wp-image-8279 size-full\" src=\"https:\/\/claudinemarichal.be\/wp-content\/uploads\/2019\/09\/SPLC-Raskin.jpg\" alt=\"\" width=\"500\" height=\"281\" srcset=\"https:\/\/claudinemarichal.be\/wp-content\/uploads\/2019\/09\/SPLC-Raskin.jpg 500w, https:\/\/claudinemarichal.be\/wp-content\/uploads\/2019\/09\/SPLC-Raskin-300x169.jpg 300w\" sizes=\"auto, (max-width: 500px) 100vw, 500px\" \/><\/a><\/p>\n<p><br style=\"clear: both;\"><br style=\"clear: both;\"><br style=\"clear: both;\"><strong>La r\u00e9v\u00e9lation explosive qui d\u00e9truit 10 ans de mensonges sur le racisme<\/strong> (avril 2026)<\/p>\n<p>Charlottesville en 2017 n\u2019\u00e9tait PAS une manifestation \u00ab d\u2019extr\u00eame droite \u00bb.<br \/>\nC\u2019\u00e9tait une op\u00e9ration mont\u00e9e de toutes pi\u00e8ces par un informateur du SPLC pay\u00e9 270 000 dollars.<br \/>\nLe Minist\u00e8re de la Justice am\u00e9ricain vient de l\u2019inculper.<br \/>\nUn false flag , orchestr\u00e9 pour fabriquer le narratif \u00ab racisme blanc \u00bb et justifier la chasse aux sorci\u00e8res.<br \/>\nBarbara Boyd expose la v\u00e9rit\u00e9 brute.<br \/>\n10 ann\u00e9es de propagande qui s\u2019effondrent en direct.<\/p>\n<p><a href=\"https:\/\/x.com\/BlackBondPtv\/status\/2048131048559538382?s=20\" target=\"_blank\" rel=\"noopener\">https:\/\/x.com\/BlackBondPtv\/status\/2048131048559538382?s=20<br \/>\n<\/a><a href=\"https:\/\/x.com\/BlackBondPtv\/status\/2048131048559538382?s=20\" target=\"_blank\" rel=\"noopener\"><img loading=\"lazy\" decoding=\"async\" class=\"alignnone wp-image-8281 size-full\" src=\"https:\/\/claudinemarichal.be\/wp-content\/uploads\/2019\/09\/Barbara-Boyd.jpg\" alt=\"\" width=\"500\" height=\"281\" srcset=\"https:\/\/claudinemarichal.be\/wp-content\/uploads\/2019\/09\/Barbara-Boyd.jpg 500w, https:\/\/claudinemarichal.be\/wp-content\/uploads\/2019\/09\/Barbara-Boyd-300x169.jpg 300w\" sizes=\"auto, (max-width: 500px) 100vw, 500px\" \/><\/a><\/p>\n<p><br style=\"clear: both;\"><br style=\"clear: both;\"><br style=\"clear: both;\"><strong>La civilisation occidentale &#8211; webjournal de Radio Qu\u00e9bec<\/strong> (janvier 2026)<\/p>\n<p>Nous n&rsquo;avons absolument rien \u00e0 envier aux autres civilisations. Alexis Cossette nous le d\u00e9montre\/rappelle bien.<\/p>\n<p><a href=\"https:\/\/rumble.com\/v74ij2m-civilisation-occidentale-101.html?e9s=src_v1_sa%2Csrc_v1_sa_o%2Csrc_v1_upp_a\" target=\"_blank\" rel=\"noopener\">https:\/\/rumble.com\/v74ij2m-civilisation-occidentale-101.html?e9s=src_v1_sa%2Csrc_v1_sa_o%2Csrc_v1_upp_a<\/a><br \/>\n<img loading=\"lazy\" decoding=\"async\" class=\"alignnone wp-image-8038 size-full\" src=\"https:\/\/claudinemarichal.be\/wp-content\/uploads\/2019\/09\/Radio-Quebec.jpg\" alt=\"\" width=\"500\" height=\"278\" srcset=\"https:\/\/claudinemarichal.be\/wp-content\/uploads\/2019\/09\/Radio-Quebec.jpg 500w, https:\/\/claudinemarichal.be\/wp-content\/uploads\/2019\/09\/Radio-Quebec-300x167.jpg 300w\" sizes=\"auto, (max-width: 500px) 100vw, 500px\" \/><\/p>\n<p><br style=\"clear: both;\"><br style=\"clear: both;\"><br style=\"clear: both;\"><strong>Avec JD Vance, l\u2019Am\u00e9rique cesse de s\u2019agenouiller<\/strong> (d\u00e9cembre 2025)<\/p>\n<p>\u00c0 Phoenix, sous le soleil \u00e9crasant de l\u2019Arizona, quelque chose s\u2019est fissur\u00e9. Ou plut\u00f4t, quelque chose s\u2019est referm\u00e9 : la parenth\u00e8se de la culpabilit\u00e9 permanente. En affirmant qu\u2019\u00ab on n\u2019a plus \u00e0 s\u2019excuser d\u2019\u00eatre blanc \u00bb, JD Vance n\u2019a pas seulement provoqu\u00e9 la gauche am\u00e9ricaine. Il a act\u00e9 un basculement id\u00e9ologique majeur, d\u00e9j\u00e0 \u00e0 l\u2019\u0153uvre mais d\u00e9sormais assum\u00e9 au sommet de l\u2019\u00c9tat.<br \/>\nPendant des ann\u00e9es, l\u2019Occident s\u2019est soumis \u00e0 une liturgie expiatoire. S\u2019excuser d\u2019exister, s\u2019excuser d\u2019h\u00e9riter, s\u2019excuser de transmettre. La couleur de peau, l\u2019histoire, la culture, tout devait \u00eatre d\u00e9construit, dilu\u00e9, repentant. En une phrase, Vance balaie ce logiciel. Non pas pour nier les fautes du pass\u00e9, mais pour refuser qu\u2019elles deviennent une condamnation perp\u00e9tuelle.<\/p>\n<p><a href=\"https:\/\/lalettrepatriote.com\/avec-jd-vance-lamerique-cesse-de-sagenouiller\/\" target=\"_blank\" rel=\"noopener\">https:\/\/lalettrepatriote.com\/avec-jd-vance-lamerique-cesse-de-sagenouiller\/<br \/>\n<\/a><a href=\"https:\/\/lalettrepatriote.com\/avec-jd-vance-lamerique-cesse-de-sagenouiller\/\" target=\"_blank\" rel=\"noopener\"><img loading=\"lazy\" decoding=\"async\" class=\"alignnone wp-image-8040 size-full\" src=\"https:\/\/claudinemarichal.be\/wp-content\/uploads\/2019\/09\/JD-VAnce-1.jpg\" alt=\"\" width=\"500\" height=\"333\" srcset=\"https:\/\/claudinemarichal.be\/wp-content\/uploads\/2019\/09\/JD-VAnce-1.jpg 500w, https:\/\/claudinemarichal.be\/wp-content\/uploads\/2019\/09\/JD-VAnce-1-300x200.jpg 300w\" sizes=\"auto, (max-width: 500px) 100vw, 500px\" \/><\/a><br \/>\n<a href=\"https:\/\/www.youtube.com\/watch?v=TjhzZuuyv2M\" target=\"_blank\" rel=\"noopener\">https:\/\/www.youtube.com\/watch?v=TjhzZuuyv2M<\/a><\/p>\n<p><br style=\"clear: both;\"><br style=\"clear: both;\"><br style=\"clear: both;\"><strong>White lives matter !<\/strong> (octobre 2025)<\/p>\n<p>Le d\u00e9put\u00e9 slovaque au Parlement europ\u00e9en Milan Mazurek s&rsquo;exprime fortement !<br \/>\n\u00ab Je vais dire quelque chose qui posera probl\u00e8me \u00e0 beaucoup d&rsquo;entre vous, et je le dirai haut et fort : Les vies blanches comptent<br \/>\nParce qu&rsquo;en ce moment, les personnes blanches ne sont qu&rsquo;une toute petite minorit\u00e9 dans ce monde, et les personnes blanches sont le groupe le plus ha\u00ef dans le monde entier. Tout est permis contre les personnes blanches. Vous pouvez r\u00e9pandre ouvertement la haine et le racisme contre les personnes blanches. Vous pouvez appeler ouvertement \u00e0 la violence contre les personnes blanches et personne ne vous interdira l&rsquo;acc\u00e8s aux r\u00e9seaux sociaux. Personne ne vous poursuivra ni ne vous mettra en prison pour cela. Personne ne vous poursuivra ni ne tentera de d\u00e9truire votre vie pour avoir fait une chose pareille.<br \/>\nEt c&rsquo;est pourquoi je consid\u00e8re qu&rsquo;il est tr\u00e8s important de r\u00e9p\u00e9ter cela pour vous en tant qu&rsquo;homme blanc, en tant que p\u00e8re chr\u00e9tien de famille, Les vies blanches comptent \u00bb<\/p>\n<p><a href=\"https:\/\/x.com\/BPartisans\/status\/1977294342915063844\" target=\"_blank\" rel=\"noopener\">https:\/\/x.com\/BPartisans\/status\/1977294342915063844<br \/>\n<\/a><a href=\"https:\/\/x.com\/BPartisans\/status\/1977294342915063844\" target=\"_blank\" rel=\"noopener\"><img loading=\"lazy\" decoding=\"async\" class=\"alignnone wp-image-7465 size-full\" src=\"https:\/\/claudinemarichal.be\/wp-content\/uploads\/2019\/09\/White-lives-matter.jpg\" alt=\"\" width=\"500\" height=\"281\" srcset=\"https:\/\/claudinemarichal.be\/wp-content\/uploads\/2019\/09\/White-lives-matter.jpg 500w, https:\/\/claudinemarichal.be\/wp-content\/uploads\/2019\/09\/White-lives-matter-300x169.jpg 300w\" sizes=\"auto, (max-width: 500px) 100vw, 500px\" \/><\/a><\/p>\n<p><br style=\"clear: both;\"><br style=\"clear: both;\"><br style=\"clear: both;\"><\/p>\n<p><strong>&#8212; Retour \u00e0 la rubrique <a href=\"https:\/\/claudinemarichal.be\/?page_id=3539\">\u00ab\u00a0Se r\u00e9veiller\u00a0\u00bb<\/a> &#8212;<\/strong><br \/>\n<em>Tous les articles se trouvent en dessous du texte.<\/em><\/p>\n","protected":false},"excerpt":{"rendered":"<p>J\u2019ai h\u00e9sit\u00e9 \u00e0 cr\u00e9er un article sur ce sujet car il est d\u00e9licat et peut \u00eatre mal interpr\u00e9t\u00e9, mais ne pas le faire serait aussi nier une r\u00e9alit\u00e9 de tous les jours : Le racisme anti-Blancs existe bel et bien. Il est invisible pour la majorit\u00e9 des gens car il est volontairement censur\u00e9, ignor\u00e9, minimis\u00e9, d\u00e9cr\u00e9dibilis\u00e9 par les m\u00e9dias grand public collabos des \u00e9lites talmudo-mondialistes. Le racisme entre personnes de couleur de peau diff\u00e9rente a toujours exist\u00e9. C&rsquo;est une bien triste r\u00e9alit\u00e9. Mais est-ce dans la nature de l\u2019Homme d\u2019\u00eatre raciste ? Non, je ne le crois pas. Nous ne naissons pas racistes ; nous sommes conditionn\u00e9s \u00e0 le devenir en grandissant parce que la soci\u00e9t\u00e9, influenc\u00e9e par le Mal incarn\u00e9 par les Talmudistes satanistes (Cabale), nous apprend \u00e0 discriminer, \u00e0 juger, \u00e0 ha\u00efr nos fr\u00e8res. Le racisme a \u00e9t\u00e9 cr\u00e9\u00e9 et est entretenu depuis des milliers d\u2019ann\u00e9es par la Cabale (qu&rsquo;on appelle aussi l&rsquo;Etat Profond, les Talmudo-satanistes) dans le but de nous diviser. Jusqu\u2019\u00e0 la fin du 20\u00e8me si\u00e8cle en Occident, il \u00e9tait principalement dirig\u00e9 contre les personnes de couleur, avec le pr\u00e9suppos\u00e9 selon lequel elles seraient inf\u00e9rieures aux Blancs, voire nuisibles. Ces personnes, qu\u2019on appelle maintenant \u00ab personnes racis\u00e9es \u00bb, ont \u00e9t\u00e9 longtemps structurellement discrimin\u00e9es dans l\u2019enseignement, l\u2019emploi, le logement, etc. en Occident. Ce n\u2019est plus le cas, m\u00eame pour les immigr\u00e9s clandestins qui, depuis quelques ann\u00e9es, se voient accorder des droits que n&rsquo;ont pas les SDF autochtones. Depuis une vingtaine d\u2019ann\u00e9es, les associations contre le racisme et quelques militants gaucho-progressistes reviennent sur l\u2019histoire coloniale et incriminent le privil\u00e8ge blanc1, contribuant ainsi non seulement \u00e0 injustement culpabiliser les Blancs mais \u00e9galement \u00e0 attiser la haine des personnes racis\u00e9es envers les Occidentaux. On assiste \u00e0 l\u2019\u00e9mergence d\u2019un mouvement anti-Blancs en Occident, men\u00e9 par des communaut\u00e9s noires, m\u00e9tisses et islamistes, mais aussi encourag\u00e9, contre toute attente, par des personnes de couleur blanche, qui sans le savoir &#8211; ou en conscience &#8211;&nbsp; font le jeu des Talmudo-satanistes. Attis\u00e9 par ceux-ci et soutenu par les m\u00e9dias, le racisme anti-Blancs nous vient des Etats-Unis o\u00f9 il est enseign\u00e9 dans les universit\u00e9s pour soi-disant lutter contre &#8230; le racisme ! Certains politiciens et personnages publiques vont m\u00eame jusqu\u2019\u00e0 d\u00e9clarer en public qu\u2019ils ont honte d\u2019\u00eatre blancs ! Ce qui est \u00ab\u00a0merveilleux\u00a0\u00bb avec le wokisme c\u2019est que les racis\u00e9s peuvent enfin afficher leur racisme anti-Blancs totalement d\u00e9complex\u00e9. &nbsp; 1\u00ab Le privil\u00e8ge blanc (ou privil\u00e8ge de la peau blanche) est une expression utilis\u00e9e pour la premi\u00e8re fois en 1988 par l&rsquo;Am\u00e9ricaine Peggy McIntosh, afin d&rsquo;exprimer la th\u00e8se selon laquelle les personnes blanches b\u00e9n\u00e9ficieraient sans s&rsquo;en rendre compte dans les pays occidentaux de privil\u00e8ges sociaux, soci\u00e9taux, politiques ou \u00e9conomiques, qui ne seraient pas accord\u00e9s aux personnes non blanches dans le m\u00eame contexte, ce qui constituerait un \u00ab ensemble invisible d&rsquo;avantages non m\u00e9rit\u00e9s \u00bb.&nbsp;\u00bb https:\/\/fr.wikipedia.org\/wiki\/Privil%C3%A8ge_blanc Les \u00e9coles au Canada enseignent le \u00ab privil\u00e8ge blanc \u00bb et le \u00ab racisme syst\u00e9mique \u00bb (d\u00e9cembre 2023) \u00ab L\u2019antiracisme est enseign\u00e9 aux \u00e9coliers canadiens, et certains parents ont d\u00e9clar\u00e9 \u00e0 Epoch Times que leurs enfants rentrent \u00e0 la maison d\u00e9sempar\u00e9s. Ils sentent qu\u2019un foss\u00e9 se creuse entre eux et les autres \u00e0 cause d\u2019une id\u00e9ologie qui les divise en deux groupes\u202f: les oppresseurs blancs et les opprim\u00e9s non blancs. \u00bb \u00ab &#8230; Rachel est rentr\u00e9e chez elle boulevers\u00e9e par ce qui lui a \u00e9t\u00e9 enseign\u00e9, \u00e0 tel point qu\u2019elle a d\u00fb sortir de classe. Elle avait l\u2019impression qu\u2019en tant que personne blanche, elle \u00e9tait attaqu\u00e9e et humili\u00e9e \u00e0 cause de la couleur de sa peau \u00bb. Il poursuit\u202f: \u00ab Elle s\u2019est rendu compte qu\u2019elle \u00e9tait qualifi\u00e9e de raciste, d\u2019oppresseur ou de privil\u00e9gi\u00e9e, et en \u00e9tait profond\u00e9ment meurtrie car c\u2019est contraire \u00e0 la fois \u00e0 l\u2019exp\u00e9rience de Rachel \u00e0 la maison et \u00e0 ses valeurs en tant que personne \u00bb. \u00ab Il nous semble \u00e9vident que les concepts de \u2018culpabilit\u00e9 blanche\u2019 sont incroyablement toxiques. \u00bb \u00ab Certains se sont \u00e9galement inqui\u00e9t\u00e9s de l\u2019impact des enseignements antiracistes sur les \u00e9l\u00e8ves non-blancs. \u00bb \u00ab Des parents d\u2019\u00e9l\u00e8ves indig\u00e8nes et indo-canadiens m\u2019ont contact\u00e9 pour me dire qu\u2019on avait enseign\u00e9 \u00e0 leur enfant cette p\u00e9dagogie de l\u2019opprim\u00e9 \u00bb, a d\u00e9clar\u00e9 Jeff Park, directeur g\u00e9n\u00e9ral de l\u2019Alberta Parents\u2019 Union, \u00e0 Epoch Times. \u00ab Ils ne s\u2019\u00e9taient jamais consid\u00e9r\u00e9s comme opprim\u00e9s auparavant, et cela les a traumatis\u00e9s de devoir se dire que leurs camarades de classe sont des oppresseurs et qu\u2019eux-m\u00eames sont des opprim\u00e9s. \u00bb \u00ab L\u2019antiracisme est fondamentalement un id\u00e9ologie n\u00e9omarxiste sous un autre nom. \u00bb https:\/\/www.epochtimes.fr\/analyse-les-ecoles-au-canada-enseignent-le-privilege-blanc-et-le-racisme-systemique-2480504.html Le racisme anti-Blanc enseign\u00e9 dans les universit\u00e9s am\u00e9ricaines (novembre 2020) Universit\u00e9 d&rsquo;Evergreen (Etat de Washington) En 2017, une pol\u00e9mique a mis au grand jour un probl\u00e8me de radicalisation des \u00e9tudiants d&rsquo;extr\u00eame-gauche sur les campus des facs am\u00e9ricaines. Le Directeur veut mettre en place un syst\u00e8me d&rsquo;\u00e9quit\u00e9. Donc, en principe le syst\u00e8me adapte les ressources aux besoins de chaque individu pour que tout le monde r\u00e9ussisse. Mais le directeur a une autre id\u00e9e de l&rsquo;\u00e9quit\u00e9. Pour lui, \u00e7a veut dire \u00ab\u00a0dictature de la bien-pensance progressiste\u00a0\u00bb. Les professeurs se pr\u00e9sentent aux nouveaux \u00e9l\u00e8ves en 2016 et ils le font d&rsquo;une mani\u00e8re un peu \u00e9trange. Une femme dit : \u00ab\u00a0J&rsquo;ai beaucoup de privil\u00e8ges. Les deux plus importants sont le fait que je sois blanche et cisgenre.\u00a0\u00bb Une autre femme dit : \u00ab\u00a0Je suis blanche, queer et je suis grosse.\u00a0\u00bb Un homme noir dit : \u00ab\u00a0Ma couleur de peau est diff\u00e9rente de beaucoup de gens de pouvoir, mais je suis un homme, h\u00e9t\u00e9ro, cisgenre.\u00a0\u00bb Cette mani\u00e8re de se pr\u00e9senter, ils appellent \u00e7a le positionnement. Avant d&rsquo;\u00eatre un individu avec une personnalit\u00e9 et un temp\u00e9rament, vous \u00eates d&rsquo;abord d\u00e9fini par votre appartenance \u00e0 un groupe qui est lui-m\u00eame positionn\u00e9 sur une hi\u00e9rarchie des privil\u00e8ges. Donc vous allez vous positionner en donnant votre couleur de peau, votre sexe, votre genre, donc cisgenre si vous n&rsquo;\u00eates pas transgenre, et si l&rsquo;une de ces identit\u00e9s vous apporte un privil\u00e8ge, vous devez le reconna\u00eetre publiquement. \u00ab\u00a0Quand j&rsquo;entre dans une pi\u00e8ce, je ne sais pas si c&rsquo;est le privil\u00e8ge masculin, le privil\u00e8ge blanc, le privil\u00e8ge d&rsquo;\u00e9ducation, je les ai tous, \u00e2ge, &#8230; Je peux \u00eatre retenu comme blanc, cisgenre, homme h\u00e9t\u00e9ronormatif, qui essaye de savoir quoi faire avec toutes ces cartes de privil\u00e8ges pour faire avancer la justice sociale de mani\u00e8re respectueuse.\u00a0\u00bb Dans cet univers o\u00f9 chacun est consid\u00e9r\u00e9 soit comme oppresseur soit comme victime d&rsquo;oppression, l&rsquo;antiracisme intersectionnel est une v\u00e9ritable religion d&rsquo;Etat. \u00ab\u00a0Le racisme doit \u00eatre continuellement identifi\u00e9, analys\u00e9 et combattu, sans fin. La question n&rsquo;est pas : \u00ab\u00a0Y a-t-il eu racisme ?\u00a0\u00bb, mais \u00ab\u00a0Comment le racisme s&rsquo;est-il manifest\u00e9 dans cette situation ?\u00a0\u00bb. Le statu quo racial est confortable pour les Blancs. Tout ce qui rend les Blancs confortables est suspect. Les victimes d&rsquo;oppressions racistes ont une exp\u00e9rience plus famili\u00e8re avec le syst\u00e8me de race que leurs oppresseurs. Cependant les professeurs blancs profitent d&rsquo;une plus grande l\u00e9gitimit\u00e9. La positionnalit\u00e9 doit donc \u00eatre discut\u00e9e. La r\u00e9sistance \u00e0 l\u2019\u00e9ducation antiraciste est pr\u00e9visible et nous devons y r\u00e9pondre de mani\u00e8re claire et strat\u00e9gique.\u00a0\u00bb Cette femme (qui vient de parler) est sp\u00e9cialiste de la blanchit\u00e9. Blanchit\u00e9 c&rsquo;est un peu comme le concept de masculinit\u00e9 toxique, c&rsquo;est quelque chose de malsain que vous portez en vous et qui est \u00e0 la fois l&rsquo;essence et la manifestation de votre privil\u00e8ge blanc. Evergreen est une institution profond\u00e9ment lib\u00e9rale, anti-discrimination. C&rsquo;est dans son ADN. Il n&rsquo;y avait pas concr\u00e8tement de probl\u00e8mes de racisme \u00e0 la base. Sauf que l\u00e0, l&rsquo;\u00ab \u00e9quit\u00e9 \u00bb \u00e7a veut dire \u00ab\u00a0combattre le racisme\u00a0\u00bb. Comment on fait s&rsquo;il n&rsquo;y a pas de racisme ? Et bien on utilise la magie du racisme syst\u00e9mique. Le racisme syst\u00e9mique c&rsquo;est une sorte de gaz : il est invisible, impalpable et il est absolument partout. https:\/\/odysee.com\/@Salazar:1\/universit%C3%A9-Evergreen-racisme-anti-blanc-USA:6 Ce professeur affirme que les Blancs qui traitent toutes les races sur un pied d&rsquo;\u00e9galit\u00e9 sont \u00ab dangereux \u00bb ! La conf\u00e9rence, intitul\u00e9e \u00ab Qu&rsquo;est-ce que cela signifie d&rsquo;\u00eatre blanc \u00bb, a \u00e9t\u00e9 donn\u00e9e par Robin DiAngelo, professeur \u00e0 l&rsquo;universit\u00e9 de Washington. Mme DiAngelo, qui, selon son site Internet, se sp\u00e9cialise dans les \u00ab \u00e9tudes sur la blanchit\u00e9\u00bb, a ajout\u00e9 que les personnes qui affirment qu&rsquo;on leur a appris \u00e0 traiter tout le monde de la m\u00eame fa\u00e7on nient les Noirs. Voil\u00e0 comment on cr\u00e9e le raciste anti-Blancs ! https:\/\/www.youtube.com\/watch?v=HQ5fmzTBb6M Eminem : \u00ab\u00a0\u00catre blanc est tellement embarrassant. J&rsquo;ai envie de me suicider\u00a0\u00bb (2017) \ud83e\udd2a Elle a honte d&rsquo;\u00eatre blanche ! Des gauchiasses baisent les pieds de Noirs de honte d&rsquo;\u00eatre blancs ! Bande de tar\u00e9s ! https:\/\/x.com\/_Direct_News\/status\/1738597707613147328?s=20 \u00ab Manger de la viande est raciste et une expression de la supr\u00e9matie blanche \u00bb (30 janvier 2024) Discours de Carol J. Adams, \u00e9crivaine et militante f\u00e9ministe, au sein de l\u2019universit\u00e9 d\u2019Oxford :&nbsp; \u00ab Notre blancheur fait partie du probl\u00e8me de la consommation de viande. \u00bb \u00ab La consommation de viande est \u00e9galement l\u2019un des moyens par lesquels l\u2019oppression bas\u00e9e sur le genre se perp\u00e9tue. \u00bb On prend tous les quelques \u00e9l\u00e9ments de langage woke, on m\u00e9lange un bon coup et hop, \u00e7a fait un beau discours d\u00e9bile. https:\/\/x.com\/BPartisans\/status\/1752325556694073734?s=20 Privil\u00e8ge blanc, racisme syst\u00e9mique, blanchit\u00e9 : France TV sert la soupe aux indig\u00e9nistes (2019) Francetv a interview\u00e9 l\u2019acteur Matthieu Longatte, com\u00e9dien quelque peu connu pour ses vid\u00e9os acerbes diffus\u00e9es sur les r\u00e9seaux sociaux sous le nom de \u00ab Bonjour tristesse \u00bb et dans lesquelles il se veut critique de la vie politique fran\u00e7aise et l\u2019actualit\u00e9 en n\u2019\u00e9pargnant aucun sujet. \u00ab Quand t\u2019es blanc, et que tu es un homme, en plus, tu es tr\u00e8s privil\u00e9gi\u00e9. Privil\u00e9gi\u00e9 par rapport \u00e0 quasiment tout. Le rapport aux institutions, notamment \u00e0 la police, le rapport au travail, parce qu\u2019on est clairement les seuls \u00e0 ne pas \u00eatre discrimin\u00e9s au travail ; le rapport \u00e0 la recherche de logement, o\u00f9, pareil, on n\u2019est les seuls \u00e0 ne pas \u00eatre discrimin\u00e9s du tout \u00bb, explique l\u2019artiste de 32 ans. https:\/\/www.valeursactuelles.com\/societe\/privilege-blanc-racisme-systemique-blanchite-france-tv-sert-la-soupe-aux-indigenistes Le privil\u00e8ge blanc n&rsquo;existe pas, un regard inconfortable sur les faits et la v\u00e9rit\u00e9 (White Privilege Isn&rsquo;t Real, an uncomfortable look at the facts and the truth) (f\u00e9vrier 2023) Statistiques sur la criminalit\u00e9 des Noirs et des Blancs Le mythe du privil\u00e8ge blanc veut que les Noirs soient arr\u00eat\u00e9s et incarc\u00e9r\u00e9s en plus grand nombre en raison du racisme syst\u00e9mique qui existe au sein des forces de l&rsquo;ordre et des tribunaux. Cependant, le privil\u00e8ge blanc n&rsquo;existe pas et nous allons prouver que le racisme institutionnel n&rsquo;en est pas la cause, mais que l&rsquo;effondrement de la cellule familiale et les personnes non \u00e9duqu\u00e9es qui font de mauvais choix de vie sont les v\u00e9ritables causes du probl\u00e8me. Conclusions : &#8211; C&rsquo;est une v\u00e9rit\u00e9 qui met mal \u00e0 l&rsquo;aise, mais les Noirs commettent presque trois fois plus de crimes que les Blancs. &#8211; Les Noirs commettent 36 % des crimes violents aux \u00c9tats-Unis alors qu&rsquo;ils ne repr\u00e9sentent que 13 % de la population. &#8211; En Angleterre, les Noirs commettent pr\u00e8s de trois fois plus de crimes que les Blancs. &#8211; La parit\u00e9 des taux de criminalit\u00e9 noire aux \u00c9tats-Unis et au Royaume-Uni prouve qu&rsquo;il n&rsquo;y a pas de pr\u00e9jug\u00e9s raciaux syst\u00e9miques ou institutionnels aux \u00c9tats-Unis et que le syst\u00e8me judiciaire ne cible pas injustement les Noirs. &#8211; Il n&rsquo;y a pas de racisme syst\u00e9mique dans le syst\u00e8me judiciaire am\u00e9ricain. &#8211; Il n&rsquo;y a pas de pr\u00e9jug\u00e9s raciaux qui ciblent injustement des Noirs innocents dans le syst\u00e8me p\u00e9nal am\u00e9ricain. https:\/\/whiteprivilegeisntreal.org\/black-vs-white-crime-statistics\/ Le maire le plus raciste et le plus clivant de l&rsquo;histoire de Londres Sadiq Khan : \u00ab Il y a trop d&rsquo;hommes blancs dans les transports londoniens. \u00bb Des coups de couteau parce que blanc ! (22 d\u00e9cembre 2025) https:\/\/x.com\/FranceSouvUnie\/status\/2003222720910426539?s=20 Le candidat d\u00e9mocrate \u00e0 la mairie de New-York veut augmenter les taxes sur les Blancs (juin 2025) Mamdani estime que les \u00ab quartiers blancs \u00bb devraient payer des taxes fonci\u00e8res plus \u00e9lev\u00e9es. \u00ab\u00a089% des Noirs sont tu\u00e9s par des Noirs, 7% par des Blancs dont seulement 1% sont des policiers.\u00a0\u00bb \u00ab\u00a0Les m\u00e9dias, les lib\u00e9raux ne veulent pas que vous le sachiez parce qu&rsquo;ils veulent que vous vous concentriez sur les 1% au lieu de se concentrer sur les 89 %. Et ils veulent que vous croyiez qu&rsquo;ils sont de votre c\u00f4t\u00e9 alors qu&rsquo;ils ne le sont&#8230;<\/p>\n","protected":false},"author":1,"featured_media":5223,"comment_status":"open","ping_status":"open","sticky":false,"template":"","format":"standard","meta":{"ngg_post_thumbnail":0,"footnotes":""},"categories":[145],"tags":[],"class_list":["post-4415","post","type-post","status-publish","format-standard","has-post-thumbnail","hentry","category-se-reveiller"],"acf":[],"_links":{"self":[{"href":"https:\/\/claudinemarichal.be\/index.php?rest_route=\/wp\/v2\/posts\/4415","targetHints":{"allow":["GET"]}}],"collection":[{"href":"https:\/\/claudinemarichal.be\/index.php?rest_route=\/wp\/v2\/posts"}],"about":[{"href":"https:\/\/claudinemarichal.be\/index.php?rest_route=\/wp\/v2\/types\/post"}],"author":[{"embeddable":true,"href":"https:\/\/claudinemarichal.be\/index.php?rest_route=\/wp\/v2\/users\/1"}],"replies":[{"embeddable":true,"href":"https:\/\/claudinemarichal.be\/index.php?rest_route=%2Fwp%2Fv2%2Fcomments&post=4415"}],"version-history":[{"count":84,"href":"https:\/\/claudinemarichal.be\/index.php?rest_route=\/wp\/v2\/posts\/4415\/revisions"}],"predecessor-version":[{"id":8282,"href":"https:\/\/claudinemarichal.be\/index.php?rest_route=\/wp\/v2\/posts\/4415\/revisions\/8282"}],"wp:featuredmedia":[{"embeddable":true,"href":"https:\/\/claudinemarichal.be\/index.php?rest_route=\/wp\/v2\/media\/5223"}],"wp:attachment":[{"href":"https:\/\/claudinemarichal.be\/index.php?rest_route=%2Fwp%2Fv2%2Fmedia&parent=4415"}],"wp:term":[{"taxonomy":"category","embeddable":true,"href":"https:\/\/claudinemarichal.be\/index.php?rest_route=%2Fwp%2Fv2%2Fcategories&post=4415"},{"taxonomy":"post_tag","embeddable":true,"href":"https:\/\/claudinemarichal.be\/index.php?rest_route=%2Fwp%2Fv2%2Ftags&post=4415"}],"curies":[{"name":"wp","href":"https:\/\/api.w.org\/{rel}","templated":true}]}}