{"id":4313,"date":"2019-09-08T11:00:53","date_gmt":"2019-09-08T09:00:53","guid":{"rendered":"https:\/\/claudinemarichal.be\/?p=4313"},"modified":"2026-03-19T20:34:10","modified_gmt":"2026-03-19T19:34:10","slug":"lavortement-a-9-mois","status":"publish","type":"post","link":"https:\/\/claudinemarichal.be\/?p=4313","title":{"rendered":"L&rsquo;avortement \u00e0 9 mois"},"content":{"rendered":"<p><strong>La l\u00e9gislation dans le monde<\/strong><br \/>\nL\u2019avortement est interdit dans la plupart des pays dans le monde. Seul l\u2019Occident l\u2019autorise avec des d\u00e9lais plus ou moins longs. Certains Etats d\u00e9mocrates aux Etats-Unis et la France ont m\u00eame l\u00e9galis\u00e9 l\u2019avortement \u00e0 9 mois ! On ne peut plus parler d\u2019avortement mais de meurtre, un foetus \u00e9tant viable d\u00e8s 6 mois !<\/p>\n<p><strong>En Europe<\/strong><br \/>\nPresque tous les pays europ\u00e9ens autorisent l\u2019interruption volontaire de grossesse (IVG).<br \/>\n<a href=\"https:\/\/queldelai.fr\/delais-pour-avorter-dans-le-monde\/\">Les d\u00e9lais d\u2019avortement en Europe<\/a> vont de 10 \u00e0 14 semaines (14 pour la Belgique) et plus pour les pays suivants :<br \/>\nPays-Bas : jusqu\u2019\u00e0 la 24e semaine si la femme s&rsquo;estime en situation de d\u00e9tresse (= 6 mois !)<br \/>\nRoyaume-Uni : jusqu&rsquo;\u00e0 9 mois, sans conditions, depuis mars 2026<br \/>\nSu\u00e8de : jusqu\u2019\u00e0 la 18e semaine, sans conditions (= 4,5 mois)<br \/>\nFrance (depuis l\u2019\u00e9t\u00e9 2020) : 9 mois ! en cas de d\u00e9tresse psychosociale.<\/p>\n<p><em>Un petit gar\u00e7on \u00e0 18 semaines de grossesse -&gt;<\/em> <a href=\"https:\/\/fb.watch\/CTzzUkIruo\/\" target=\"_blank\" rel=\"noopener\">https:\/\/fb.watch\/CTzzUkIruo\/<\/a><\/p>\n<p><strong>Pourquoi des d\u00e9lais si longs ?<\/strong><br \/>\nPourquoi un enfant pr\u00e8s de na\u00eetre ne peut-il pas \u00eatre propos\u00e9 \u00e0 l\u2019adoption si la m\u00e8re ne peut pas assumer son r\u00f4le ? Pourquoi tuer l\u2019enfant ? Mon corps m\u2019appartient ? (slogan brandi dans les manifs pro-avortement). Oui, mais le f\u0153tus n\u2019est pas mon corps. Il s\u2019agit d\u2019un \u00eatre distinct \u00e0 l\u2019int\u00e9rieur de mon corps. L\u2019avortement est peut-\u00eatre une libert\u00e9 pour la m\u00e8re mais c\u2019est au prix de la mort de l\u2019enfant \u00e0 na\u00eetre.<br \/>\nLa \u00ab d\u00e9tresse psychosociale \u00bb n\u2019est-elle pas un pr\u00e9texte pour un objectif sordide qu\u2019on voudrait cacher ?<\/p>\n<p>Cette femme qui a \u00e9crit \u00ab\u00a0pas encore un \u00eatre humain\u00a0\u00bb sur son ventre ne sent-elle pas la vie en elle ?<\/p>\n<p><img loading=\"lazy\" decoding=\"async\" class=\"alignnone wp-image-4329\" src=\"https:\/\/claudinemarichal.be\/wp-content\/uploads\/2023\/04\/cancel-cult-not-yet-a-human-225x300.jpg\" alt=\"\" width=\"500\" height=\"667\" srcset=\"https:\/\/claudinemarichal.be\/wp-content\/uploads\/2023\/04\/cancel-cult-not-yet-a-human-225x300.jpg 225w, https:\/\/claudinemarichal.be\/wp-content\/uploads\/2023\/04\/cancel-cult-not-yet-a-human-768x1024.jpg 768w, https:\/\/claudinemarichal.be\/wp-content\/uploads\/2023\/04\/cancel-cult-not-yet-a-human.jpg 956w\" sizes=\"auto, (max-width: 500px) 100vw, 500px\" \/><\/p>\n<p><strong>Et l\u2019\u00e2me dans tout \u00e7a ?<\/strong><br \/>\n\u00ab <em>Les recherches montrent que d\u00e8s avant la naissance, l\u2019enfant est en relation active avec le monde environnant et son \u00e9tat physique et spirituel est en premier lieu influenc\u00e9 par l\u2019\u00e9tat spirituel et \u00e9thique de sa m\u00e8re. <u>Au cinqui\u00e8me mois de grossesse, l\u2019enfant est en union avec Dieu<\/u> et re\u00e7oit de lui ses aptitudes. Aux troisi\u00e8me et quatri\u00e8me mois, la m\u00e8re passe par des \u00e9preuves. Elles peuvent se manifester de diverses mani\u00e8res ; mais du r\u00e9sultat qui s\u2019ensuit d\u00e9pendent le caract\u00e8re et la vie de l\u2019enfant \u00e0 venir. L\u2019essentiel est que l\u2019orientation pour les valeurs spirituelles soit toujours plus importante que pour tout le reste.<\/em> \u00bb Extrait de \u00ab<em> Diagnostic karmique \u2013 Vers une m\u00e9decine de l\u2019\u00e2me<\/em> \u00bb de Serguei Lazarev, Editions du Dauphin, 2002, page 109<\/p>\n<p><br style=\"clear: both;\"><br style=\"clear: both;\"><br style=\"clear: both;\"><\/p>\n<h6>Sur l\u2019avortement \u00e0 9 mois<\/h6>\n<p>&nbsp;<\/p>\n<p><strong>Donald J. Trump a un avis tout \u00e0 fait sens\u00e9 !<\/strong> (octobre 2024)<\/p>\n<p>\u00ab\u00a0Tout le monde sait que je ne soutiendrais en aucun cas une interdiction f\u00e9d\u00e9rale de l&rsquo;avortement et que j&rsquo;y opposerais mon veto, car c&rsquo;est aux Etats de d\u00e9cider en fonction de la volont\u00e9 de leurs \u00e9lecteurs (la volont\u00e9 du peuple !).<br \/>\nComme Ronald Reagan avant moi, je soutiens pleinement les trois exceptions pour le viol, l&rsquo;inceste et la vie de la m\u00e8re. Je ne soutiens pas la position radicale des d\u00e9mocrates en faveur de l&rsquo;avortement tardif, par exemple au 7e, 8e ou 9e mois ou, en cas de doute, la possibilit\u00e9 d&rsquo;ex\u00e9cuter le b\u00e9b\u00e9 apr\u00e8s sa naissance.<br \/>\nJe vous remercie de l&rsquo;attention que vous porterez \u00e0 cette question !\u00a0\u00bb<\/p>\n<p><img loading=\"lazy\" decoding=\"async\" class=\"alignnone wp-image-6675 size-full\" src=\"https:\/\/claudinemarichal.be\/wp-content\/uploads\/2019\/09\/IVG-Trump.jpg\" alt=\"\" width=\"500\" height=\"318\" srcset=\"https:\/\/claudinemarichal.be\/wp-content\/uploads\/2019\/09\/IVG-Trump.jpg 500w, https:\/\/claudinemarichal.be\/wp-content\/uploads\/2019\/09\/IVG-Trump-300x191.jpg 300w\" sizes=\"auto, (max-width: 500px) 100vw, 500px\" \/><\/p>\n<p><br style=\"clear: both;\"><br style=\"clear: both;\"><br style=\"clear: both;\"><\/p>\n<p><strong>La Chambre des lords britannique vient de l\u00e9galiser l&rsquo;avortement jusqu&rsquo;\u00e0 la naissance <\/strong>(mars 2026)<\/p>\n<p>Les femmes peuvent d\u00e9sormais mettre fin \u00e0 la vie de leur enfant \u00e0 na\u00eetre \u00e0 n&rsquo;importe quel stade de la grossesse, pour n&rsquo;importe quelle raison, sans encourir de sanctions juridiques.<br \/>\nC&rsquo;est un jour vraiment sombre pour la Grande-Bretagne.<\/p>\n<p><a href=\"https:\/\/www.gbnews.com\/politics\/abortion-house-of-lords-birth-terminations\" target=\"_blank\" rel=\"noopener\">https:\/\/www.gbnews.com\/politics\/abortion-house-of-lords-birth-terminations<\/a><br \/>\n<img loading=\"lazy\" decoding=\"async\" class=\"alignnone wp-image-8072 size-full\" src=\"https:\/\/claudinemarichal.be\/wp-content\/uploads\/2019\/09\/IVG-UK-9-mois.jpg\" alt=\"\" width=\"500\" height=\"261\" srcset=\"https:\/\/claudinemarichal.be\/wp-content\/uploads\/2019\/09\/IVG-UK-9-mois.jpg 500w, https:\/\/claudinemarichal.be\/wp-content\/uploads\/2019\/09\/IVG-UK-9-mois-300x157.jpg 300w\" sizes=\"auto, (max-width: 500px) 100vw, 500px\" \/><\/p>\n<p><br style=\"clear: both;\"><br style=\"clear: both;\"><br style=\"clear: both;\"><\/p>\n<p><strong>La fachosph\u00e8re macronienne veut l\u00e9galiser l\u2019assassinat \u00e0 9 mois !<\/strong> (ao\u00fbt 2020)<\/p>\n<p>\u00ab\u00a0Parlons clairement. Une femme va accoucher dans huit jours, mais se sent \u00ab en d\u00e9tresse psychosociale \u00bb. Il lui semble urgent de supprimer son enfant. C\u2019est son choix, c\u2019est son droit, d\u00e9sormais. Rien ne pourra l\u00e9galement l\u2019emp\u00eacher de le faire. Il s\u2019agit donc d\u2019un assassinat de convenance, perp\u00e9tr\u00e9 par des m\u00e9decins complaisants. Staline et Hitler n\u2019y auraient pas pens\u00e9. La m\u00e9thode est bien connue : on joue l\u2019affect, l\u2019\u00e9motion, la \u00ab d\u00e9tresse \u00bb, impossible \u00e0 d\u00e9finir, pour l\u00e9gitimer l\u2019innommable.\u00a0\u00bb<\/p>\n<p><a href=\"https:\/\/ripostelaique.com\/la-fachosphere-macronienne-veut-legaliser-lassassinat-a-9-mois.html\" target=\"_blank\" rel=\"noopener\">https:\/\/ripostelaique.com\/la-fachosphere-macronienne-veut-legaliser-lassassinat-a-9-mois.html<br \/>\n<\/a><a href=\"https:\/\/ripostelaique.com\/la-fachosphere-macronienne-veut-legaliser-lassassinat-a-9-mois.html\" target=\"_blank\" rel=\"noopener\"><img loading=\"lazy\" decoding=\"async\" class=\"alignnone wp-image-4314 size-full\" src=\"https:\/\/claudinemarichal.be\/wp-content\/uploads\/2023\/04\/IVG-Riposte-laique.jpg\" alt=\"\" width=\"500\" height=\"280\" srcset=\"https:\/\/claudinemarichal.be\/wp-content\/uploads\/2023\/04\/IVG-Riposte-laique.jpg 500w, https:\/\/claudinemarichal.be\/wp-content\/uploads\/2023\/04\/IVG-Riposte-laique-300x168.jpg 300w\" sizes=\"auto, (max-width: 500px) 100vw, 500px\" \/><\/a><\/p>\n<p><br style=\"clear: both;\"><br style=\"clear: both;\"><br style=\"clear: both;\"><\/p>\n<p><strong>\u00ab Une IMG jusqu\u2019au 9\u00e8me mois pour \u2018\u2018d\u00e9tresse psychosociale\u2019\u2019 ? C\u2019est consacrer une notion floue et subjective \u00bb<\/strong>, Par Gilles William Goldnadel (septembre 2020)<\/p>\n<p>Cet \u00e9t\u00e9 [2020], l\u2019Assembl\u00e9e a adopt\u00e9, dans le cadre du projet de loi bio\u00e9thique, un amendement ajoutant aux motifs autorisant une interruption m\u00e9dicale de grossesse (IMG) jusqu\u2019au 9\u00e8me mois la \u00ab d\u00e9tresse psychosociale \u00bb. Gilles-William Goldnadel critique tr\u00e8s vivement cet amendement.<br \/>\n\u00ab Je tiens \u00e0 \u00e9crire ici solennellement qu\u2019un f\u0153tus dans le neuvi\u00e8me mois de sa vie s\u2019appelle un enfant, et qu\u2019un tel acte s\u2019appelle donc un infanticide l\u00e9gal. \u00bb<\/p>\n<p><a href=\"https:\/\/www.lefigaro.fr\/vox\/societe\/une-img-jusqu-au-9eme-mois-pour-detresse-psychosociale-c-est-consacrer-une-notion-floue-et-subjective-20200907\" target=\"_blank\" rel=\"noopener\">https:\/\/www.lefigaro.fr\/vox\/societe\/une-img-jusqu-au-9eme-mois-pour-detresse-psychosociale-c-est-consacrer-une-notion-floue-et-subjective-20200907<br \/>\n<\/a><a href=\"https:\/\/www.lefigaro.fr\/vox\/societe\/une-img-jusqu-au-9eme-mois-pour-detresse-psychosociale-c-est-consacrer-une-notion-floue-et-subjective-20200907\" target=\"_blank\" rel=\"noopener\"><img loading=\"lazy\" decoding=\"async\" class=\"alignnone wp-image-4315 size-full\" src=\"https:\/\/claudinemarichal.be\/wp-content\/uploads\/2023\/04\/IVG-Goldnadel.jpg\" alt=\"\" width=\"500\" height=\"282\" srcset=\"https:\/\/claudinemarichal.be\/wp-content\/uploads\/2023\/04\/IVG-Goldnadel.jpg 500w, https:\/\/claudinemarichal.be\/wp-content\/uploads\/2023\/04\/IVG-Goldnadel-300x169.jpg 300w\" sizes=\"auto, (max-width: 500px) 100vw, 500px\" \/><\/a><\/p>\n<p><br style=\"clear: both;\"><br style=\"clear: both;\"><br style=\"clear: both;\"><\/p>\n<p><strong>L\u2019\u00c9tat de New-York l\u00e9galise l\u2019avortement jusqu\u2019au 9e mois<\/strong> (janvier 2019)<\/p>\n<p>\u00ab\u00a0En ces temps de folie de genre et de r\u00e9volution anthropocentrique, la vie n\u2019a plus droit \u00e0 la vie\u2026<br \/>\nLe parlement de l\u2019\u00c9tat de New-York avec sa majorit\u00e9 \u00ab D\u00e9mocrate \u00bb a approuv\u00e9, le mardi 22 janvier 2019, jour anniversaire de la fatidique sentence Roe contre Wade qui lib\u00e9ralisa l\u2019avortement sur tout le territoire des \u00c9tats-Unis, une loi qui d\u00e9nature les notions d\u2019\u00ab homicide \u00bb et de \u00ab personne \u00bb et qui permet d\u2019avorter jusqu\u2019au 9e mois de grossesse, m\u00eame en l\u2019absence d\u2019un m\u00e9decin.<br \/>\n\u00ab Chaque individu (le texte ne parle pas de \u2018femme\u2019, soumission \u00e0 l\u2019id\u00e9ologie transsexualiste oblige) qui reste enceinte a le droit fondamental de choisir de continuer sa grossesse, faire na\u00eetre l\u2019enfant ou avorter. \u00bb\u00a0\u00bb<\/p>\n<p><a href=\"https:\/\/www.medias-presse.info\/letat-de-new-york-legalise-lavortement-jusquau-9e-mois\/104173\/\" target=\"_blank\" rel=\"noopener\">https:\/\/www.medias-presse.info\/letat-de-new-york-legalise-lavortement-jusquau-9e-mois\/104173\/<br \/>\n<\/a><a href=\"https:\/\/www.medias-presse.info\/letat-de-new-york-legalise-lavortement-jusquau-9e-mois\/104173\/\" target=\"_blank\" rel=\"noopener\"><img loading=\"lazy\" decoding=\"async\" class=\"alignnone wp-image-4316 size-full\" src=\"https:\/\/claudinemarichal.be\/wp-content\/uploads\/2023\/04\/IVG-Medla-presse.jpg\" alt=\"\" width=\"500\" height=\"486\" srcset=\"https:\/\/claudinemarichal.be\/wp-content\/uploads\/2023\/04\/IVG-Medla-presse.jpg 500w, https:\/\/claudinemarichal.be\/wp-content\/uploads\/2023\/04\/IVG-Medla-presse-300x292.jpg 300w\" sizes=\"auto, (max-width: 500px) 100vw, 500px\" \/><\/a><\/p>\n<p><br style=\"clear: both;\"><br style=\"clear: both;\"><br style=\"clear: both;\"><strong>Le gouverneur d\u00e9mocrate du Minnesota &#8211; vice-pr\u00e9sident choisi par Kamala Harris &#8211; signe un projet de loi autorisant l&rsquo;avortement des b\u00e9b\u00e9s jusqu&rsquo;\u00e0 9 mois !<\/strong><\/p>\n<p>Le gouverneur Tim Walz a sign\u00e9 un projet de loi sur l&rsquo;avortement dans le Minnesota, autorisant l&rsquo;avortement jusqu&rsquo;au moment de la naissance, pour quelque raison que ce soit, le 31 janvier 2023.<br \/>\nIl a \u00e9galement sign\u00e9 un projet de loi autorisant la mort des b\u00e9b\u00e9s n\u00e9s vivants apr\u00e8s un avortement rat\u00e9.<br \/>\nWalz est le candidat d\u00e9mocrate le plus favorable \u00e0 l&rsquo;avortement et au meurtre de b\u00e9b\u00e9s que nous ayons jamais vu en Am\u00e9rique.<\/p>\n<p><img loading=\"lazy\" decoding=\"async\" class=\"alignnone wp-image-6496 size-full\" src=\"https:\/\/claudinemarichal.be\/wp-content\/uploads\/2019\/09\/Tim-Walz.jpg\" alt=\"\" width=\"500\" height=\"281\" srcset=\"https:\/\/claudinemarichal.be\/wp-content\/uploads\/2019\/09\/Tim-Walz.jpg 500w, https:\/\/claudinemarichal.be\/wp-content\/uploads\/2019\/09\/Tim-Walz-300x169.jpg 300w\" sizes=\"auto, (max-width: 500px) 100vw, 500px\" \/><\/p>\n<p><br style=\"clear: both;\"><br style=\"clear: both;\"><br style=\"clear: both;\"><\/p>\n<p><strong>Californie : le projet de loi visant \u00e0 tuer les b\u00e9b\u00e9s vivants jusqu&rsquo;\u00e0 l&rsquo;\u00e2ge de 28 jours a \u00e9t\u00e9 adopt\u00e9 !<\/strong> (juillet 2023)<\/p>\n<p><img loading=\"lazy\" decoding=\"async\" class=\"alignnone wp-image-4926 size-full\" src=\"https:\/\/claudinemarichal.be\/wp-content\/uploads\/2019\/09\/IVG-Californie-projet-adopte.jpg\" alt=\"\" width=\"500\" height=\"552\" srcset=\"https:\/\/claudinemarichal.be\/wp-content\/uploads\/2019\/09\/IVG-Californie-projet-adopte.jpg 500w, https:\/\/claudinemarichal.be\/wp-content\/uploads\/2019\/09\/IVG-Californie-projet-adopte-272x300.jpg 272w\" sizes=\"auto, (max-width: 500px) 100vw, 500px\" \/><\/p>\n<p><br style=\"clear: both;\"><br style=\"clear: both;\"><br style=\"clear: both;\"><\/p>\n<p><strong>Voil\u00e0 \u00e0 quoi ressemble un b\u00e9b\u00e9 de 34 semaines en dehors de l&rsquo;ut\u00e9rus.<\/strong><\/p>\n<p>Et certains Etats votent des lois pour permettre de tuer ces petits anges innocents !<\/p>\n<p><img loading=\"lazy\" decoding=\"async\" class=\"alignnone wp-image-6707 size-full\" src=\"https:\/\/claudinemarichal.be\/wp-content\/uploads\/2019\/09\/IVG-34-semaines.jpg\" alt=\"\" width=\"500\" height=\"781\" srcset=\"https:\/\/claudinemarichal.be\/wp-content\/uploads\/2019\/09\/IVG-34-semaines.jpg 500w, https:\/\/claudinemarichal.be\/wp-content\/uploads\/2019\/09\/IVG-34-semaines-192x300.jpg 192w\" sizes=\"auto, (max-width: 500px) 100vw, 500px\" \/><br \/>\n<br style=\"clear: both;\"><br style=\"clear: both;\"><br style=\"clear: both;\"><strong>\u00ab Tous les actes li\u00e9s \u00e0 l\u2019avortement sont couverts \u00e0 100 %, tandis que certains soins pendant la grossesse ne sont rembours\u00e9s qu\u2019\u00e0 70 % \u00bb<\/strong> (janvier 2025)<\/p>\n<p>\u00ab\u00a0Un sondage Ifop command\u00e9 en 2020 par l\u2019association pro-vie Alliance Vita r\u00e9v\u00e8le [] que 51 % des Fran\u00e7ais trouvent \u00ab pr\u00e9occupant \u00bb le recours \u00e0 l\u2019avortement, le consid\u00e9rant comme un acte \u00e0 \u00e9viter, tandis que 49 % le per\u00e7oivent comme une \u00e9ventualit\u00e9 normale dans la vie d\u2019une femme. 73 % des sond\u00e9s estiment en outre que la soci\u00e9t\u00e9 devrait plus activement aider les femmes \u00e0 \u00e9viter le recours \u00e0 l\u2019IVG. Plus concr\u00e8tement, et bien que cela reste un tabou, un nombre croissant de femmes qui ont eu recours \u00e0 un avortement rapportent des s\u00e9quelles psychologiques et physiques graves et persistantes.\u00a0\u00bb<br \/>\n\u00ab\u00a0\u00c0 cela s\u2019ajoutent des raisons que les enqu\u00eates ne mettent pas en lumi\u00e8re. Pour Nicolas Tardy-Joubert, pr\u00e9sident de la Marche pour la vie, le recours \u00e0 l\u2019avortement est \u00e9galement influenc\u00e9 par l\u2019insuffisance des politiques familiales. Il pointe par exemple le fait que \u00ab tous les actes li\u00e9s \u00e0 l\u2019IVG sont couverts \u00e0 100 %, tandis que certains soins pendant la grossesse ne sont rembours\u00e9s qu\u2019\u00e0 70 % \u00bb.\u00a0\u00bb<br \/>\nArticle d&rsquo;Elisabeth Caillemer dans le <a href=\"https:\/\/www.lejdd.fr\/societe\/cinquante-ans-apres-la-loi-veil-pourquoi-les-femmes-avortent-elles-encore-autant-153817\">JDD<\/a><\/p>\n<p><a href=\"https:\/\/lesalonbeige.fr\/tous-les-actes-lies-a-lavortement-sont-couverts-a-100-tandis-que-certains-soins-pendant-la-grossesse-ne-sont-rembourses-qua-70\/\" target=\"_blank\" rel=\"noopener\">https:\/\/lesalonbeige.fr\/tous-les-actes-lies-a-lavortement-sont-couverts-a-100-tandis-que-certains-soins-pendant-la-grossesse-ne-sont-rembourses-qua-70\/<br \/>\n<\/a><a href=\"https:\/\/lesalonbeige.fr\/tous-les-actes-lies-a-lavortement-sont-couverts-a-100-tandis-que-certains-soins-pendant-la-grossesse-ne-sont-rembourses-qua-70\/\" target=\"_blank\" rel=\"noopener\"><img loading=\"lazy\" decoding=\"async\" class=\"alignnone wp-image-6999 size-full\" src=\"https:\/\/claudinemarichal.be\/wp-content\/uploads\/2019\/09\/IVG-Salon-Beige.jpg\" alt=\"\" width=\"500\" height=\"231\" srcset=\"https:\/\/claudinemarichal.be\/wp-content\/uploads\/2019\/09\/IVG-Salon-Beige.jpg 500w, https:\/\/claudinemarichal.be\/wp-content\/uploads\/2019\/09\/IVG-Salon-Beige-300x139.jpg 300w\" sizes=\"auto, (max-width: 500px) 100vw, 500px\" \/><\/a><\/p>\n<p><br style=\"clear: both;\"><br style=\"clear: both;\"><br style=\"clear: both;\"><\/p>\n<h6>Sur le trafic d\u2019organes de foetus<\/h6>\n<p><br style=\"clear: both;\"><strong>\u00ab\u00a0Des b\u00e9b\u00e9s sont mis au monde vivants et leur c\u0153ur est d\u00e9coup\u00e9 sans anesth\u00e9sie pour d\u00e9velopper des vaccins.\u00a0\u00bb<\/strong><\/p>\n<p>C&rsquo;est vraiment horrible, je n&rsquo;ai pas de mots.<br \/>\nMais comprenez que c&rsquo;est l&rsquo;une des raisons pour lesquelles ceux qui contr\u00f4lent la situation sont si fortement en faveur de l&rsquo;avortement. Tous les foetus avort\u00e9s sont r\u00e9cup\u00e9r\u00e9s par Big Pharma.<br \/>\nPresque tous les vaccins sont fait gr\u00e2ce \u00e0 cela.<\/p>\n<p><a href=\"https:\/\/x.com\/silvano_trotta\/status\/1873451294326944181\" target=\"_blank\" rel=\"noopener\">https:\/\/x.com\/silvano_trotta\/status\/1873451294326944181<br \/>\n<\/a><a href=\"https:\/\/x.com\/silvano_trotta\/status\/1873451294326944181\" target=\"_blank\" rel=\"noopener\"><img loading=\"lazy\" decoding=\"async\" class=\"alignnone wp-image-6952 size-full\" src=\"https:\/\/claudinemarichal.be\/wp-content\/uploads\/2019\/09\/IVG-foetus-avortes.jpg\" alt=\"\" width=\"500\" height=\"814\" srcset=\"https:\/\/claudinemarichal.be\/wp-content\/uploads\/2019\/09\/IVG-foetus-avortes.jpg 500w, https:\/\/claudinemarichal.be\/wp-content\/uploads\/2019\/09\/IVG-foetus-avortes-184x300.jpg 184w\" sizes=\"auto, (max-width: 500px) 100vw, 500px\" \/><\/a><br \/>\nInterview complet de Robert F. Kennedy : <a href=\"https:\/\/childrenshealthdefense.org\/news\/robert-f-kennedy-jr-q-a-with-dr-theresa-deisher\/\" target=\"_blank\" rel=\"noopener\">https:\/\/childrenshealthdefense.org\/news\/robert-f-kennedy-jr-q-a-with-dr-theresa-deisher\/<\/a><br \/>\n<br style=\"clear: both;\"><br style=\"clear: both;\"><br style=\"clear: both;\"><\/p>\n<p><strong>Loi Bio\u00e9thique : l\u2019avortement est d\u00e9sormais possible jusqu\u2019\u00e0 9 mois !<\/strong> (ao\u00fbt 2020) \u2013 vid\u00e9o<\/p>\n<p>\u00ab\u00a0Vente d&rsquo;organes de foetus : la vid\u00e9o qui embarrasse le Planning familial am\u00e9ricain<br \/>\nPi\u00e9g\u00e9e par des militants pro-life en cam\u00e9ra cach\u00e9e, une responsable du Planned Parenthood (Planning familial) d\u00e9taille la collecte et le trafic auquel se livre l&rsquo;organisation, accus\u00e9e de vendre des organes de foetus avort\u00e9s pour la recherche.\u00a0\u00bb<\/p>\n<p><a href=\"https:\/\/aphadolie.com\/2020\/08\/04\/loi-bioethique-lavortement-est-desormais-possible-jusqua-9-mois\/\" target=\"_blank\" rel=\"noopener\">https:\/\/aphadolie.com\/2020\/08\/04\/loi-bioethique-lavortement-est-desormais-possible-jusqua-9-mois\/<br \/>\n<img loading=\"lazy\" decoding=\"async\" class=\"alignnone wp-image-4317 size-full\" src=\"https:\/\/claudinemarichal.be\/wp-content\/uploads\/2023\/04\/IVG-Aphadolie.jpg\" alt=\"\" width=\"500\" height=\"234\" srcset=\"https:\/\/claudinemarichal.be\/wp-content\/uploads\/2023\/04\/IVG-Aphadolie.jpg 500w, https:\/\/claudinemarichal.be\/wp-content\/uploads\/2023\/04\/IVG-Aphadolie-300x140.jpg 300w\" sizes=\"auto, (max-width: 500px) 100vw, 500px\" \/><\/a><\/p>\n<p><br style=\"clear: both;\"><br style=\"clear: both;\"><br style=\"clear: both;\"><\/p>\n<p><strong>Exploitation des organes de f\u0153tus avort\u00e9s : financ\u00e9e par l\u2019argent des contribuables ! <\/strong>(juillet 2022)<\/p>\n<p>\u00ab\u00a0Judicial Watch publie des r\u00e9v\u00e9lations sur l\u2019\u00e9visc\u00e9ration de f\u0153tus \u00e0 des fins de \u00ab recherche \u00bb et de fabrication de vaccins. En t\u00eate de liste, se trouve le \u00ab Pape du Covid \u00bb am\u00e9ricain Antoni Fauci, directeur d\u2019un d\u00e9partement de recherche au minist\u00e8re am\u00e9ricain de la Sant\u00e9. Le tout financ\u00e9 par l\u2019argent des contribuables.\u00a0\u00bb<br \/>\nVid\u00e9o de Kla.tv<\/p>\n<p><a href=\"https:\/\/jeminformetv.com\/2022\/07\/20\/exploitation-des-organes-de-foetus-avortes\/\" target=\"_blank\" rel=\"noopener\">https:\/\/jeminformetv.com\/2022\/07\/20\/exploitation-des-organes-de-foetus-avortes\/<br \/>\n<\/a><a href=\"https:\/\/jeminformetv.com\/2022\/07\/20\/exploitation-des-organes-de-foetus-avortes\/\" target=\"_blank\" rel=\"noopener\"><img loading=\"lazy\" decoding=\"async\" class=\"alignnone wp-image-4318 size-full\" src=\"https:\/\/claudinemarichal.be\/wp-content\/uploads\/2023\/04\/IVG-je-minformetv.jpg\" alt=\"\" width=\"500\" height=\"190\" srcset=\"https:\/\/claudinemarichal.be\/wp-content\/uploads\/2023\/04\/IVG-je-minformetv.jpg 500w, https:\/\/claudinemarichal.be\/wp-content\/uploads\/2023\/04\/IVG-je-minformetv-300x114.jpg 300w\" sizes=\"auto, (max-width: 500px) 100vw, 500px\" \/><\/a><\/p>\n<p><br style=\"clear: both;\"><br style=\"clear: both;\"><br style=\"clear: both;\"><\/p>\n<p><strong>Etats-Unis : trafic d\u2019organes de f\u0153tus avort\u00e9s au Planning familial International<\/strong> (ao\u00fbt 2015)<\/p>\n<p>\u00ab\u00a0Depuis le 14 juillet 2015, plus de cinq vid\u00e9os ont \u00e9t\u00e9 diffus\u00e9es et mettent au grand jour un vaste trafic r\u00e9mun\u00e9r\u00e9 d&rsquo;organes de foetus humains avort\u00e9s dans les structures internes du Planning familial am\u00e9ricain, et ce, malgr\u00e9 la prohibition formelle d&rsquo;un tel march\u00e9 par la loi f\u00e9d\u00e9rale.<br \/>\nAu fil des vid\u00e9os, le CMP d\u00e9taille tout l&rsquo;arsenal logistique et financier du Planning familial. Les images tr\u00e8s choquantes de ces enregistrements r\u00e9v\u00e8lent les agissements de responsables hauts plac\u00e9s.<br \/>\nOn y voit comment sont analys\u00e9s, diss\u00e9qu\u00e9s, tri\u00e9s et n\u00e9goci\u00e9s, les membres et organes vitaux des foetus humains avort\u00e9s. Les organes sont \u00e9valu\u00e9s, soupes\u00e9s afin d&rsquo;en d\u00e9terminer la qualit\u00e9, comme une simple marchandise. Les responsables de l&rsquo;IPPF [International Planned Parenthood Federation] expliquent que pour obtenir des foetus en bon \u00e9tat, il leur faut parfois changer les m\u00e9thodes d&rsquo;avortement afin de ne pas \u00ab \u00e9craser \u00bb ou \u00ab broyer \u00bb les organes choisis.\u00a0\u00bb<\/p>\n<p><a href=\"https:\/\/www.ieb-eib.org\/fr\/actualite\/debut-de-vie\/avortement\/etats-unis-trafic-d-organes-de-ftus-avortes-au-planning-familial-international-975.html\" target=\"_blank\" rel=\"noopener\">https:\/\/www.ieb-eib.org\/fr\/actualite\/debut-de-vie\/avortement\/etats-unis-trafic-d-organes-de-ftus-avortes-au-planning-familial-international-975.html<br \/>\n<\/a><a href=\"https:\/\/www.ieb-eib.org\/fr\/actualite\/debut-de-vie\/avortement\/etats-unis-trafic-d-organes-de-ftus-avortes-au-planning-familial-international-975.html\" target=\"_blank\" rel=\"noopener\"><img loading=\"lazy\" decoding=\"async\" class=\"alignnone wp-image-4319 size-full\" src=\"https:\/\/claudinemarichal.be\/wp-content\/uploads\/2023\/04\/IVG-eib-ieb.jpg\" alt=\"\" width=\"500\" height=\"288\" srcset=\"https:\/\/claudinemarichal.be\/wp-content\/uploads\/2023\/04\/IVG-eib-ieb.jpg 500w, https:\/\/claudinemarichal.be\/wp-content\/uploads\/2023\/04\/IVG-eib-ieb-300x173.jpg 300w\" sizes=\"auto, (max-width: 500px) 100vw, 500px\" \/><\/a><\/p>\n<p><br style=\"clear: both;\"><br style=\"clear: both;\"><br style=\"clear: both;\"><\/p>\n<p><strong>Etats-Unis : Vente et trafic d\u2019organes de f\u0153tus et nouveau-n\u00e9s, le nouveau scandale de l\u2019avortement <\/strong>(ao\u00fbt 2021)<\/p>\n<p>\u00ab\u00a0La crise du covid-19 a r\u00e9v\u00e9l\u00e9 au commun des mortels que Big Pharma se sert de cellules de f\u0153tus volontairement avort\u00e9s pour le d\u00e9veloppement de ses vaccins ou injections g\u00e9niques anti-coronavirus. Des scientifiques comme l\u2019am\u00e9ricaine Pamela Hacker soutiennent que le trafic d\u2019organes et de cellules de f\u0153tus avort\u00e9s fait partie int\u00e9grante de la recherche actuelle dans certains grands laboratoires et que ces cellules sont pr\u00e9lev\u00e9es sur des f\u0153tus vivants.<br \/>\nQuelques ann\u00e9es auparavant, c\u2019\u00e9tait la machine \u00e0 avorter Planned Parenthood qui se retrouvait au centre d\u2019un scandale de vente et trafic d\u2019organes de b\u00e9b\u00e9s avort\u00e9s.<br \/>\n\u00ab Les dossiers publics FOIA r\u00e9cemment publi\u00e9s obtenus par le Center for Medical Progress indiquent que le pr\u00e9l\u00e8vement d\u2019organes se fait sur des nourrissons avort\u00e9s livr\u00e9s vivants, et cibl\u00e9s par race \u00bb.<br \/>\n[\u2026]<br \/>\nCes documents montrent quel degr\u00e9 de monstruosit\u00e9 a atteint la culture de mort, et \u00e0 quel point le concept \u00ab sauver des vies \u00bb brandi actuellement par la bien-pensance, les m\u00e9decins de plateaux et les laboratoires pharmaceutiques pour inciter les gens \u00e0 se faire vacciner contre le covid avec des injections produites ou d\u00e9velopp\u00e9es sur des cellules de f\u0153tus avort\u00e9s est vide de sens, hypocrite et criminel : car, en r\u00e9sum\u00e9, pour sauver des vies d\u2019adultes, on vivisecte des f\u0153tus humains !\u00a0\u00bb<\/p>\n<p><a href=\"https:\/\/www.medias-presse.info\/etats-unis-vente-et-trafic-dorganes-de-foetus-et-nouveau-nes-le-nouveau-scandale-de-lavortement\/145384\/\" target=\"_blank\" rel=\"noopener\">https:\/\/www.medias-presse.info\/etats-unis-vente-et-trafic-dorganes-de-foetus-et-nouveau-nes-le-nouveau-scandale-de-lavortement\/145384\/<br \/>\n<\/a><a href=\"https:\/\/www.medias-presse.info\/etats-unis-vente-et-trafic-dorganes-de-foetus-et-nouveau-nes-le-nouveau-scandale-de-lavortement\/145384\/\" target=\"_blank\" rel=\"noopener\"><img loading=\"lazy\" decoding=\"async\" class=\"alignnone wp-image-4316 size-full\" src=\"https:\/\/claudinemarichal.be\/wp-content\/uploads\/2023\/04\/IVG-Medla-presse.jpg\" alt=\"\" width=\"500\" height=\"486\" srcset=\"https:\/\/claudinemarichal.be\/wp-content\/uploads\/2023\/04\/IVG-Medla-presse.jpg 500w, https:\/\/claudinemarichal.be\/wp-content\/uploads\/2023\/04\/IVG-Medla-presse-300x292.jpg 300w\" sizes=\"auto, (max-width: 500px) 100vw, 500px\" \/><\/a><\/p>\n<p><br style=\"clear: both;\"><br style=\"clear: both;\"><br style=\"clear: both;\"><\/p>\n<p><strong>SENOMYX &#8211; Le business des foetus avort\u00e9s dans l&rsquo;alimentation humaine<\/strong> (f\u00e9vrier 2022)<\/p>\n<p>\u00ab\u00a0SENOMYX nous rend cannibales \u00e0 notre insu : Pepsi, Lays, Nestl\u00e9 et d&rsquo;autres grandes marques&#8230; et pire encore des \u00ab\u00a0banques\u00a0\u00bb de trafic ultra-lucratif, de trafic d&rsquo;organes, de f\u0153tus avort\u00e9s !! Vaccins, cosm\u00e9tiques, etc., il n&rsquo;y a pas de petits profits pour ces \u00ab\u00a0gens-l\u00e0\u00a0\u00bb !!<br \/>\nCette vid\u00e9o est reprise d&rsquo;une vid\u00e9o anglaise intitul\u00e9e : \u00ab\u00a0SENOMYX &#8211; Making Us Cannibal&rsquo;s One Bite at a Time\u00a0\u00bb, ce qui veut dire \u00ab\u00a0SENOMYX nous rend cannibales \u00e0 chaque bouch\u00e9e\u00a0\u00bb.\u00a0\u00bb<\/p>\n<p><a href=\"https:\/\/vk.com\/wall599120238_82234\" target=\"_blank\" rel=\"noopener\">https:\/\/vk.com\/wall599120238_82234<br \/>\n<\/a><a href=\"https:\/\/vk.com\/wall599120238_82234\" target=\"_blank\" rel=\"noopener\"><img loading=\"lazy\" decoding=\"async\" class=\"alignnone wp-image-4320 size-full\" src=\"https:\/\/claudinemarichal.be\/wp-content\/uploads\/2023\/04\/IVG-vk.jpg\" alt=\"\" width=\"500\" height=\"281\" srcset=\"https:\/\/claudinemarichal.be\/wp-content\/uploads\/2023\/04\/IVG-vk.jpg 500w, https:\/\/claudinemarichal.be\/wp-content\/uploads\/2023\/04\/IVG-vk-300x169.jpg 300w\" sizes=\"auto, (max-width: 500px) 100vw, 500px\" \/><\/a><\/p>\n<p><br style=\"clear: both;\"><br style=\"clear: both;\"><br style=\"clear: both;\"><\/p>\n<p><strong>Deux implications logiques d\u2019une constitutionnalisation de l\u2019avortement<\/strong> (mars 2023)<\/p>\n<p>\u00ab\u00a0Les l\u00e9gislateurs ont l\u2019obligation de ne pas l\u00e9gif\u00e9rer dans l\u2019urgence, mais en consid\u00e9rant prudemment les cons\u00e9quences logiques de leurs d\u00e9cisions. La constitutionnalisation de l\u2019IVG aurait \u00e0 cet \u00e9gard deux implications rigoureuses, sans doute inaper\u00e7ues de ses promoteurs myopes, mais dont chacune n\u2019\u00e9quivaudrait \u00e0 rien moins qu\u2019\u00e0 la rupture du pacte social.<\/p>\n<ul>\n<li style=\"list-style-type: none;\">\n<ul>\n<li>Premi\u00e8rement, on vise \u00e0 renforcer, juridiquement et symboliquement, l\u2019autorisation qu\u2019a la femme de pratiquer librement l\u2019IVG.<br \/>\nMalheureusement, cette d\u00e9cision va beaucoup plus loin. Elle revient aussi \u00e0 donner \u00e0 l\u2019\u00c9tat le droit de mettre en place une politique d\u00e9mographique, qui comporterait, si besoin \u00e9tait, pour les m\u00e8res, l\u2019obligation d\u2019avorter, comme ce fut le cas en Chine populaire.<\/li>\n<li>Deuxi\u00e8mement, cette constitutionnalisation ouvrirait la voie, juridiquement, au totalitarisme sur les esprits.<br \/>\nAucune objection de conscience ne pourrait plus tenir dans ces conditions. Mais au-del\u00e0 des probl\u00e8mes de la profession m\u00e9dicale, aussi importante soit-elle, ce qui est en jeu, universellement, ce n\u2019est rien moins que l\u2019avenir des lumi\u00e8res.<br \/>\nSi donc on constitutionnalise l\u2019IVG, on met hors la loi dans la R\u00e9publique par une dogmatisation intempestive la libre discussion sur une question, dont toute personne rationnelle et r\u00e9fl\u00e9chie sait pourtant de quelles obscurit\u00e9s elle est entour\u00e9e. Si on admet un tel abus sur une question aussi importante et difficile, o\u00f9 seront les limites ?\u00a0\u00bb<\/li>\n<\/ul>\n<\/li>\n<\/ul>\n<p><a href=\"https:\/\/reseauinternational.net\/deux-implications-logiques-dune-constitutionnalisation-de-lavortement\/\" target=\"_blank\" rel=\"noopener\">https:\/\/reseauinternational.net\/deux-implications-logiques-dune-constitutionnalisation-de-lavortement\/<br \/>\n<\/a><a href=\"https:\/\/reseauinternational.net\/deux-implications-logiques-dune-constitutionnalisation-de-lavortement\/\" target=\"_blank\" rel=\"noopener\"><img loading=\"lazy\" decoding=\"async\" class=\"alignnone wp-image-4321 size-full\" src=\"https:\/\/claudinemarichal.be\/wp-content\/uploads\/2023\/04\/IVG-Reseau-int.jpg\" alt=\"\" width=\"500\" height=\"291\" srcset=\"https:\/\/claudinemarichal.be\/wp-content\/uploads\/2023\/04\/IVG-Reseau-int.jpg 500w, https:\/\/claudinemarichal.be\/wp-content\/uploads\/2023\/04\/IVG-Reseau-int-300x175.jpg 300w\" sizes=\"auto, (max-width: 500px) 100vw, 500px\" \/><\/a><\/p>\n<p><br style=\"clear: both;\"><br style=\"clear: both;\"><br style=\"clear: both;\"><strong>Quelque chose ne va pas ici &#8230;<\/strong><\/p>\n<p>\u00ab\u00a0Si vous tuez une tortue de mer avant sa naissance, 100.000 dollars d&rsquo;amende et 1 an de prison.<br \/>\nSi vous tuez un pygargue \u00e0 t\u00eate blanche (aigle) avant sa naissance, 250.000 dollars d&rsquo;amende et 2 ans de prison.<br \/>\nSi vous tuez un \u00eatre humain avant sa naissance, aucune sanction n&rsquo;est pr\u00e9vue.\u00a0\u00bb<br \/>\n<img loading=\"lazy\" decoding=\"async\" class=\"alignnone wp-image-4328\" src=\"https:\/\/claudinemarichal.be\/wp-content\/uploads\/2023\/04\/FkWJKrtXkAAWvN--227x300.jpg\" alt=\"\" width=\"500\" height=\"660\" srcset=\"https:\/\/claudinemarichal.be\/wp-content\/uploads\/2023\/04\/FkWJKrtXkAAWvN--227x300.jpg 227w, https:\/\/claudinemarichal.be\/wp-content\/uploads\/2023\/04\/FkWJKrtXkAAWvN-.jpg 640w\" sizes=\"auto, (max-width: 500px) 100vw, 500px\" \/><\/p>\n<p><br style=\"clear: both;\"><br style=\"clear: both;\"><br style=\"clear: both;\"><\/p>\n<p><strong>Qu&rsquo;est-ce qu&rsquo;il y a dans la t\u00eate de ces femmes (les Femens) pour inscrire \u00ab\u00a0L&rsquo;avortement est sacr\u00e9\u00a0\u00bb sur leur corps ?!<\/strong><\/p>\n<p><img loading=\"lazy\" decoding=\"async\" class=\"alignnone wp-image-4343\" src=\"https:\/\/claudinemarichal.be\/wp-content\/uploads\/2019\/09\/Avortement-Femen-2013-300x169.jpg\" alt=\"\" width=\"500\" height=\"282\" srcset=\"https:\/\/claudinemarichal.be\/wp-content\/uploads\/2019\/09\/Avortement-Femen-2013-300x169.jpg 300w, https:\/\/claudinemarichal.be\/wp-content\/uploads\/2019\/09\/Avortement-Femen-2013.jpg 510w\" sizes=\"auto, (max-width: 500px) 100vw, 500px\" \/><br \/>\n<br style=\"clear: both;\"><br style=\"clear: both;\"><br style=\"clear: both;\"><\/p>\n<p><strong>L&rsquo;euthanasie des nourrissons soi-disant trop malades serait-elle plus acceptable que l&rsquo;avortement \u00e0 9 mois ? <\/strong>(novembre 2023)<\/p>\n<p>\u00ab\u00a0Le Dr Louis Roy, un Canadien, est \u00e0 la t\u00eate d&rsquo;une campagne visant \u00e0 autoriser l&rsquo;euthanasie des tout-petits et des nourrissons au Canada.<br \/>\nLe Canada, qui se targue d&rsquo;avoir la l\u00e9gislation la plus laxiste au monde en mati\u00e8re d&rsquo;aide au suicide, est d\u00e9sormais un havre de paix pour les jeunes enfants qui seront euthanasi\u00e9s \u00e0 des fins lucratives dans le cadre du vaste programme d&rsquo;assistance m\u00e9dicale \u00e0 la mort (AMM).<br \/>\nD\u00e9sormais, les nourrissons jug\u00e9s trop malades pour vivre peuvent \u00eatre inscrits au programme d&rsquo;aide au suicide au Canada, m\u00eame si les critiques soutiennent qu&rsquo;un jeune enfant n&rsquo;est pas assez \u00e2g\u00e9 pour prendre ce genre de d\u00e9cision sans \u00eatre cajol\u00e9.<br \/>\nR\u00e9pondant \u00e0 ce que beaucoup craignaient, le MAiD appara\u00eet comme un programme d&rsquo;expansion de l&rsquo;infanticide plut\u00f4t que du suicide assist\u00e9, \u00e9galement connu sous le nom de \u00ab\u00a0mort dans la dignit\u00e9\u00a0\u00bb.\u00a0\u00bb<\/p>\n<p><a href=\"https:\/\/www.naturalnews.com\/2023-11-14-canada-expands-assisted-suicide-killing-infants-profit.html\" target=\"_blank\" rel=\"noopener\">https:\/\/www.naturalnews.com\/2023-11-14-canada-expands-assisted-suicide-killing-infants-profit.html<br \/>\n<\/a><a href=\"https:\/\/www.naturalnews.com\/2023-11-14-canada-expands-assisted-suicide-killing-infants-profit.html\" target=\"_blank\" rel=\"noopener\"><img loading=\"lazy\" decoding=\"async\" class=\"alignnone wp-image-5514 size-full\" src=\"https:\/\/claudinemarichal.be\/wp-content\/uploads\/2019\/09\/IVG-euthanasie.jpg\" alt=\"\" width=\"500\" height=\"281\" srcset=\"https:\/\/claudinemarichal.be\/wp-content\/uploads\/2019\/09\/IVG-euthanasie.jpg 500w, https:\/\/claudinemarichal.be\/wp-content\/uploads\/2019\/09\/IVG-euthanasie-300x169.jpg 300w\" sizes=\"auto, (max-width: 500px) 100vw, 500px\" \/><\/a><\/p>\n<p><br style=\"clear: both;\"><br style=\"clear: both;\"><br style=\"clear: both;\"><strong>Avorter est un projet de vie pour ce trans !<span style=\"font-size: 24px;\"> \ud83d\ude21<\/span><\/strong><\/p>\n<p>Le transgenrisme est une id\u00e9ologie destructrice.<\/p>\n<p><img loading=\"lazy\" decoding=\"async\" class=\"alignnone wp-image-6406 size-full\" src=\"https:\/\/claudinemarichal.be\/wp-content\/uploads\/2019\/09\/IVG-trans2.jpg\" alt=\"\" width=\"500\" height=\"154\" srcset=\"https:\/\/claudinemarichal.be\/wp-content\/uploads\/2019\/09\/IVG-trans2.jpg 500w, https:\/\/claudinemarichal.be\/wp-content\/uploads\/2019\/09\/IVG-trans2-300x92.jpg 300w\" sizes=\"auto, (max-width: 500px) 100vw, 500px\" \/><br \/>\n<a href=\"https:\/\/x.com\/KristanHawkins\/status\/1799790224786309246\" target=\"_blank\" rel=\"noopener\">https:\/\/x.com\/KristanHawkins\/status\/1799790224786309246<br \/>\n<\/a><a href=\"https:\/\/x.com\/KristanHawkins\/status\/1799790224786309246\" target=\"_blank\" rel=\"noopener\"><img loading=\"lazy\" decoding=\"async\" class=\"alignnone wp-image-6405 size-full\" src=\"https:\/\/claudinemarichal.be\/wp-content\/uploads\/2019\/09\/IVG-trans.jpg\" alt=\"\" width=\"500\" height=\"283\" srcset=\"https:\/\/claudinemarichal.be\/wp-content\/uploads\/2019\/09\/IVG-trans.jpg 500w, https:\/\/claudinemarichal.be\/wp-content\/uploads\/2019\/09\/IVG-trans-300x170.jpg 300w\" sizes=\"auto, (max-width: 500px) 100vw, 500px\" \/><\/a><br \/>\n<br style=\"clear: both;\"><br style=\"clear: both;\"><br style=\"clear: both;\"><\/p>\n<p><strong>Tellement fi\u00e8re qu&rsquo;elle l&rsquo;a fait imprimer sur un T-shirt !<\/strong><\/p>\n<p><img loading=\"lazy\" decoding=\"async\" class=\"alignnone wp-image-7132 size-full\" src=\"https:\/\/claudinemarichal.be\/wp-content\/uploads\/2019\/09\/21-avortements.jpg\" alt=\"\" width=\"500\" height=\"627\" srcset=\"https:\/\/claudinemarichal.be\/wp-content\/uploads\/2019\/09\/21-avortements.jpg 500w, https:\/\/claudinemarichal.be\/wp-content\/uploads\/2019\/09\/21-avortements-239x300.jpg 239w\" sizes=\"auto, (max-width: 500px) 100vw, 500px\" \/><br \/>\n<em>\u00ab\u00a0Je me suis fait avorter 21 fois\u00a0\u00bb<\/em><\/p>\n<p><br style=\"clear: both;\"><br style=\"clear: both;\"><br style=\"clear: both;\"><strong>Une des aberrations du wokisme !<\/strong><\/p>\n<p><img loading=\"lazy\" decoding=\"async\" class=\"alignnone wp-image-7388\" src=\"https:\/\/claudinemarichal.be\/wp-content\/uploads\/2019\/09\/Mon-corps-pas-mon-choix-296x300.jpg\" alt=\"\" width=\"500\" height=\"507\" srcset=\"https:\/\/claudinemarichal.be\/wp-content\/uploads\/2019\/09\/Mon-corps-pas-mon-choix-296x300.jpg 296w, https:\/\/claudinemarichal.be\/wp-content\/uploads\/2019\/09\/Mon-corps-pas-mon-choix-75x75.jpg 75w, https:\/\/claudinemarichal.be\/wp-content\/uploads\/2019\/09\/Mon-corps-pas-mon-choix.jpg 671w\" sizes=\"auto, (max-width: 500px) 100vw, 500px\" \/><\/p>\n<p><br style=\"clear: both;\"><br style=\"clear: both;\"><br style=\"clear: both;\"><\/p>\n<p><strong>Cette cochonnerie r\u00e9voltante dure depuis des d\u00e9cennies !<\/strong><\/p>\n<p><a href=\"https:\/\/margueriteleblogue.over-blog.com\/2021\/10\/experimentations-du-dr-davenport-hooker-universite-de-pittsburgh-en-1952-sur-des-foetus-vivants.html\" target=\"_blank\" rel=\"noopener\">https:\/\/margueriteleblogue.over-blog.com\/2021\/10\/experimentations-du-dr-davenport-hooker-universite-de-pittsburgh-en-1952-sur-des-foetus-vivants.html<\/a><a href=\"https:\/\/margueriteleblogue.over-blog.com\/2021\/10\/experimentations-du-dr-davenport-hooker-universite-de-pittsburgh-en-1952-sur-des-foetus-vivants.html\" target=\"_blank\" rel=\"noopener\"><img loading=\"lazy\" decoding=\"async\" class=\"alignnone wp-image-6955 size-full\" src=\"https:\/\/claudinemarichal.be\/wp-content\/uploads\/2019\/09\/IVG-1952.jpg\" alt=\"\" width=\"500\" height=\"242\" srcset=\"https:\/\/claudinemarichal.be\/wp-content\/uploads\/2019\/09\/IVG-1952.jpg 500w, https:\/\/claudinemarichal.be\/wp-content\/uploads\/2019\/09\/IVG-1952-300x145.jpg 300w\" sizes=\"auto, (max-width: 500px) 100vw, 500px\" \/><\/a><\/p>\n<p><br style=\"clear: both;\"><br style=\"clear: both;\"><br style=\"clear: both;\"><strong>&#8212; Retour \u00e0 la rubrique <a href=\"https:\/\/claudinemarichal.be\/?page_id=3539\">\u00ab\u00a0Se r\u00e9veiller\u00a0\u00bb<\/a> &#8212;<\/strong><br \/>\n<em>Tous les articles se trouvent en dessous du texte.<\/em><\/p>\n","protected":false},"excerpt":{"rendered":"<p>La l\u00e9gislation dans le monde L\u2019avortement est interdit dans la plupart des pays dans le monde. Seul l\u2019Occident l\u2019autorise avec des d\u00e9lais plus ou moins longs. Certains Etats d\u00e9mocrates aux Etats-Unis et la France ont m\u00eame l\u00e9galis\u00e9 l\u2019avortement \u00e0 9 mois ! On ne peut plus parler d\u2019avortement mais de meurtre, un foetus \u00e9tant viable d\u00e8s 6 mois ! En Europe Presque tous les pays europ\u00e9ens autorisent l\u2019interruption volontaire de grossesse (IVG). Les d\u00e9lais d\u2019avortement en Europe vont de 10 \u00e0 14 semaines (14 pour la Belgique) et plus pour les pays suivants : Pays-Bas : jusqu\u2019\u00e0 la 24e semaine si la femme s&rsquo;estime en situation de d\u00e9tresse (= 6 mois !) Royaume-Uni : jusqu&rsquo;\u00e0 9 mois, sans conditions, depuis mars 2026 Su\u00e8de : jusqu\u2019\u00e0 la 18e semaine, sans conditions (= 4,5 mois) France (depuis l\u2019\u00e9t\u00e9 2020) : 9 mois ! en cas de d\u00e9tresse psychosociale. Un petit gar\u00e7on \u00e0 18 semaines de grossesse -&gt; https:\/\/fb.watch\/CTzzUkIruo\/ Pourquoi des d\u00e9lais si longs ? Pourquoi un enfant pr\u00e8s de na\u00eetre ne peut-il pas \u00eatre propos\u00e9 \u00e0 l\u2019adoption si la m\u00e8re ne peut pas assumer son r\u00f4le ? Pourquoi tuer l\u2019enfant ? Mon corps m\u2019appartient ? (slogan brandi dans les manifs pro-avortement). Oui, mais le f\u0153tus n\u2019est pas mon corps. Il s\u2019agit d\u2019un \u00eatre distinct \u00e0 l\u2019int\u00e9rieur de mon corps. L\u2019avortement est peut-\u00eatre une libert\u00e9 pour la m\u00e8re mais c\u2019est au prix de la mort de l\u2019enfant \u00e0 na\u00eetre. La \u00ab d\u00e9tresse psychosociale \u00bb n\u2019est-elle pas un pr\u00e9texte pour un objectif sordide qu\u2019on voudrait cacher ? Cette femme qui a \u00e9crit \u00ab\u00a0pas encore un \u00eatre humain\u00a0\u00bb sur son ventre ne sent-elle pas la vie en elle ? Et l\u2019\u00e2me dans tout \u00e7a ? \u00ab Les recherches montrent que d\u00e8s avant la naissance, l\u2019enfant est en relation active avec le monde environnant et son \u00e9tat physique et spirituel est en premier lieu influenc\u00e9 par l\u2019\u00e9tat spirituel et \u00e9thique de sa m\u00e8re. Au cinqui\u00e8me mois de grossesse, l\u2019enfant est en union avec Dieu et re\u00e7oit de lui ses aptitudes. Aux troisi\u00e8me et quatri\u00e8me mois, la m\u00e8re passe par des \u00e9preuves. Elles peuvent se manifester de diverses mani\u00e8res ; mais du r\u00e9sultat qui s\u2019ensuit d\u00e9pendent le caract\u00e8re et la vie de l\u2019enfant \u00e0 venir. L\u2019essentiel est que l\u2019orientation pour les valeurs spirituelles soit toujours plus importante que pour tout le reste. \u00bb Extrait de \u00ab Diagnostic karmique \u2013 Vers une m\u00e9decine de l\u2019\u00e2me \u00bb de Serguei Lazarev, Editions du Dauphin, 2002, page 109 Sur l\u2019avortement \u00e0 9 mois &nbsp; Donald J. Trump a un avis tout \u00e0 fait sens\u00e9 ! (octobre 2024) \u00ab\u00a0Tout le monde sait que je ne soutiendrais en aucun cas une interdiction f\u00e9d\u00e9rale de l&rsquo;avortement et que j&rsquo;y opposerais mon veto, car c&rsquo;est aux Etats de d\u00e9cider en fonction de la volont\u00e9 de leurs \u00e9lecteurs (la volont\u00e9 du peuple !). Comme Ronald Reagan avant moi, je soutiens pleinement les trois exceptions pour le viol, l&rsquo;inceste et la vie de la m\u00e8re. Je ne soutiens pas la position radicale des d\u00e9mocrates en faveur de l&rsquo;avortement tardif, par exemple au 7e, 8e ou 9e mois ou, en cas de doute, la possibilit\u00e9 d&rsquo;ex\u00e9cuter le b\u00e9b\u00e9 apr\u00e8s sa naissance. Je vous remercie de l&rsquo;attention que vous porterez \u00e0 cette question !\u00a0\u00bb La Chambre des lords britannique vient de l\u00e9galiser l&rsquo;avortement jusqu&rsquo;\u00e0 la naissance (mars 2026) Les femmes peuvent d\u00e9sormais mettre fin \u00e0 la vie de leur enfant \u00e0 na\u00eetre \u00e0 n&rsquo;importe quel stade de la grossesse, pour n&rsquo;importe quelle raison, sans encourir de sanctions juridiques. C&rsquo;est un jour vraiment sombre pour la Grande-Bretagne. https:\/\/www.gbnews.com\/politics\/abortion-house-of-lords-birth-terminations La fachosph\u00e8re macronienne veut l\u00e9galiser l\u2019assassinat \u00e0 9 mois ! (ao\u00fbt 2020) \u00ab\u00a0Parlons clairement. Une femme va accoucher dans huit jours, mais se sent \u00ab en d\u00e9tresse psychosociale \u00bb. Il lui semble urgent de supprimer son enfant. C\u2019est son choix, c\u2019est son droit, d\u00e9sormais. Rien ne pourra l\u00e9galement l\u2019emp\u00eacher de le faire. Il s\u2019agit donc d\u2019un assassinat de convenance, perp\u00e9tr\u00e9 par des m\u00e9decins complaisants. Staline et Hitler n\u2019y auraient pas pens\u00e9. La m\u00e9thode est bien connue : on joue l\u2019affect, l\u2019\u00e9motion, la \u00ab d\u00e9tresse \u00bb, impossible \u00e0 d\u00e9finir, pour l\u00e9gitimer l\u2019innommable.\u00a0\u00bb https:\/\/ripostelaique.com\/la-fachosphere-macronienne-veut-legaliser-lassassinat-a-9-mois.html \u00ab Une IMG jusqu\u2019au 9\u00e8me mois pour \u2018\u2018d\u00e9tresse psychosociale\u2019\u2019 ? C\u2019est consacrer une notion floue et subjective \u00bb, Par Gilles William Goldnadel (septembre 2020) Cet \u00e9t\u00e9 [2020], l\u2019Assembl\u00e9e a adopt\u00e9, dans le cadre du projet de loi bio\u00e9thique, un amendement ajoutant aux motifs autorisant une interruption m\u00e9dicale de grossesse (IMG) jusqu\u2019au 9\u00e8me mois la \u00ab d\u00e9tresse psychosociale \u00bb. Gilles-William Goldnadel critique tr\u00e8s vivement cet amendement. \u00ab Je tiens \u00e0 \u00e9crire ici solennellement qu\u2019un f\u0153tus dans le neuvi\u00e8me mois de sa vie s\u2019appelle un enfant, et qu\u2019un tel acte s\u2019appelle donc un infanticide l\u00e9gal. \u00bb https:\/\/www.lefigaro.fr\/vox\/societe\/une-img-jusqu-au-9eme-mois-pour-detresse-psychosociale-c-est-consacrer-une-notion-floue-et-subjective-20200907 L\u2019\u00c9tat de New-York l\u00e9galise l\u2019avortement jusqu\u2019au 9e mois (janvier 2019) \u00ab\u00a0En ces temps de folie de genre et de r\u00e9volution anthropocentrique, la vie n\u2019a plus droit \u00e0 la vie\u2026 Le parlement de l\u2019\u00c9tat de New-York avec sa majorit\u00e9 \u00ab D\u00e9mocrate \u00bb a approuv\u00e9, le mardi 22 janvier 2019, jour anniversaire de la fatidique sentence Roe contre Wade qui lib\u00e9ralisa l\u2019avortement sur tout le territoire des \u00c9tats-Unis, une loi qui d\u00e9nature les notions d\u2019\u00ab homicide \u00bb et de \u00ab personne \u00bb et qui permet d\u2019avorter jusqu\u2019au 9e mois de grossesse, m\u00eame en l\u2019absence d\u2019un m\u00e9decin. \u00ab Chaque individu (le texte ne parle pas de \u2018femme\u2019, soumission \u00e0 l\u2019id\u00e9ologie transsexualiste oblige) qui reste enceinte a le droit fondamental de choisir de continuer sa grossesse, faire na\u00eetre l\u2019enfant ou avorter. \u00bb\u00a0\u00bb https:\/\/www.medias-presse.info\/letat-de-new-york-legalise-lavortement-jusquau-9e-mois\/104173\/ Le gouverneur d\u00e9mocrate du Minnesota &#8211; vice-pr\u00e9sident choisi par Kamala Harris &#8211; signe un projet de loi autorisant l&rsquo;avortement des b\u00e9b\u00e9s jusqu&rsquo;\u00e0 9 mois ! Le gouverneur Tim Walz a sign\u00e9 un projet de loi sur l&rsquo;avortement dans le Minnesota, autorisant l&rsquo;avortement jusqu&rsquo;au moment de la naissance, pour quelque raison que ce soit, le 31 janvier 2023. Il a \u00e9galement sign\u00e9 un projet de loi autorisant la mort des b\u00e9b\u00e9s n\u00e9s vivants apr\u00e8s un avortement rat\u00e9. Walz est le candidat d\u00e9mocrate le plus favorable \u00e0 l&rsquo;avortement et au meurtre de b\u00e9b\u00e9s que nous ayons jamais vu en Am\u00e9rique. Californie : le projet de loi visant \u00e0 tuer les b\u00e9b\u00e9s vivants jusqu&rsquo;\u00e0 l&rsquo;\u00e2ge de 28 jours a \u00e9t\u00e9 adopt\u00e9 ! (juillet 2023) Voil\u00e0 \u00e0 quoi ressemble un b\u00e9b\u00e9 de 34 semaines en dehors de l&rsquo;ut\u00e9rus. Et certains Etats votent des lois pour permettre de tuer ces petits anges innocents ! \u00ab Tous les actes li\u00e9s \u00e0 l\u2019avortement sont couverts \u00e0 100 %, tandis que certains soins pendant la grossesse ne sont rembours\u00e9s qu\u2019\u00e0 70 % \u00bb (janvier 2025) \u00ab\u00a0Un sondage Ifop command\u00e9 en 2020 par l\u2019association pro-vie Alliance Vita r\u00e9v\u00e8le [] que 51 % des Fran\u00e7ais trouvent \u00ab pr\u00e9occupant \u00bb le recours \u00e0 l\u2019avortement, le consid\u00e9rant comme un acte \u00e0 \u00e9viter, tandis que 49 % le per\u00e7oivent comme une \u00e9ventualit\u00e9 normale dans la vie d\u2019une femme. 73 % des sond\u00e9s estiment en outre que la soci\u00e9t\u00e9 devrait plus activement aider les femmes \u00e0 \u00e9viter le recours \u00e0 l\u2019IVG. Plus concr\u00e8tement, et bien que cela reste un tabou, un nombre croissant de femmes qui ont eu recours \u00e0 un avortement rapportent des s\u00e9quelles psychologiques et physiques graves et persistantes.\u00a0\u00bb \u00ab\u00a0\u00c0 cela s\u2019ajoutent des raisons que les enqu\u00eates ne mettent pas en lumi\u00e8re. Pour Nicolas Tardy-Joubert, pr\u00e9sident de la Marche pour la vie, le recours \u00e0 l\u2019avortement est \u00e9galement influenc\u00e9 par l\u2019insuffisance des politiques familiales. Il pointe par exemple le fait que \u00ab tous les actes li\u00e9s \u00e0 l\u2019IVG sont couverts \u00e0 100 %, tandis que certains soins pendant la grossesse ne sont rembours\u00e9s qu\u2019\u00e0 70 % \u00bb.\u00a0\u00bb Article d&rsquo;Elisabeth Caillemer dans le JDD https:\/\/lesalonbeige.fr\/tous-les-actes-lies-a-lavortement-sont-couverts-a-100-tandis-que-certains-soins-pendant-la-grossesse-ne-sont-rembourses-qua-70\/ Sur le trafic d\u2019organes de foetus \u00ab\u00a0Des b\u00e9b\u00e9s sont mis au monde vivants et leur c\u0153ur est d\u00e9coup\u00e9 sans anesth\u00e9sie pour d\u00e9velopper des vaccins.\u00a0\u00bb C&rsquo;est vraiment horrible, je n&rsquo;ai pas de mots. Mais comprenez que c&rsquo;est l&rsquo;une des raisons pour lesquelles ceux qui contr\u00f4lent la situation sont si fortement en faveur de l&rsquo;avortement. Tous les foetus avort\u00e9s sont r\u00e9cup\u00e9r\u00e9s par Big Pharma. Presque tous les vaccins sont fait gr\u00e2ce \u00e0 cela. https:\/\/x.com\/silvano_trotta\/status\/1873451294326944181 Interview complet de Robert F. Kennedy : https:\/\/childrenshealthdefense.org\/news\/robert-f-kennedy-jr-q-a-with-dr-theresa-deisher\/ Loi Bio\u00e9thique : l\u2019avortement est d\u00e9sormais possible jusqu\u2019\u00e0 9 mois ! (ao\u00fbt 2020) \u2013 vid\u00e9o \u00ab\u00a0Vente d&rsquo;organes de foetus : la vid\u00e9o qui embarrasse le Planning familial am\u00e9ricain Pi\u00e9g\u00e9e par des militants pro-life en cam\u00e9ra cach\u00e9e, une responsable du Planned Parenthood (Planning familial) d\u00e9taille la collecte et le trafic auquel se livre l&rsquo;organisation, accus\u00e9e de vendre des organes de foetus avort\u00e9s pour la recherche.\u00a0\u00bb https:\/\/aphadolie.com\/2020\/08\/04\/loi-bioethique-lavortement-est-desormais-possible-jusqua-9-mois\/ Exploitation des organes de f\u0153tus avort\u00e9s : financ\u00e9e par l\u2019argent des contribuables ! (juillet 2022) \u00ab\u00a0Judicial Watch publie des r\u00e9v\u00e9lations sur l\u2019\u00e9visc\u00e9ration de f\u0153tus \u00e0 des fins de \u00ab recherche \u00bb et de fabrication de vaccins. En t\u00eate de liste, se trouve le \u00ab Pape du Covid \u00bb am\u00e9ricain Antoni Fauci, directeur d\u2019un d\u00e9partement de recherche au minist\u00e8re am\u00e9ricain de la Sant\u00e9. Le tout financ\u00e9 par l\u2019argent des contribuables.\u00a0\u00bb Vid\u00e9o de Kla.tv https:\/\/jeminformetv.com\/2022\/07\/20\/exploitation-des-organes-de-foetus-avortes\/ Etats-Unis : trafic d\u2019organes de f\u0153tus avort\u00e9s au Planning familial International (ao\u00fbt 2015) \u00ab\u00a0Depuis le 14 juillet 2015, plus de cinq vid\u00e9os ont \u00e9t\u00e9 diffus\u00e9es et mettent au grand jour un vaste trafic r\u00e9mun\u00e9r\u00e9 d&rsquo;organes de foetus humains avort\u00e9s dans les structures internes du Planning familial am\u00e9ricain, et ce, malgr\u00e9 la prohibition formelle d&rsquo;un tel march\u00e9 par la loi f\u00e9d\u00e9rale. Au fil des vid\u00e9os, le CMP d\u00e9taille tout l&rsquo;arsenal logistique et financier du Planning familial. Les images tr\u00e8s choquantes de ces enregistrements r\u00e9v\u00e8lent les agissements de responsables hauts plac\u00e9s. On y voit comment sont analys\u00e9s, diss\u00e9qu\u00e9s, tri\u00e9s et n\u00e9goci\u00e9s, les membres et organes vitaux des foetus humains avort\u00e9s. Les organes sont \u00e9valu\u00e9s, soupes\u00e9s afin d&rsquo;en d\u00e9terminer la qualit\u00e9, comme une simple marchandise. Les responsables de l&rsquo;IPPF [International Planned Parenthood Federation] expliquent que pour obtenir des foetus en bon \u00e9tat, il leur faut parfois changer les m\u00e9thodes d&rsquo;avortement afin de ne pas \u00ab \u00e9craser \u00bb ou \u00ab broyer \u00bb les organes choisis.\u00a0\u00bb https:\/\/www.ieb-eib.org\/fr\/actualite\/debut-de-vie\/avortement\/etats-unis-trafic-d-organes-de-ftus-avortes-au-planning-familial-international-975.html Etats-Unis : Vente et trafic d\u2019organes de f\u0153tus et nouveau-n\u00e9s, le nouveau scandale de l\u2019avortement (ao\u00fbt 2021) \u00ab\u00a0La crise du covid-19 a r\u00e9v\u00e9l\u00e9 au commun des mortels que Big Pharma se sert de cellules de f\u0153tus volontairement avort\u00e9s pour le d\u00e9veloppement de ses vaccins ou injections g\u00e9niques anti-coronavirus. Des scientifiques comme l\u2019am\u00e9ricaine Pamela Hacker soutiennent que le trafic d\u2019organes et de cellules de f\u0153tus avort\u00e9s fait partie int\u00e9grante de la recherche actuelle dans certains grands laboratoires et que ces cellules sont pr\u00e9lev\u00e9es sur des f\u0153tus vivants. Quelques ann\u00e9es auparavant, c\u2019\u00e9tait la machine \u00e0 avorter Planned Parenthood qui se retrouvait au centre d\u2019un scandale de vente et trafic d\u2019organes de b\u00e9b\u00e9s avort\u00e9s. \u00ab Les dossiers publics FOIA r\u00e9cemment publi\u00e9s obtenus par le Center for Medical Progress indiquent que le pr\u00e9l\u00e8vement d\u2019organes se fait sur des nourrissons avort\u00e9s livr\u00e9s vivants, et cibl\u00e9s par race \u00bb. [\u2026] Ces documents montrent quel degr\u00e9 de monstruosit\u00e9 a atteint la culture de mort, et \u00e0 quel point le concept \u00ab sauver des vies \u00bb brandi actuellement par la bien-pensance, les m\u00e9decins de plateaux et les laboratoires pharmaceutiques pour inciter les gens \u00e0 se faire vacciner contre le covid avec des injections produites ou d\u00e9velopp\u00e9es sur des cellules de f\u0153tus avort\u00e9s est vide de sens, hypocrite et criminel : car, en r\u00e9sum\u00e9, pour sauver des vies d\u2019adultes, on vivisecte des f\u0153tus humains !\u00a0\u00bb https:\/\/www.medias-presse.info\/etats-unis-vente-et-trafic-dorganes-de-foetus-et-nouveau-nes-le-nouveau-scandale-de-lavortement\/145384\/ SENOMYX &#8211; Le business des foetus avort\u00e9s dans l&rsquo;alimentation humaine (f\u00e9vrier 2022) \u00ab\u00a0SENOMYX nous rend cannibales \u00e0 notre insu : Pepsi, Lays, Nestl\u00e9 et d&rsquo;autres grandes marques&#8230; et pire encore des \u00ab\u00a0banques\u00a0\u00bb de trafic ultra-lucratif, de trafic d&rsquo;organes, de f\u0153tus avort\u00e9s !! Vaccins, cosm\u00e9tiques, etc., il n&rsquo;y a pas de petits profits pour ces \u00ab\u00a0gens-l\u00e0\u00a0\u00bb !! Cette vid\u00e9o est reprise d&rsquo;une vid\u00e9o anglaise intitul\u00e9e : \u00ab\u00a0SENOMYX &#8211; Making Us Cannibal&rsquo;s One Bite at a Time\u00a0\u00bb, ce qui veut dire \u00ab\u00a0SENOMYX nous rend cannibales \u00e0 chaque bouch\u00e9e\u00a0\u00bb.\u00a0\u00bb https:\/\/vk.com\/wall599120238_82234 Deux implications logiques d\u2019une constitutionnalisation de l\u2019avortement (mars 2023) \u00ab\u00a0Les l\u00e9gislateurs ont l\u2019obligation de ne pas l\u00e9gif\u00e9rer dans l\u2019urgence, mais en consid\u00e9rant prudemment les cons\u00e9quences logiques de leurs d\u00e9cisions. La constitutionnalisation de l\u2019IVG aurait \u00e0 cet \u00e9gard deux implications rigoureuses, sans doute inaper\u00e7ues de ses promoteurs myopes, mais dont chacune&#8230;<\/p>\n","protected":false},"author":1,"featured_media":5673,"comment_status":"open","ping_status":"open","sticky":false,"template":"","format":"standard","meta":{"ngg_post_thumbnail":0,"footnotes":""},"categories":[145],"tags":[],"class_list":["post-4313","post","type-post","status-publish","format-standard","has-post-thumbnail","hentry","category-se-reveiller"],"acf":[],"_links":{"self":[{"href":"https:\/\/claudinemarichal.be\/index.php?rest_route=\/wp\/v2\/posts\/4313","targetHints":{"allow":["GET"]}}],"collection":[{"href":"https:\/\/claudinemarichal.be\/index.php?rest_route=\/wp\/v2\/posts"}],"about":[{"href":"https:\/\/claudinemarichal.be\/index.php?rest_route=\/wp\/v2\/types\/post"}],"author":[{"embeddable":true,"href":"https:\/\/claudinemarichal.be\/index.php?rest_route=\/wp\/v2\/users\/1"}],"replies":[{"embeddable":true,"href":"https:\/\/claudinemarichal.be\/index.php?rest_route=%2Fwp%2Fv2%2Fcomments&post=4313"}],"version-history":[{"count":31,"href":"https:\/\/claudinemarichal.be\/index.php?rest_route=\/wp\/v2\/posts\/4313\/revisions"}],"predecessor-version":[{"id":8073,"href":"https:\/\/claudinemarichal.be\/index.php?rest_route=\/wp\/v2\/posts\/4313\/revisions\/8073"}],"wp:featuredmedia":[{"embeddable":true,"href":"https:\/\/claudinemarichal.be\/index.php?rest_route=\/wp\/v2\/media\/5673"}],"wp:attachment":[{"href":"https:\/\/claudinemarichal.be\/index.php?rest_route=%2Fwp%2Fv2%2Fmedia&parent=4313"}],"wp:term":[{"taxonomy":"category","embeddable":true,"href":"https:\/\/claudinemarichal.be\/index.php?rest_route=%2Fwp%2Fv2%2Fcategories&post=4313"},{"taxonomy":"post_tag","embeddable":true,"href":"https:\/\/claudinemarichal.be\/index.php?rest_route=%2Fwp%2Fv2%2Ftags&post=4313"}],"curies":[{"name":"wp","href":"https:\/\/api.w.org\/{rel}","templated":true}]}}