{"id":3640,"date":"2019-09-04T17:29:36","date_gmt":"2019-09-04T15:29:36","guid":{"rendered":"https:\/\/claudinemarichal.be\/?p=3640"},"modified":"2026-04-22T22:31:42","modified_gmt":"2026-04-22T20:31:42","slug":"larnaque-climatique","status":"publish","type":"post","link":"https:\/\/claudinemarichal.be\/?p=3640","title":{"rendered":"L&rsquo;arnaque climatique"},"content":{"rendered":"<p>Une image vaut mille mots !<\/p>\n<p><img loading=\"lazy\" decoding=\"async\" class=\"alignnone wp-image-3644 size-full\" src=\"https:\/\/claudinemarichal.be\/wp-content\/uploads\/2023\/02\/Arnaque-climat.jpg\" alt=\"\" width=\"500\" height=\"253\" srcset=\"https:\/\/claudinemarichal.be\/wp-content\/uploads\/2023\/02\/Arnaque-climat.jpg 500w, https:\/\/claudinemarichal.be\/wp-content\/uploads\/2023\/02\/Arnaque-climat-300x152.jpg 300w\" sizes=\"auto, (max-width: 500px) 100vw, 500px\" \/><br \/>\n<br style=\"clear: both;\"><br style=\"clear: both;\"><br style=\"clear: both;\"><img loading=\"lazy\" decoding=\"async\" class=\"alignnone wp-image-6718 size-full\" src=\"https:\/\/claudinemarichal.be\/wp-content\/uploads\/2019\/09\/arnaque-climat-Aubontouitefrancais.jpg\" alt=\"\" width=\"500\" height=\"180\" srcset=\"https:\/\/claudinemarichal.be\/wp-content\/uploads\/2019\/09\/arnaque-climat-Aubontouitefrancais.jpg 500w, https:\/\/claudinemarichal.be\/wp-content\/uploads\/2019\/09\/arnaque-climat-Aubontouitefrancais-300x108.jpg 300w\" sizes=\"auto, (max-width: 500px) 100vw, 500px\" \/><\/p>\n<p><br style=\"clear: both;\"><br style=\"clear: both;\"><br style=\"clear: both;\"><\/p>\n<p>ARR\u00caTEZ de dire \u00ab\u00a0changement climatique\u00a0\u00bb&nbsp; ou \u00ab\u00a0crise climatique\u00a0\u00bb ; appelez ce ph\u00e9nom\u00e8ne par son nom : \u00ab\u00a0la pulv\u00e9risation de m\u00e9taux lourds dans l&rsquo;atmosph\u00e8re qui empoisonne la population et l&rsquo;environnement\u00a0\u00bb. Les taux de cancer montent en fl\u00e8che.<br \/>\n-&gt; <a href=\"https:\/\/claudinemarichal.be\/?p=3695\">Contr\u00f4le du climat et contr\u00f4le mental<\/a> :<br \/>\n&nbsp; &nbsp; &nbsp; &nbsp;-&gt; Chemtrails<br \/>\n&nbsp; &nbsp; &nbsp; &nbsp;-&gt; HAARP<\/p>\n<p><br style=\"clear: both;\"><br style=\"clear: both;\"><br style=\"clear: both;\"><\/p>\n<p><img loading=\"lazy\" decoding=\"async\" class=\"alignnone wp-image-4939 size-full\" src=\"https:\/\/claudinemarichal.be\/wp-content\/uploads\/2019\/09\/arnaque-climat-3-prix-nobel.jpg\" alt=\"\" width=\"900\" height=\"892\" srcset=\"https:\/\/claudinemarichal.be\/wp-content\/uploads\/2019\/09\/arnaque-climat-3-prix-nobel.jpg 900w, https:\/\/claudinemarichal.be\/wp-content\/uploads\/2019\/09\/arnaque-climat-3-prix-nobel-300x297.jpg 300w, https:\/\/claudinemarichal.be\/wp-content\/uploads\/2019\/09\/arnaque-climat-3-prix-nobel-150x150.jpg 150w, https:\/\/claudinemarichal.be\/wp-content\/uploads\/2019\/09\/arnaque-climat-3-prix-nobel-768x761.jpg 768w, https:\/\/claudinemarichal.be\/wp-content\/uploads\/2019\/09\/arnaque-climat-3-prix-nobel-75x75.jpg 75w\" sizes=\"auto, (max-width: 900px) 100vw, 900px\" \/><\/p>\n<p><br style=\"clear: both;\"><br style=\"clear: both;\"><br style=\"clear: both;\"><strong>\u00ab Il n\u2019y a pas de crise climatique \u00bb : l\u2019Association des r\u00e9alistes climatiques affirme \u00e0 Madrid disposer de preuves qui contredisent l\u2019alarmisme <\/strong>(novembre 2025)<\/p>\n<p>L\u2019Association des R\u00e9alistes Climatiques (ARC) a tenu le 15\u202fnovembre dernier sa premi\u00e8re journ\u00e9e \u00ab\u202fChangement climatique et soci\u00e9t\u00e9\u202f\u00bb \u00e0 l\u2019Universit\u00e9 Francisco\u202fMarroqu\u00edn de Madrid. L\u2019\u00e9v\u00e9nement, organis\u00e9 par un collectif de climatologues, m\u00e9t\u00e9orologues, g\u00e9ologues, biologistes, chimistes et ing\u00e9nieurs, visait \u00e0 contrer ce qu\u2019ils qualifient d\u2019\u00ab\u202falarmisme injustifi\u00e9\u202f\u00bb gr\u00e2ce \u00e0 une preuve scientifique rigoureuse.<br \/>\n[&#8230;]<br \/>\nL\u2019ARC souligne que l\u2019impact r\u00e9el que le CO\u2082 exerce sur le climat demeure inconnu et affirme que nos \u00e9missions de ce gaz \u00ab\u202fsont assur\u00e9ment la chose la plus positive que l\u2019humanit\u00e9 ait faite pour l\u2019environnement depuis toujours\u202f\u00bb, car elles provoquent une expansion sans pr\u00e9c\u00e9dent du couvert v\u00e9g\u00e9tal observ\u00e9e par les satellites de la NASA.<\/p>\n<p><a href=\"https:\/\/www.epochtimes.fr\/il-ny-a-pas-de-crise-climatique-lassociation-des-realistes-climatiques-affirme-a-madrid-disposer-de-preuves-qui-contredisent-lalarmisme-3115885.html\" target=\"_blank\" rel=\"noopener\">https:\/\/www.epochtimes.fr\/il-ny-a-pas-de-crise-climatique-lassociation-des-realistes-climatiques-affirme-a-madrid-disposer-de-preuves-qui-contredisent-lalarmisme-3115885.html<br \/>\n<\/a><a href=\"https:\/\/www.epochtimes.fr\/il-ny-a-pas-de-crise-climatique-lassociation-des-realistes-climatiques-affirme-a-madrid-disposer-de-preuves-qui-contredisent-lalarmisme-3115885.html\" target=\"_blank\" rel=\"noopener\"><img loading=\"lazy\" decoding=\"async\" class=\"alignnone wp-image-7976 size-full\" src=\"https:\/\/claudinemarichal.be\/wp-content\/uploads\/2019\/09\/arnaque-climat-pas-de-crise-clim.png\" alt=\"\" width=\"500\" height=\"333\" srcset=\"https:\/\/claudinemarichal.be\/wp-content\/uploads\/2019\/09\/arnaque-climat-pas-de-crise-clim.png 500w, https:\/\/claudinemarichal.be\/wp-content\/uploads\/2019\/09\/arnaque-climat-pas-de-crise-clim-300x200.png 300w\" sizes=\"auto, (max-width: 500px) 100vw, 500px\" \/><\/a><br \/>\n<br style=\"clear: both;\"><br style=\"clear: both;\"><br style=\"clear: both;\"><\/p>\n<p><img loading=\"lazy\" decoding=\"async\" class=\"alignnone wp-image-8268 size-full\" src=\"https:\/\/claudinemarichal.be\/wp-content\/uploads\/2019\/09\/arnaque-climat-5-raisons.jpg\" alt=\"\" width=\"502\" height=\"565\" srcset=\"https:\/\/claudinemarichal.be\/wp-content\/uploads\/2019\/09\/arnaque-climat-5-raisons.jpg 502w, https:\/\/claudinemarichal.be\/wp-content\/uploads\/2019\/09\/arnaque-climat-5-raisons-267x300.jpg 267w\" sizes=\"auto, (max-width: 502px) 100vw, 502px\" \/><\/p>\n<p><br style=\"clear: both;\"><br style=\"clear: both;\"><br style=\"clear: both;\"><\/p>\n<p><strong>Bertrand Alliot : \u00ab Il y a un \u00e9puisement du r\u00e9cit catastrophiste climatique \u00bb <\/strong>(novembre 2025)<\/p>\n<p>Dans cet entretien, Bertrand Alliot revient sur la 30e \u00e9dition de la Conf\u00e9rence des Nations Unies sur le climat, ou COP30, qui s\u2019est d\u00e9roul\u00e9e \u00e0 Bel\u00e9m au Br\u00e9sil du 10 au 21 novembre, la prise de parole du chef d\u2019\u00c9tat br\u00e9silien \u00e0 l\u2019ouverture de l\u2019\u00e9v\u00e8nement et les r\u00e9centes prises de position de Bill Gates sur le r\u00e9chauffement climatique, interpr\u00e9t\u00e9es par certains comme une volte-face id\u00e9ologique.<br \/>\n\u00ab Nous sommes en plein dans l\u2019alarmisme climatique \u00bb.<br \/>\nLors du discours d\u2019ouverture de la COP30, le pr\u00e9sident br\u00e9silien, Luiz In\u00e1cio Lula da Silva a d\u00e9clar\u00e9 qu\u2019il est temps d\u2019\u00ab infliger une nouvelle d\u00e9faite aux n\u00e9gationnistes [du climat] \u00bb avant d\u2019ajouter que \u00ab <em>nous allons dans la bonne direction, mais \u00e0 la mauvaise vitesse<\/em>.\u00bb<br \/>\nPour l\u2019environnementaliste, le pr\u00e9sident br\u00e9silien a fait une d\u00e9monstration d\u2019\u00ab alarmisme climatique. \u00bb<br \/>\n\u00ab <em>Nous sommes en plein dans l\u2019alarmisme climatique. Et quoi qu\u2019il arrive, ce type de discours est consubstantiel aux COP \u00bb, note Bertrand Alliot, avant d\u2019ajouter que \u00ab si ces conf\u00e9rences n\u2019\u00e9taient pas alarmistes, plus aucun chef d\u2019\u00c9tat ne s\u2019y rendrait.<\/em> \u00bb<br \/>\n<u>La fin d\u2019un narratif<\/u><br \/>\nCependant, l\u2019auteur de Comprendre l\u2019incroyable \u00e9cologie, estime que le narratif \u00e9cologiste traditionnel est \u00e0 bout de souffle.<br \/>\n\u00ab <em>Il y a un \u00e9puisement du r\u00e9cit climatique catastrophiste<\/em> \u00bb, d\u00e9clare Bertrand Alliot.<br \/>\nLe milliardaire am\u00e9ricain, Bill Gates, a d\u2019ailleurs publi\u00e9 une note le 28 octobre sur son site dont le contenu en a surpris plus d\u2019un. \u00ab <em>Le changement climatique ne va pas entra\u00eener l\u2019extinction de l\u2019humanit\u00e9<\/em> \u00bb, a-t-il \u00e9crit tout en d\u00e9plorant la \u00ab vision apocalyptique \u00bb du r\u00e9chauffement climatique.<br \/>\nPour le porte-parole d\u2019Action \u00c9cologie, ces \u00ab prises de position vont se multiplier puisque le narratif catastrophiste se d\u00e9fait sous nos yeux.\u00bb<\/p>\n<p><a href=\"https:\/\/www.epochtimes.fr\/epoch-tv\/epoch-tv\/bertrand-alliot-il-y-a-un-epuisement-du-recit-catastrophiste-climatique-a3112644.html\" target=\"_blank\" rel=\"noopener\">https:\/\/www.epochtimes.fr\/epoch-tv\/epoch-tv\/bertrand-alliot-il-y-a-un-epuisement-du-recit-catastrophiste-climatique-a3112644.html<\/a><br \/>\n<img loading=\"lazy\" decoding=\"async\" class=\"alignnone wp-image-7937 size-full\" src=\"https:\/\/claudinemarichal.be\/wp-content\/uploads\/2019\/09\/arnaque-climat-bertrand-Alliot.jpg\" alt=\"\" width=\"500\" height=\"281\" srcset=\"https:\/\/claudinemarichal.be\/wp-content\/uploads\/2019\/09\/arnaque-climat-bertrand-Alliot.jpg 500w, https:\/\/claudinemarichal.be\/wp-content\/uploads\/2019\/09\/arnaque-climat-bertrand-Alliot-300x169.jpg 300w\" sizes=\"auto, (max-width: 500px) 100vw, 500px\" \/><br \/>\n<br style=\"clear: both;\"><br style=\"clear: both;\"><br style=\"clear: both;\"><strong>Climat: le film (Climat : The Movie)<\/strong> (mars 2024)<\/p>\n<p>Ce film expose l\u2019alarme climatique comme une frayeur invent\u00e9e sans aucun fondement scientifique. Cela montre que les \u00e9tudes traditionnelles et les donn\u00e9es officielles ne soutiennent pas l\u2019affirmation selon laquelle nous assistons \u00e0 une augmentation des \u00e9v\u00e9nements m\u00e9t\u00e9orologiques extr\u00eames \u2013 ouragans, s\u00e9cheresses, vagues de chaleur, incendies de for\u00eat et tout le reste. Cela contredit cat\u00e9goriquement l\u2019affirmation selon laquelle les temp\u00e9ratures et les niveaux actuels de CO\u2082 atmosph\u00e9rique sont inhabituels ou inqui\u00e9tants. Au contraire, par rapport au dernier demi-milliard d\u2019ann\u00e9es de l\u2019histoire terrestre, les temp\u00e9ratures actuelles et les niveaux de CO\u2082 sont extr\u00eamement et inhabituellement bas. Nous sommes actuellement dans une p\u00e9riode glaciaire. Cela montre \u00e9galement qu\u2019il n\u2019existe aucune preuve que l\u2019\u00e9volution des niveaux de CO\u2082 (ils ont chang\u00e9 \u00e0 plusieurs reprises) a jamais \u00ab entra\u00een\u00e9 \u00bb le changement climatique dans le pass\u00e9.<br \/>\nPourquoi alors nous r\u00e9p\u00e8te-t-on, sans cesse, que le \u00ab changement climatique catastrophique provoqu\u00e9 par l\u2019homme \u00bb est un fait irr\u00e9futable ? Pourquoi nous dit-on qu\u2019il n\u2019y a aucune preuve qui le contredit ? Pourquoi dit-on, que quiconque, qui remet en question le \u00ab chaos climatique \u00bb est un \u00ab platiste \u00bb et un \u00ab n\u00e9gationniste de la science \u00bb ?<br \/>\nLe film explore la nature du consensus derri\u00e8re le changement climatique. Il d\u00e9crit les origines du mouvement de financement climatique et la mont\u00e9e en puissance d\u2019une l\u2019industrie climatique, pesant des billions de dollars. Il d\u00e9crit les centaines de milliers d\u2019emplois qui d\u00e9pendent de la crise climatique. Cela explique l\u2019\u00e9norme pression exerc\u00e9e sur les scientifiques et autres pour qu\u2019ils ne remettent pas en question l\u2019alarme climatique : retrait des fonds, rejet par les revues scientifiques, ostracisme social.<br \/>\nMais l\u2019alarme climatique est bien plus qu\u2019un mouvement de financement et d\u2019emploi. Le film explore la politique du climat. D\u00e8s le d\u00e9but, la peur climatique \u00e9tait politique. Le coupable \u00e9tait le capitalisme industriel de libre march\u00e9. La solution \u00e9tait des imp\u00f4ts plus \u00e9lev\u00e9s et davantage de r\u00e9glementation. D\u00e8s le d\u00e9but, l\u2019alarme climatique a s\u00e9duit, et a \u00e9t\u00e9 adopt\u00e9e et promue par, les groupes favorables \u00e0 un gouvernement plus important.<br \/>\nC\u2019est une division politique tacite qui se cache derri\u00e8re l\u2019alarme climatique. La peur du climat s\u00e9duit particuli\u00e8rement tous les membres de l\u2019establishment tentaculaire financ\u00e9 par l\u2019\u00c9tat. Cela inclut l\u2019intelligentsia occidentale largement financ\u00e9e par l\u2019\u00c9tat, pour qui le climat est devenu une cause morale. Dans ces cercles, critiquer ou remettre en question l\u2019alarme climatique est devenu une violation d\u2019\u00e9tiquette sociale.<br \/>\nLe film comprend des entretiens avec un certain nombre de scientifiques de renom, dont le professeur Steven Koonin (auteur de \u00ab Unsettled \u00bb, ancien doyen et vice-pr\u00e9sident de Caltech), le professeur Dick Lindzen (ancien professeur de m\u00e9t\u00e9orologie \u00e0 Harvard et au MIT), le professeur Will Happer (professeur de physique \u00e0 Princeton), Dr John Clauser (laur\u00e9at du prix Nobel de physique en 2022), professeur Nir Shaviv (Institut de physique de Racah), professeur Ross McKitrick (Universit\u00e9 de Guelph), Dr Willie Soon et plusieurs autres.<br \/>\nLe film a \u00e9t\u00e9 \u00e9crit et r\u00e9alis\u00e9 par le cin\u00e9aste britannique Martin Durkin, et est la suite de son excellent documentaire de 2007 \u00ab The Great Global Warming Swindle. \u00bb Tom Nelson, un podcasteur qui examine en profondeur les questions du d\u00e9bat climatique, depuis pr\u00e8s de deux d\u00e9cennies, a produit le film.<\/p>\n<p><a href=\"https:\/\/www.youtube.com\/watch?v=zmfRG8-RHEI\" target=\"_blank\" rel=\"noopener\">https:\/\/www.youtube.com\/watch?v=zmfRG8-RHEI<br \/>\n<img loading=\"lazy\" decoding=\"async\" class=\"alignnone wp-image-6899 size-full\" src=\"https:\/\/claudinemarichal.be\/wp-content\/uploads\/2019\/09\/arnaque-climat-le-film.jpg\" alt=\"\" width=\"500\" height=\"281\" srcset=\"https:\/\/claudinemarichal.be\/wp-content\/uploads\/2019\/09\/arnaque-climat-le-film.jpg 500w, https:\/\/claudinemarichal.be\/wp-content\/uploads\/2019\/09\/arnaque-climat-le-film-300x169.jpg 300w\" sizes=\"auto, (max-width: 500px) 100vw, 500px\" \/><\/a><br style=\"clear: both;\"><br style=\"clear: both;\"><br style=\"clear: both;\"><\/p>\n<p><strong>JPMorgan et State Street se retirent de Climate Action 100+, BlackRock fait marche arri\u00e8re <\/strong>(f\u00e9vrier 2024)<\/p>\n<p>Sentent-ils le vent tourner ?<\/p>\n<p><a href=\"https:\/\/www.reuters.com\/sustainability\/sustainable-finance-reporting\/jpmorgan-fund-arm-quits-climate-action-100-investor-group-2024-02-15\/\" target=\"_blank\" rel=\"noopener\">https:\/\/www.reuters.com\/sustainability\/sustainable-finance-reporting\/jpmorgan-fund-arm-quits-climate-action-100-investor-group-2024-02-15\/<\/a><br \/>\n<a href=\"https:\/\/www.novethic.fr\/finance-durable\/engagement-actionnarial\/jp-morgan-state-street-et-blackrock-prennent-leurs-distances-avec-climate-action-100\" target=\"_blank\" rel=\"noopener\">https:\/\/www.novethic.fr\/finance-durable\/engagement-actionnarial\/jp-morgan-state-street-et-blackrock-prennent-leurs-distances-avec-climate-action-100<br \/>\n<\/a><a href=\"https:\/\/www.novethic.fr\/finance-durable\/engagement-actionnarial\/jp-morgan-state-street-et-blackrock-prennent-leurs-distances-avec-climate-action-100\" target=\"_blank\" rel=\"noopener\"><img loading=\"lazy\" decoding=\"async\" class=\"alignnone wp-image-6142 size-full\" src=\"https:\/\/claudinemarichal.be\/wp-content\/uploads\/2019\/09\/arnaque-climat-JP-Morgan.jpg\" alt=\"\" width=\"500\" height=\"315\" srcset=\"https:\/\/claudinemarichal.be\/wp-content\/uploads\/2019\/09\/arnaque-climat-JP-Morgan.jpg 500w, https:\/\/claudinemarichal.be\/wp-content\/uploads\/2019\/09\/arnaque-climat-JP-Morgan-300x189.jpg 300w\" sizes=\"auto, (max-width: 500px) 100vw, 500px\" \/><\/a><\/p>\n<p><br style=\"clear: both;\"><br style=\"clear: both;\"><br style=\"clear: both;\"><\/p>\n<p><strong>Des m\u00e9t\u00e9orologues et des scientifiques r\u00e9cusent l\u2019id\u00e9e d\u2019urgence climatique<\/strong> (septembre 2023)<\/p>\n<p>\u00ab\u00a0Il n\u2019y a pas d\u2019urgence climatique : les messages alarmistes v\u00e9hicul\u00e9s par les \u00e9lites mondiales sont purement politiques. Voil\u00e0 en substance <u>ce qu\u2019avancent 1.609 scientifiques et professionnels de renom<\/u> dans leur \u00ab D\u00e9claration mondiale sur le climat \u00bb du Global Climate Intelligence Group (GCIG).<br \/>\n\u00ab La science du climat devrait \u00eatre moins politique, et les politiques climatiques devraient \u00eatre plus scientifiques \u00bb, commence la d\u00e9claration. \u00ab Les scientifiques devraient aborder ouvertement la question des incertitudes et des exag\u00e9rations dans leurs pr\u00e9visions du r\u00e9chauffement climatique, et les hommes politiques devraient \u00eatre en mesure de chiffrer sans passion les co\u00fbts r\u00e9els et les avantages imaginaires des mesures qu\u2019ils proposent \u00bb.<br \/>\nLe groupe se d\u00e9finit comme \u00e9tant ind\u00e9pendant et un \u00ab chien de garde du climat \u00bb, fond\u00e9 en 2019 par Guus Berkhout, professeur \u00e9m\u00e9rite de g\u00e9ophysique, et Marcel Crok, un journaliste scientifique. Selon son site web, l\u2019objectif de l\u2019organisation est de \u00ab produire des donn\u00e9es et de d\u00e9velopper une [r\u00e9elle] compr\u00e9hension des causes et des effets du changement climatique et des effets de la politique climatique. \u00bb Dans cette optique, ils veulent se concentrer sur les faits et leurs recherches scientifiques doivent \u00eatre objectives.<br \/>\nParmi les signataires de la d\u00e9claration figurent notamment des laur\u00e9ats du prix Nobel, des physiciens, des m\u00e9t\u00e9orologues, des professeurs et des sp\u00e9cialistes de l\u2019environnement du monde entier. Les signataires qu\u2019Epoch Times a pu interroger sont cat\u00e9goriques\u202f: <u>cette id\u00e9e \u00ab d\u2019urgence climatique \u00bb est ridicule<\/u>.\u00a0\u00bb<\/p>\n<p><a href=\"https:\/\/www.epochtimes.fr\/des-meteorologues-et-des-scientifiques-expliquent-quil-ny-a-pas-durgence-climatique-2426407.html\" target=\"_blank\" rel=\"noopener\">https:\/\/www.epochtimes.fr\/des-meteorologues-et-des-scientifiques-expliquent-quil-ny-a-pas-durgence-climatique-2426407.html<br \/>\n<\/a><a href=\"https:\/\/www.epochtimes.fr\/des-meteorologues-et-des-scientifiques-expliquent-quil-ny-a-pas-durgence-climatique-2426407.html\" target=\"_blank\" rel=\"noopener\"><img loading=\"lazy\" decoding=\"async\" class=\"alignnone wp-image-5259 size-full\" src=\"https:\/\/claudinemarichal.be\/wp-content\/uploads\/2019\/09\/arnaque-climat-Epoch-times.jpg\" alt=\"\" width=\"500\" height=\"281\" srcset=\"https:\/\/claudinemarichal.be\/wp-content\/uploads\/2019\/09\/arnaque-climat-Epoch-times.jpg 500w, https:\/\/claudinemarichal.be\/wp-content\/uploads\/2019\/09\/arnaque-climat-Epoch-times-300x169.jpg 300w\" sizes=\"auto, (max-width: 500px) 100vw, 500px\" \/><\/a><br \/>\n<br style=\"clear: both;\"><br style=\"clear: both;\"><br style=\"clear: both;\"><strong>L&rsquo;arnaque climatique, par Tucker Carlson (ex-pr\u00e9sentateur sur Fox News) <\/strong>&nbsp;(traduit par Nostradamart)<\/p>\n<p>Tucker Carlson (le journaliste le plus \u00e9cout\u00e9 aux Etats-Unis) revient sur les mensonges auxquels de soi-disant experts nous ont fait croire depuis des d\u00e9cennies. On est pass\u00e9 de pr\u00e9dictions en 1969 d&rsquo;une future \u00e8re glaciaire annonc\u00e9e pour le 1er tiers du 21e si\u00e8cle \u00e0 celles, au d\u00e9but des ann\u00e9es 80&prime;, d&rsquo;un r\u00e9chauffement climatique, et, comme le niveau des mers n\u2019avait pas augment\u00e9 et que toutes les grandes villes n\u2019\u00e9taient pas englouties en 2000, on a commenc\u00e9 \u00e0 parler de changement climatique.<br \/>\nIl se marre bien, Tucker Carlson, et nous aussi !<\/p>\n<p><a href=\"https:\/\/reinfovf.com\/video\/17201\/tucker_carlson_-_l_arnaque_climatique_\" target=\"_blank\" rel=\"noopener\">https:\/\/reinfovf.com\/video\/17201\/tucker_carlson_-_l_arnaque_climatique_<br \/>\n<\/a><a href=\"https:\/\/reinfovf.com\/video\/17201\/tucker_carlson_-_l_arnaque_climatique_\" target=\"_blank\" rel=\"noopener\"><img loading=\"lazy\" decoding=\"async\" class=\"alignnone wp-image-4267 size-full\" src=\"https:\/\/claudinemarichal.be\/wp-content\/uploads\/2019\/09\/climat-Tucker-Carlson.jpg\" alt=\"\" width=\"500\" height=\"265\" srcset=\"https:\/\/claudinemarichal.be\/wp-content\/uploads\/2019\/09\/climat-Tucker-Carlson.jpg 500w, https:\/\/claudinemarichal.be\/wp-content\/uploads\/2019\/09\/climat-Tucker-Carlson-300x159.jpg 300w\" sizes=\"auto, (max-width: 500px) 100vw, 500px\" \/><\/a><\/p>\n<p><br style=\"clear: both;\"><br style=\"clear: both;\"><br style=\"clear: both;\"><\/p>\n<p><em><strong>\u00ab\u00a0Il est un fait av\u00e9r\u00e9 que le CO2 est un bienfait, car c\u2019est la nourriture indispensable et irrempla\u00e7able de la v\u00e9g\u00e9tation. Sans gaz carbonique, nous n\u2019aurions plus de v\u00e9g\u00e9tation et la plan\u00e8te mourrait.\u00a0\u00bb<\/strong> &#8211; <\/em>Professeur Fran\u00e7ois Gervais, directeur de recherche au CNRS, qui a&nbsp;publi\u00e9 un livre explosif :&nbsp; \u00ab\u00a0<em>L\u2019urgence climatique est un leurre\u00a0\u00bb<\/em>.<br \/>\n<br style=\"clear: both;\"><img loading=\"lazy\" decoding=\"async\" class=\"alignnone wp-image-4443 size-full\" src=\"https:\/\/claudinemarichal.be\/wp-content\/uploads\/2019\/09\/climat-co2.jpg\" alt=\"\" width=\"796\" height=\"133\" srcset=\"https:\/\/claudinemarichal.be\/wp-content\/uploads\/2019\/09\/climat-co2.jpg 796w, https:\/\/claudinemarichal.be\/wp-content\/uploads\/2019\/09\/climat-co2-300x50.jpg 300w, https:\/\/claudinemarichal.be\/wp-content\/uploads\/2019\/09\/climat-co2-768x128.jpg 768w\" sizes=\"auto, (max-width: 796px) 100vw, 796px\" \/><br \/>\n<br style=\"clear: both;\"><br style=\"clear: both;\"><br style=\"clear: both;\"><strong>CO\u00b2 dans l&rsquo;atmosph\u00e8re<\/strong><\/p>\n<p>Repr\u00e9sentation visuelle du coupable des variations du climat depuis 200 ans. Le petit carr\u00e9 blanc dans le carr\u00e9 vert correspond au CO\u00b2 d&rsquo;origine humaine.<br \/>\nVoici la raison pour laquelle vous allez payer une taxe carbone, sur les voitures, l&rsquo;essence, la viande, etc. !<\/p>\n<p><img loading=\"lazy\" decoding=\"async\" class=\"alignnone wp-image-5243 size-full\" src=\"https:\/\/claudinemarichal.be\/wp-content\/uploads\/2019\/09\/arnaque-climat-atmosphere.jpg\" alt=\"\" width=\"500\" height=\"726\" srcset=\"https:\/\/claudinemarichal.be\/wp-content\/uploads\/2019\/09\/arnaque-climat-atmosphere.jpg 500w, https:\/\/claudinemarichal.be\/wp-content\/uploads\/2019\/09\/arnaque-climat-atmosphere-207x300.jpg 207w\" sizes=\"auto, (max-width: 500px) 100vw, 500px\" \/><\/p>\n<p><br style=\"clear: both;\"><br style=\"clear: both;\"><br style=\"clear: both;\"><\/p>\n<p><img loading=\"lazy\" decoding=\"async\" class=\"alignnone wp-image-7081 size-full\" src=\"https:\/\/claudinemarichal.be\/wp-content\/uploads\/2019\/09\/arnaque-climat-ChatGpt.jpg\" alt=\"\" width=\"500\" height=\"323\" srcset=\"https:\/\/claudinemarichal.be\/wp-content\/uploads\/2019\/09\/arnaque-climat-ChatGpt.jpg 500w, https:\/\/claudinemarichal.be\/wp-content\/uploads\/2019\/09\/arnaque-climat-ChatGpt-300x194.jpg 300w\" sizes=\"auto, (max-width: 500px) 100vw, 500px\" \/><\/p>\n<p><br style=\"clear: both;\"><br style=\"clear: both;\"><br style=\"clear: both;\"><strong>Le CO2 ne peut pas causer de changement de temp\u00e9rature !<\/strong><\/p>\n<p>Les temp\u00e9ratures augmentent ou diminuent, puis quelques si\u00e8cles plus tard, le taux de CO2 les suit.<br \/>\nCes forages en Arctique prouvent que l&rsquo;hypoth\u00e8se de la th\u00e9orie du changement climatique d\u00fb \u00e0 l&rsquo;homme est fausse !<\/p>\n<p><a href=\"https:\/\/x.com\/dragonduclos\/status\/1847747595155739028\" target=\"_blank\" rel=\"noopener\">https:\/\/x.com\/dragonduclos\/status\/1847747595155739028<br \/>\n<\/a><a href=\"https:\/\/x.com\/dragonduclos\/status\/1847747595155739028\" target=\"_blank\" rel=\"noopener\"><img loading=\"lazy\" decoding=\"async\" class=\"alignnone wp-image-6699 size-full\" src=\"https:\/\/claudinemarichal.be\/wp-content\/uploads\/2019\/09\/arnaque-climat-Arctique.jpg\" alt=\"\" width=\"500\" height=\"605\" srcset=\"https:\/\/claudinemarichal.be\/wp-content\/uploads\/2019\/09\/arnaque-climat-Arctique.jpg 500w, https:\/\/claudinemarichal.be\/wp-content\/uploads\/2019\/09\/arnaque-climat-Arctique-248x300.jpg 248w\" sizes=\"auto, (max-width: 500px) 100vw, 500px\" \/><\/a><\/p>\n<p><br style=\"clear: both;\"><br style=\"clear: both;\"><br style=\"clear: both;\"><strong>Nous sommes le carbone qu&rsquo;ils veulent r\u00e9duire !<\/strong><\/p>\n<p>En moins de deux minutes, le journaliste prim\u00e9 Alex Newman fournit un r\u00e9sum\u00e9 parfait de l&rsquo;escroquerie climatique :<br \/>\n\u00ab\u00a0L&rsquo;id\u00e9e que le CO2 est une pollution est absolument absurde. L&rsquo;id\u00e9e que \u00e7a va d\u00e9truire la plan\u00e8te ou changer la temp\u00e9rature de la Terre est totalement absurde.<br \/>\n\u00ab\u00a0Mais d&rsquo;un point de vue totalitaire, si vous pouvez convaincre les gens que le CO2 est une pollution, il n&rsquo;y a aucune activit\u00e9 humaine qui n&rsquo;entra\u00eene pas d&rsquo;\u00e9missions de CO2, que ce soit vivre, mourir ou allumer un interrupteur.<br \/>\n\u00ab\u00a0Si nous acceptons l&rsquo;id\u00e9e que le CO2 est une pollution, alors chaque aspect de notre vie est soumis au contr\u00f4le r\u00e9glementaire des personnes qui pr\u00e9tendent nous prot\u00e9ger de la pollution.\u00a0\u00bb<\/p>\n<p><a href=\"https:\/\/x.com\/wideawake_media\/status\/1820060945940349249\" target=\"_blank\" rel=\"noopener\">https:\/\/x.com\/wideawake_media\/status\/1820060945940349249<br \/>\n<\/a><a href=\"https:\/\/x.com\/wideawake_media\/status\/1820060945940349249\" target=\"_blank\" rel=\"noopener\"><img loading=\"lazy\" decoding=\"async\" class=\"alignnone wp-image-6494 size-full\" src=\"https:\/\/claudinemarichal.be\/wp-content\/uploads\/2019\/09\/arnaque-climat-Alex-Newman.jpg\" alt=\"\" width=\"500\" height=\"281\" srcset=\"https:\/\/claudinemarichal.be\/wp-content\/uploads\/2019\/09\/arnaque-climat-Alex-Newman.jpg 500w, https:\/\/claudinemarichal.be\/wp-content\/uploads\/2019\/09\/arnaque-climat-Alex-Newman-300x169.jpg 300w\" sizes=\"auto, (max-width: 500px) 100vw, 500px\" \/><\/a><br \/>\n<br style=\"clear: both;\"><br style=\"clear: both;\"><br style=\"clear: both;\"><strong>Question de bon sens concernant le CO2 !<\/strong><\/p>\n<p><a href=\"https:\/\/www.naturalnews.com\/040890_greenhouses_carbon_dioxide_generators_plant_growth.html\" target=\"_blank\" rel=\"noopener\">https:\/\/www.naturalnews.com\/040890_greenhouses_carbon_dioxide_generators_plant_growth.html<br \/>\n<\/a><a href=\"https:\/\/www.naturalnews.com\/040890_greenhouses_carbon_dioxide_generators_plant_growth.html\" target=\"_blank\" rel=\"noopener\"><img loading=\"lazy\" decoding=\"async\" class=\"alignnone wp-image-6725 size-full\" src=\"https:\/\/claudinemarichal.be\/wp-content\/uploads\/2019\/09\/arnaque-climat-serres.jpg\" alt=\"\" width=\"500\" height=\"577\" srcset=\"https:\/\/claudinemarichal.be\/wp-content\/uploads\/2019\/09\/arnaque-climat-serres.jpg 500w, https:\/\/claudinemarichal.be\/wp-content\/uploads\/2019\/09\/arnaque-climat-serres-260x300.jpg 260w\" sizes=\"auto, (max-width: 500px) 100vw, 500px\" \/><\/a><\/p>\n<p><br style=\"clear: both;\"><br style=\"clear: both;\"><br style=\"clear: both;\"><\/p>\n<p><img loading=\"lazy\" decoding=\"async\" class=\"alignnone wp-image-6984 size-full\" src=\"https:\/\/claudinemarichal.be\/wp-content\/uploads\/2019\/09\/arnaque-climat-monde-sans-CO2.jpg\" alt=\"\" width=\"500\" height=\"500\" srcset=\"https:\/\/claudinemarichal.be\/wp-content\/uploads\/2019\/09\/arnaque-climat-monde-sans-CO2.jpg 500w, https:\/\/claudinemarichal.be\/wp-content\/uploads\/2019\/09\/arnaque-climat-monde-sans-CO2-300x300.jpg 300w, https:\/\/claudinemarichal.be\/wp-content\/uploads\/2019\/09\/arnaque-climat-monde-sans-CO2-150x150.jpg 150w, https:\/\/claudinemarichal.be\/wp-content\/uploads\/2019\/09\/arnaque-climat-monde-sans-CO2-75x75.jpg 75w\" sizes=\"auto, (max-width: 500px) 100vw, 500px\" \/><\/p>\n<p><br style=\"clear: both;\"><br style=\"clear: both;\"><br style=\"clear: both;\"><\/p>\n<p><strong>Le \u00ab\u00a0changement climatique\u00a0\u00bb des mondialistes est une \u00ab\u00a0arnaque\u00a0\u00bb avoue le fondateur de Greenpeace !<\/strong><\/p>\n<p><a href=\"https:\/\/rumble.com\/v1lnvkt-le-changement-climatique-des-mondialistes-est-une-arnaque-dixit-le-fondateu.html\" target=\"_blank\" rel=\"noopener\">https:\/\/rumble.com\/v1lnvkt-le-changement-climatique-des-mondialistes-est-une-arnaque-dixit-le-fondateu.html<br \/>\n<img loading=\"lazy\" decoding=\"async\" class=\"alignnone wp-image-3645 size-full\" src=\"https:\/\/claudinemarichal.be\/wp-content\/uploads\/2023\/02\/Greenpeace.jpg\" alt=\"\" width=\"500\" height=\"281\" srcset=\"https:\/\/claudinemarichal.be\/wp-content\/uploads\/2023\/02\/Greenpeace.jpg 500w, https:\/\/claudinemarichal.be\/wp-content\/uploads\/2023\/02\/Greenpeace-300x169.jpg 300w\" sizes=\"auto, (max-width: 500px) 100vw, 500px\" \/><\/a><\/p>\n<p><br style=\"clear: both;\"><br style=\"clear: both;\"><br style=\"clear: both;\"><\/p>\n<p><strong>Climat 101, 102 et 103 : webjournaux de Radio Qu\u00e9bec <\/strong><\/p>\n<p><a href=\"https:\/\/rumble.com\/v1meg8i-climat-101-les-incohrences.html\" target=\"blank\" rel=\"noopener\">https:\/\/rumble.com\/v1meg8i-climat-101-les-incohrences.html &#8211; (2 octobre 2022)<br \/>\n<img loading=\"lazy\" decoding=\"async\" class=\"alignnone wp-image-3998 size-full\" src=\"https:\/\/claudinemarichal.be\/wp-content\/uploads\/2019\/09\/climat-radioquebec-101.jpg\" alt=\"\" width=\"500\" height=\"270\" srcset=\"https:\/\/claudinemarichal.be\/wp-content\/uploads\/2019\/09\/climat-radioquebec-101.jpg 500w, https:\/\/claudinemarichal.be\/wp-content\/uploads\/2019\/09\/climat-radioquebec-101-300x162.jpg 300w\" sizes=\"auto, (max-width: 500px) 100vw, 500px\" \/><\/a><\/p>\n<p><a href=\"https:\/\/rumble.com\/v2cty8w-march-12-2023.html\" target=\"_blank\" rel=\"noopener\">https:\/\/rumble.com\/v2cty8w-march-12-2023.html &#8211; (12 mars 2023)<br \/>\n<img loading=\"lazy\" decoding=\"async\" class=\"alignnone wp-image-3999 size-full\" src=\"https:\/\/claudinemarichal.be\/wp-content\/uploads\/2019\/09\/climat-radioquebec-102.jpg\" alt=\"\" width=\"500\" height=\"269\" srcset=\"https:\/\/claudinemarichal.be\/wp-content\/uploads\/2019\/09\/climat-radioquebec-102.jpg 500w, https:\/\/claudinemarichal.be\/wp-content\/uploads\/2019\/09\/climat-radioquebec-102-300x161.jpg 300w\" sizes=\"auto, (max-width: 500px) 100vw, 500px\" \/><\/a><\/p>\n<p><a href=\"https:\/\/odysee.com\/@didchay:f\/evKQn.gaa.rec:5\" target=\"_blank\" rel=\"noopener\">https:\/\/odysee.com\/@didchay:f\/evKQn.gaa.rec:5 &#8211; (29 octobre 2023)<br \/>\n<\/a><a href=\"https:\/\/odysee.com\/@didchay:f\/evKQn.gaa.rec:5\" target=\"_blank\" rel=\"noopener\"><img loading=\"lazy\" decoding=\"async\" class=\"alignnone wp-image-5459 size-full\" src=\"https:\/\/claudinemarichal.be\/wp-content\/uploads\/2019\/09\/arnaque-climat-climat-103.jpg\" alt=\"\" width=\"500\" height=\"264\" srcset=\"https:\/\/claudinemarichal.be\/wp-content\/uploads\/2019\/09\/arnaque-climat-climat-103.jpg 500w, https:\/\/claudinemarichal.be\/wp-content\/uploads\/2019\/09\/arnaque-climat-climat-103-300x158.jpg 300w\" sizes=\"auto, (max-width: 500px) 100vw, 500px\" \/><\/a><\/p>\n<p><br style=\"clear: both;\"><br style=\"clear: both;\"><br style=\"clear: both;\"><\/p>\n<p><strong>Les param\u00e8tres de Milancovic expliquent les changements climatiques<\/strong><\/p>\n<p>\u00ab\u00a0Les cycles de Milankovitch permettent d&rsquo;expliquer les variations climatiques sur les longues p\u00e9riodes. Ils correspondent aux variations du volume des glaces polaires et donc aux variations du niveau de la mer. Durant les derniers 2,6 millions d&rsquo;ann\u00e9es (\u00e8re quaternaire) on observe de grandes amplitudes, avec une p\u00e9riode de 100 000 ans tr\u00e8s marqu\u00e9e, li\u00e9es aux param\u00e8tres de Milutin Milankovi\u0107 (1879-1958).<br \/>\nLes 3 cycles couvrent des p\u00e9riodes de \u224825 000, \u224841 000 et \u2248100 000 ans.<br \/>\n&#8211; <u>L&rsquo;excentricit\u00e9<\/u> d\u00e9finit la forme de l&rsquo;orbite de la Terre autour du Soleil. Elle caract\u00e9rise le degr\u00e9 d&rsquo;aplatissement de l&rsquo;ellipse par rapport \u00e0 un cercle. L&rsquo;excentricit\u00e9 actuellement tr\u00e8s faible est \u00e9gale \u00e0 0,017. Elle varie entre 0 (cercle) et 0,06 sous l&rsquo;influence de deux cycles de 100 000 et de 400 000 ans d\u00e9pendant de la position des autres plan\u00e8tes du syst\u00e8me solaire.<br \/>\n&#8211; <u>L&rsquo;obliquit\u00e9<\/u> est l&rsquo;inclinaison de l&rsquo;axe de rotation de la Terre par rapport \u00e0 l&rsquo;\u00e9cliptique. C&rsquo;est l&rsquo;angle entre l&rsquo;axe de rotation et la perpendiculaire du plan orbital (actuellement 23,5\u00b0).<br \/>\n\u00c0 cause des perturbations plan\u00e9taires, l&rsquo;inclinaison du plan orbital de la Terre \u00e9volue et oscille entre 24,5\u00b0 et 22\u00b0 sur une p\u00e9riode d&rsquo;environ 41 000 ans. De plus cette oscillation de l&rsquo;axe d\u00e9crit la surface d&rsquo;un c\u00f4ne \u00e0 la mani\u00e8re de l&rsquo;axe d&rsquo;une toupie tournant autour de la verticale. L&rsquo;axe de la Terre d\u00e9crit un c\u00f4ne complet tous les 26 000 ans environ.<br \/>\n&#8211; <u>La pr\u00e9cession des \u00e9quinoxes<\/u> est li\u00e9e \u00e0 l&rsquo;oscillation de l&rsquo;axe de la Terre. Actuellement le solstice d&rsquo;\u00e9t\u00e9 dans l&rsquo;h\u00e9misph\u00e8re Nord a lieu \u00e0 proximit\u00e9 de l&rsquo;aph\u00e9lie, ainsi les \u00e9t\u00e9s sont temp\u00e9r\u00e9s et les hivers moins froids. Il y a environ 12 000 ans, le solstice d&rsquo;\u00e9t\u00e9 avait lieu \u00e0 proximit\u00e9 du p\u00e9rih\u00e9lie, les \u00e9t\u00e9s \u00e9taient tr\u00e8s chauds et les hivers tr\u00e8s froids (l&rsquo;h\u00e9misph\u00e8re Sud est dans la situation oppos\u00e9e). Les \u00e9t\u00e9s froids permettent la persistance dans les hautes latitudes des neiges hivernales dont l&rsquo;alb\u00e9do \u00e9lev\u00e9 favorise le refroidissement et l&rsquo;accumulation annuelle de glaces. Le d\u00e9calage de l&rsquo;axe de rotation est mesur\u00e9 par rapport aux \u00e9toiles. D&rsquo;un si\u00e8cle \u00e0 l&rsquo;autre (\u00e0 la m\u00eame date) les \u00e9toiles ne sont pas vues dans la m\u00eame direction. L&rsquo;\u00e9toile polaire change au cours du temps. Il y a 8000 ans, Alpha Cygni \u00e9tait l&rsquo;\u00e9toile polaire, il y a 4800 c&rsquo;\u00e9tait l&rsquo;\u00e9toile Alpha Draconis, dans 12000 ans ce sera Alpha Lyrae&#8230;<br \/>\nLi\u00e9 \u00e0 l&rsquo;obliquit\u00e9, ce cycle s&rsquo;effectue sur une p\u00e9riode d&rsquo;environ 26 000 ans.\u00a0\u00bb (Extrait d&rsquo;un article dans <a href=\"https:\/\/astronoo.com\/fr\/articles\/cycles-de-milankovitch.html\" target=\"_blank\" rel=\"noopener\">https:\/\/astronoo.com\/fr\/articles\/cycles-de-milankovitch.html<\/a>)<\/p>\n<p><a href=\"https:\/\/odysee.com\/@elby1984:0\/LES-PARAM%C3%88TRES-DE-MILANKOVIC---R%C3%A9chauffement-climatique:ef\" target=\"_blank\" rel=\"noopener\">https:\/\/odysee.com\/@elby1984:0\/LES-PARAM%C3%88TRES-DE-MILANKOVIC&#8212;R%C3%A9chauffement-climatique:ef<br \/>\n<\/a><a href=\"https:\/\/odysee.com\/@elby1984:0\/LES-PARAM%C3%88TRES-DE-MILANKOVIC---R%C3%A9chauffement-climatique:ef\" target=\"_blank\" rel=\"noopener\"><img loading=\"lazy\" decoding=\"async\" class=\"alignnone wp-image-5457 size-full\" src=\"https:\/\/claudinemarichal.be\/wp-content\/uploads\/2019\/09\/arnaque-climat-milancovic.jpg\" alt=\"\" width=\"500\" height=\"801\" srcset=\"https:\/\/claudinemarichal.be\/wp-content\/uploads\/2019\/09\/arnaque-climat-milancovic.jpg 500w, https:\/\/claudinemarichal.be\/wp-content\/uploads\/2019\/09\/arnaque-climat-milancovic-187x300.jpg 187w\" sizes=\"auto, (max-width: 500px) 100vw, 500px\" \/><\/a><\/p>\n<p><br style=\"clear: both;\"><br style=\"clear: both;\"><br style=\"clear: both;\"><\/p>\n<p><strong>Vers la climatologie people ? <\/strong>Interview de Marcel Leroux (2007)<\/p>\n<p>Marcel Leroux (1938 &#8211; 2008) est un climatologue fran\u00e7ais. Professeur \u00e9m\u00e9rite de climatologie \u00e0 l\u2019universit\u00e9 Jean Moulin Lyon 3, il \u00e9tait directeur du LCRE (Laboratoire de climatologie, risques et environnement) du CNRS.<\/p>\n<p>\u00ab\u00a0&#8211; Primo, le climat a toujours chang\u00e9. Alors dire \u00ab changement climatique \u00bb c&rsquo;est un truisme. Le climat change \u00e0 toutes les \u00e9chelles de temps et d&rsquo;espace. Assimiler ce changement au r\u00e9chauffement climatique c&rsquo;est un raccourci extr\u00eamement rapide parce qu&rsquo;on n&rsquo;a jamais d\u00e9montr\u00e9 que le climat de la Terre se r\u00e9chauffe dans sa globalit\u00e9. Il n&rsquo;y a pas de climat global, donc il n&rsquo;y a pas de r\u00e9chauffement global. Ca n&rsquo;existe pas. Et ce n&rsquo;est pas parce qu&rsquo;on utilise une courbe moyenne de temp\u00e9rature, qui d&rsquo;apr\u00e8s le GIEC r\u00e9v\u00e8le une augmentation de 0,74\u00b0C au cours du si\u00e8cle dernier qu&rsquo;il y a r\u00e9chauffement. Dans la r\u00e9alit\u00e9 il y a des r\u00e9gions qui se r\u00e9chauffent, d&rsquo;autres qui se refroidissent et ce n&rsquo;est pas parce qu&rsquo;on fera la somme entre une r\u00e9gion qui se r\u00e9chauffe et une qui se refroidit qu&rsquo;on va obtenir une temp\u00e9rature moyenne entre, par exemple, l&rsquo;Am\u00e9rique du Nord et l&rsquo;Europe. On ne peut pas r\u00e9aliser ce genre de moyenne et surtout \u00e0 l&rsquo;\u00e9chelle globale.<\/p>\n<p>&#8211; Pourtant \u00e7a se fait.<\/p>\n<p>&#8211; Oui, \u00e7a se fait parce que c&rsquo;est pratique, parce qu&rsquo;on peut additionner des torchons et des serviettes et tout m\u00e9langer mais \u00e7a n&rsquo;a, sur le plan climatique, strictement aucune valeur.<br \/>\nEst-ce que la Terre se r\u00e9chauffe ? Non, on n&rsquo;en sait rien. Par contre, la question \u00e0 se poser c&rsquo;est pourquoi y a-t-il des r\u00e9gions qui se r\u00e9chauffent et pourquoi y a-t-il des r\u00e9gions qui se refroidissent. Si on ne se pose pas de genre de question, on ne fait pas de la m\u00e9t\u00e9orologie ou de la climatologie. On fait n&rsquo;importe quoi ! On fait surtout de la climatologie people.<br \/>\nEnsuite dire que le changement climatique est d\u00fb \u00e0 l&rsquo;effet de serre, \u00e7a c&rsquo;est encore une nouveaut\u00e9, mais on connait les causes des changements climatiques, elles se trouvent dans tous les manuels de climatologie, que ce soit les param\u00e8tres de Milankovitch, que ce soit les variations de l&rsquo;activit\u00e9 solaire, que ce soit le g\u00e9omagn\u00e9tisme, que ce soit le rayonnement cosmique, toutes ces causes-l\u00e0 on les a d\u00e9j\u00e0 d\u00e9termin\u00e9es, on les connait. Il y a aussi le volcanisme qui, lui, peut entra\u00eener des refroidissements de plusieurs ann\u00e9es. Par contre, dire que le gaz carbonique est \u00e0 l&rsquo;origine des variations climatiques, \u00e7a c&rsquo;est encore une nouveaut\u00e9 sans fondement. Le principal gaz \u00e0 effet de serre ce n&rsquo;est pas le gaz carbonique c&rsquo;est la vapeur d&rsquo;eau. <u>Et la vapeur d&rsquo;eau agit \u00e0 95% sur ce que l&rsquo;on appelle l&rsquo;effet de serre.<\/u><\/p>\n<p>&#8211; Ce que vous dites l\u00e0 est consid\u00e9r\u00e9 comme du n\u00e9gationnisme.<\/p>\n<p>&#8211; Les gens qui disent \u00e7a sont des gens absolument ignares en climatologie. Des journalistes, des m\u00e9dias, des politiques, des ce qu&rsquo;on appelle environnementalistes ou \u00e9cologistes, c&rsquo;est-\u00e0-dire des propagandistes.<\/p>\n<p>[\u2026]\u00a0\u00bb<\/p>\n<p><a href=\"https:\/\/odysee.com\/@LG_72:8\/Marcel-Leroux-et-le-r%C3%A9chauffement-climatique-:4\" target=\"_blank\" rel=\"noopener\">https:\/\/odysee.com\/@LG_72:8\/Marcel-Leroux-et-le-r%C3%A9chauffement-climatique-:4&lt;<br \/>\n<img loading=\"lazy\" decoding=\"async\" class=\"alignnone wp-image-4790 size-full\" src=\"https:\/\/claudinemarichal.be\/wp-content\/uploads\/2019\/09\/arnaque-climat-Leroux.jpg\" alt=\"\" width=\"500\" height=\"355\" srcset=\"https:\/\/claudinemarichal.be\/wp-content\/uploads\/2019\/09\/arnaque-climat-Leroux.jpg 500w, https:\/\/claudinemarichal.be\/wp-content\/uploads\/2019\/09\/arnaque-climat-Leroux-300x213.jpg 300w\" sizes=\"auto, (max-width: 500px) 100vw, 500px\" \/>\/a&gt;<\/a><br \/>\n<br style=\"clear: both;\"><br style=\"clear: both;\"><br style=\"clear: both;\"><strong>\u00ab\u00a0Si le climat se r\u00e9chauffe, il sera probablement b\u00e9n\u00e9fique pour l&rsquo;humanit\u00e9 plut\u00f4t que n\u00e9faste\u00a0\u00bb<\/strong> (2006)<\/p>\n<p>Nos m\u00e9dias aux ordres du politique vous racontent \u00e0 longueur de journ\u00e9e qu&rsquo;il y a \u00ab\u00a0consensus\u00a0\u00bb sur leur escroquerie du r\u00e9chauffement climatique. C&rsquo;est totalement faux !!!! La v\u00e9rit\u00e9 ? La voil\u00e0, prenez la peine de lire, cette d\u00e9claration sous serment devant le S\u00e9nat am\u00e9ricain en 2006, du g\u00e9ophysicien Dr David Deming qui a re\u00e7u un courriel d\u2019un \u00e9minent climatologue lui disant : \u00ab Nous devons nous d\u00e9barrasser de la p\u00e9riode chaude m\u00e9di\u00e9vale. \u00bb<br \/>\nEt oui, La p\u00e9riode chaude m\u00e9di\u00e9vale (PCM) , qui a dur\u00e9 d\u2019environ 1000 \u00e0 1300 apr\u00e8s J.-C., a \u00e9t\u00e9 une p\u00e9riode de r\u00e9chauffement climatique remarquable \u2013 des si\u00e8cles avant l\u2019industrialisation et ses \u00e9missions. Les r\u00e9coltes ont prosp\u00e9r\u00e9, les populations ont augment\u00e9 et les civilisations ont prosp\u00e9r\u00e9. Mais pour ceux qui croient que le r\u00e9chauffement actuel est sans pr\u00e9c\u00e9dent, dangereux et principalement caus\u00e9 par les humains, cette p\u00e9riode chaude m\u00e9di\u00e9vale est un fait g\u00eanant !<\/p>\n<p><img loading=\"lazy\" decoding=\"async\" class=\"alignnone wp-image-7147 size-full\" src=\"https:\/\/claudinemarichal.be\/wp-content\/uploads\/2019\/09\/arnaque-climat-Oklahoma.jpg\" alt=\"\" width=\"1000\" height=\"811\" srcset=\"https:\/\/claudinemarichal.be\/wp-content\/uploads\/2019\/09\/arnaque-climat-Oklahoma.jpg 1000w, https:\/\/claudinemarichal.be\/wp-content\/uploads\/2019\/09\/arnaque-climat-Oklahoma-300x243.jpg 300w, https:\/\/claudinemarichal.be\/wp-content\/uploads\/2019\/09\/arnaque-climat-Oklahoma-768x623.jpg 768w\" sizes=\"auto, (max-width: 1000px) 100vw, 1000px\" \/><\/p>\n<p><br style=\"clear: both;\"><br style=\"clear: both;\"><br style=\"clear: both;\"><\/p>\n<p><strong>Il n&rsquo;y a pas d&rsquo;urgence climatique<\/strong><\/p>\n<p>Le jour m\u00eame o\u00f9 une jeune fille de 16 ans, Greta Thunberg, fit un discours enflamm\u00e9 devant les Nation Unies sur l\u2019urgence climatique, un groupe de 500 scientifiques et professionnels qualifi\u00e9s a adress\u00e9 au Secr\u00e9taire g\u00e9n\u00e9ral des Nations Unies un courrier recommand\u00e9 affirmant clairement qu\u2019il n\u2018y a aucune urgence climatique.<\/p>\n<p><a href=\"https:\/\/www.youtube.com\/watch?v=ny5WLQAvaxE\" target=\"_blank\" rel=\"noopener\">https:\/\/www.youtube.com\/watch?v=ny5WLQAvaxE<br \/>\n<\/a><a href=\"https:\/\/www.youtube.com\/watch?v=ny5WLQAvaxE\" target=\"_blank\" rel=\"noopener\"><img loading=\"lazy\" decoding=\"async\" class=\"alignnone wp-image-4000 size-full\" src=\"https:\/\/claudinemarichal.be\/wp-content\/uploads\/2019\/09\/climat-pas-durgence.jpg\" alt=\"\" width=\"500\" height=\"256\" srcset=\"https:\/\/claudinemarichal.be\/wp-content\/uploads\/2019\/09\/climat-pas-durgence.jpg 500w, https:\/\/claudinemarichal.be\/wp-content\/uploads\/2019\/09\/climat-pas-durgence-300x154.jpg 300w\" sizes=\"auto, (max-width: 500px) 100vw, 500px\" \/><\/a><\/p>\n<p><br style=\"clear: both;\"><br style=\"clear: both;\"><br style=\"clear: both;\"><\/p>\n<p><strong>\u00ab&nbsp;Personne n&rsquo;a jamais d\u00e9montr\u00e9 que les \u00e9missions humaines de CO2 sont \u00e0 l&rsquo;origine du r\u00e9chauffement climatique.<\/strong> \u00c7a n&rsquo;a JAMAIS \u00e9t\u00e9 d\u00e9montr\u00e9. C&rsquo;est une fraude depuis le 1er jour&nbsp;\u00bb &#8211; Professeur Ian Plimer.<\/p>\n<p>Le professeur Ian Plimer est le g\u00e9ologue le plus connu d&rsquo;Australie. Il est actuellement professeur \u00e9m\u00e9rite de sciences de la Terre \u00e0 l&rsquo;Universit\u00e9 de Melbourne et ancien professeur de g\u00e9ologie mini\u00e8re \u00e0 l&rsquo;Universit\u00e9 d&rsquo;Ad\u00e9la\u00efde et responsable de la g\u00e9ologie \u00e0 l&rsquo;Universit\u00e9 de Newcastle. M. Plimer est \u00e9galement l&rsquo;ancien directeur de plusieurs soci\u00e9t\u00e9s d&rsquo;exploration et d&rsquo;exploitation mini\u00e8res et a publi\u00e9 plus de 120 articles sp\u00e9cifiques sur la g\u00e9ologie.<\/p>\n<p><a href=\"https:\/\/rumble.com\/v1y5rlq-le-professeur-ian-plimer-les-effets-du-co2-sur-le-rchauffement-climatique-e.html\" target=\"_blank\" rel=\"noopener\">https:\/\/rumble.com\/v1y5rlq-le-professeur-ian-plimer-les-effets-du-co2-sur-le-rchauffement-climatique-e.html<br \/>\n<img loading=\"lazy\" decoding=\"async\" class=\"alignnone wp-image-3646 size-full\" src=\"https:\/\/claudinemarichal.be\/wp-content\/uploads\/2023\/02\/Ian-Plimer-arnaque-clim.jpg\" alt=\"\" width=\"500\" height=\"268\" srcset=\"https:\/\/claudinemarichal.be\/wp-content\/uploads\/2023\/02\/Ian-Plimer-arnaque-clim.jpg 500w, https:\/\/claudinemarichal.be\/wp-content\/uploads\/2023\/02\/Ian-Plimer-arnaque-clim-300x161.jpg 300w\" sizes=\"auto, (max-width: 500px) 100vw, 500px\" \/><\/a><br \/>\n<br style=\"clear: both;\"><br style=\"clear: both;\"><br style=\"clear: both;\"><strong>Mensonges et fraudes du GIEC<\/strong> (f\u00e9vrier 2024)<\/p>\n<p>Les m\u00e9dias de masse et le GIEC, Groupe d\u2019experts intergouvernemental sur l\u2019\u00e9volution du climat nous disent sans cesse que plus de 97&nbsp;% des scientifiques sont convaincus de l\u2019origine humaine du changement climatique. Mais est-ce bien la v\u00e9rit\u00e9&nbsp;? Dans cette \u00e9mission, d\u2019anciens scientifiques du GIEC prennent la parole et parlent clairement.<\/p>\n<p><a href=\"https:\/\/archive.kla.tv\/_files\/video.kla.tv\/2024\/02\/28069\/MensongesEtFraudesDuGroupeDAFw_480p.webm\" target=\"_blank\" rel=\"noopener\">https:\/\/archive.kla.tv\/_files\/video.kla.tv\/2024\/02\/28069\/MensongesEtFraudesDuGroupeDAFw_480p.webm<br \/>\n<img loading=\"lazy\" decoding=\"async\" class=\"alignnone wp-image-6379 size-full\" src=\"https:\/\/claudinemarichal.be\/wp-content\/uploads\/2019\/09\/arnaque-climat-GIEC-2.jpg\" alt=\"\" width=\"500\" height=\"246\" srcset=\"https:\/\/claudinemarichal.be\/wp-content\/uploads\/2019\/09\/arnaque-climat-GIEC-2.jpg 500w, https:\/\/claudinemarichal.be\/wp-content\/uploads\/2019\/09\/arnaque-climat-GIEC-2-300x148.jpg 300w\" sizes=\"auto, (max-width: 500px) 100vw, 500px\" \/><\/a><br \/>\nTranscription : <a href=\"https:\/\/nouveau-monde.ca\/mensonges-et-fraudes-du-giec-ses-scientifiques-parlent\/\" target=\"_blank\" rel=\"noopener\">https:\/\/nouveau-monde.ca\/mensonges-et-fraudes-du-giec-ses-scientifiques-parlent\/<\/a><br \/>\n<br style=\"clear: both;\"><br style=\"clear: both;\"><br style=\"clear: both;\"><\/p>\n<p><strong> \u00ab Des centaines de scientifiques de haut niveau se sont \u00ab\u00a0tromp\u00e9s\u00a0\u00bb \u00bb<\/strong> &#8211; Professeur Vincent Courtillot, g\u00e9ophysicien.<\/p>\n<p>Le GIEC, \u00e0 vouloir imposer un faux r\u00e9chauffement, va se prendre un retour de b\u00e2ton nomm\u00e9 anti science&nbsp;!<\/p>\n<p><a href=\"https:\/\/rumble.com\/v27vs7e-le-giec-vouloir-imposer-un-faux-rchauffement-va-se-prendre-un-retour-de-bto.html\" target=\"_blank\" rel=\"noopener\">https:\/\/rumble.com\/v27vs7e-le-giec-vouloir-imposer-un-faux-rchauffement-va-se-prendre-un-retour-de-bto.html<br \/>\n<img loading=\"lazy\" decoding=\"async\" class=\"alignnone wp-image-3648 size-full\" src=\"https:\/\/claudinemarichal.be\/wp-content\/uploads\/2023\/02\/arnaque-climat-professeur-courtillot.jpg\" alt=\"\" width=\"500\" height=\"268\" srcset=\"https:\/\/claudinemarichal.be\/wp-content\/uploads\/2023\/02\/arnaque-climat-professeur-courtillot.jpg 500w, https:\/\/claudinemarichal.be\/wp-content\/uploads\/2023\/02\/arnaque-climat-professeur-courtillot-300x161.jpg 300w\" sizes=\"auto, (max-width: 500px) 100vw, 500px\" \/><\/a><br \/>\n<br style=\"clear: both;\"><br style=\"clear: both;\"><br style=\"clear: both;\"><\/p>\n<p><strong>Le r\u00e9chauffement climatique &#8211; Les erreurs du GIEC<\/strong> : Conf\u00e9rence de Vincent Courtillot<\/p>\n<p><a href=\"https:\/\/www.youtube.com\/watch?v=9afTvlz_TsQ\" target=\"_blank\" rel=\"noopener\">https:\/\/www.youtube.com\/watch?v=9afTvlz_TsQ<br \/>\n<img loading=\"lazy\" decoding=\"async\" class=\"alignnone wp-image-3650 size-full\" src=\"https:\/\/claudinemarichal.be\/wp-content\/uploads\/2023\/02\/arnaque-climat-graphique.jpg\" alt=\"\" width=\"500\" height=\"384\" srcset=\"https:\/\/claudinemarichal.be\/wp-content\/uploads\/2023\/02\/arnaque-climat-graphique.jpg 500w, https:\/\/claudinemarichal.be\/wp-content\/uploads\/2023\/02\/arnaque-climat-graphique-300x230.jpg 300w\" sizes=\"auto, (max-width: 500px) 100vw, 500px\" \/><\/a><\/p>\n<p><br style=\"clear: both;\"><br style=\"clear: both;\"><br style=\"clear: both;\"><\/p>\n<p><strong>La grande arnaque du GIEC &amp; R\u00e9chauffement Climatique<\/strong> (2007)<\/p>\n<p><a href=\"https:\/\/odysee.com\/@re-information-citoyens-Fr:c\/La-grande-arnaque-du-GIEC---R%C3%A9chauffement-Climatique:b\" target=\"_blank\" rel=\"noopener\">https:\/\/odysee.com\/@re-information-citoyens-Fr:c\/La-grande-arnaque-du-GIEC&#8212;R%C3%A9chauffement-Climatique:b <\/a><br \/>\n<img loading=\"lazy\" decoding=\"async\" class=\"alignnone wp-image-5566 size-full\" src=\"https:\/\/claudinemarichal.be\/wp-content\/uploads\/2019\/09\/climat-GIEC.jpg\" alt=\"\" width=\"500\" height=\"267\" srcset=\"https:\/\/claudinemarichal.be\/wp-content\/uploads\/2019\/09\/climat-GIEC.jpg 500w, https:\/\/claudinemarichal.be\/wp-content\/uploads\/2019\/09\/climat-GIEC-300x160.jpg 300w\" sizes=\"auto, (max-width: 500px) 100vw, 500px\" \/><\/p>\n<p><br style=\"clear: both;\"><br style=\"clear: both;\"><br style=\"clear: both;\"><\/p>\n<p><strong>Une \u00e9tude men\u00e9e par la NASA r\u00e9v\u00e8le que L&rsquo;Antarctique a gagn\u00e9 82 milliards de tonnes de glace par an de 2003 \u00e0 2008 <\/strong>(2015)<\/p>\n<p>\u00ab\u00a0Une \u00e9tude r\u00e9cente [2015] men\u00e9e par la NASA a r\u00e9v\u00e9l\u00e9 que les gains de masse de la couche de glace de l\u2019Antarctique sont suffisants pour compenser les pertes croissantes des glaciers de la r\u00e9gion. Selon les scientifiques, les nouvelles donn\u00e9es offrent des gains non comptabilis\u00e9s ant\u00e9rieurement dans l\u2019Antarctique, mais elles vont \u00e0 l\u2019encontre des conclusions d\u2019autres rapports tels que l\u2019\u00e9tude de 2013 du Groupe d\u2019experts intergouvernemental sur l\u2019\u00e9volution du climat (GIEC). Le pr\u00e9c\u00e9dent rapport du GIEC pr\u00e9cisait que le continent \u00e9tait en train de perdre constamment sa masse de glace terrestre.<\/p>\n<p>Selon la nouvelle recherche de la NASA publi\u00e9 dans le \u00ab Journal of Glaciology \u00bb, la calotte glaciaire de l\u2019Antarctique a accumul\u00e9 un gain net de 112 milliards de tonnes de glace par an dans la p\u00e9riode couvrant 1992 \u00e0 2001, mais a ralenti \u00e0 82 milliards de tonnes de glace par an de 2003 \u00e0 2008.\u00a0\u00bb<\/p>\n<p><a href=\"https:\/\/www.laterredufutur.com\/accueil\/la-nasa-confirme-que-le-rechauffement-climatique-est-une-fraude-lantarctique-gagne-112-milliards-de-tonnes-de-glace-par-an\/\" target=\"_blank\" rel=\"noopener\">https:\/\/www.laterredufutur.com\/accueil\/la-nasa-confirme-que-le-rechauffement-climatique-est-une-fraude-lantarctique-gagne-112-milliards-de-tonnes-de-glace-par-an\/<br \/>\n<img loading=\"lazy\" decoding=\"async\" class=\"alignnone wp-image-4792 size-full\" src=\"https:\/\/claudinemarichal.be\/wp-content\/uploads\/2019\/09\/arnaque-climat-NASA.jpg\" alt=\"\" width=\"500\" height=\"244\" srcset=\"https:\/\/claudinemarichal.be\/wp-content\/uploads\/2019\/09\/arnaque-climat-NASA.jpg 500w, https:\/\/claudinemarichal.be\/wp-content\/uploads\/2019\/09\/arnaque-climat-NASA-300x146.jpg 300w\" sizes=\"auto, (max-width: 500px) 100vw, 500px\" \/><\/a><br \/>\nSource NASA : <a href=\"https:\/\/www.nasa.gov\/feature\/goddard\/nasa-study-mass-gains-of-antarctic-ice-sheet-greater-than-losses\" target=\"_blank\" rel=\"noopener\">https:\/\/www.nasa.gov\/feature\/goddard\/nasa-study-mass-gains-of-antarctic-ice-sheet-greater-than-losses<\/a><\/p>\n<p><br style=\"clear: both;\"><br style=\"clear: both;\"><br style=\"clear: both;\"><strong>Pilule rouge&nbsp;<\/strong>: un dossier bien fouill\u00e9 des Deqodeurs (ADNM) sur l\u2019arnaque climatique.<\/p>\n<p><a href=\"https:\/\/lesdeqodeurs.fr\/pilule-rouge-larnaque-climatique\/\" target=\"_blank\" rel=\"noopener\">https:\/\/lesdeqodeurs.fr\/pilule-rouge-larnaque-climatique\/<br \/>\n<img loading=\"lazy\" decoding=\"async\" class=\"alignnone wp-image-3652 size-full\" src=\"https:\/\/claudinemarichal.be\/wp-content\/uploads\/2023\/02\/arnaque-climat-les-deqodeurs.jpg\" alt=\"\" width=\"500\" height=\"373\" srcset=\"https:\/\/claudinemarichal.be\/wp-content\/uploads\/2023\/02\/arnaque-climat-les-deqodeurs.jpg 500w, https:\/\/claudinemarichal.be\/wp-content\/uploads\/2023\/02\/arnaque-climat-les-deqodeurs-300x224.jpg 300w\" sizes=\"auto, (max-width: 500px) 100vw, 500px\" \/><\/a><br \/>\n<br style=\"clear: both;\"><br style=\"clear: both;\"><br style=\"clear: both;\"><strong>Les bouleversements climatiques sont naturels<\/strong><\/p>\n<p><img loading=\"lazy\" decoding=\"async\" class=\"alignnone wp-image-5135 size-full\" src=\"https:\/\/claudinemarichal.be\/wp-content\/uploads\/2019\/09\/arnaque-climat-930000-ans.jpg\" alt=\"\" width=\"500\" height=\"626\" srcset=\"https:\/\/claudinemarichal.be\/wp-content\/uploads\/2019\/09\/arnaque-climat-930000-ans.jpg 500w, https:\/\/claudinemarichal.be\/wp-content\/uploads\/2019\/09\/arnaque-climat-930000-ans-240x300.jpg 240w\" sizes=\"auto, (max-width: 500px) 100vw, 500px\" \/><\/p>\n<p><br style=\"clear: both;\"><br style=\"clear: both;\"><br style=\"clear: both;\"><br style=\"clear: both;\"><\/p>\n<p><strong>OBJECTIFS DE L&rsquo;ARNAQUE CLIMATIQUE<\/strong><\/p>\n<p><strong>1. Le pass climatique<\/strong><br \/>\n<a href=\"https:\/\/reseauinternational.net\/macron-annonce-la-creation-dun-pass-climatique-grace-a-un-systeme-de-contraintes\/\" target=\"_blank\" rel=\"noopener\">https:\/\/reseauinternational.net\/macron-annonce-la-creation-dun-pass-climatique-grace-a-un-systeme-de-contraintes\/<br \/>\n<\/a><a href=\"https:\/\/reseauinternational.net\/macron-annonce-la-creation-dun-pass-climatique-grace-a-un-systeme-de-contraintes\/\" target=\"_blank\" rel=\"noopener\"><img loading=\"lazy\" decoding=\"async\" class=\"alignnone wp-image-5561 size-full\" src=\"https:\/\/claudinemarichal.be\/wp-content\/uploads\/2019\/09\/climat-pass-climatique.jpg\" alt=\"\" width=\"500\" height=\"291\" srcset=\"https:\/\/claudinemarichal.be\/wp-content\/uploads\/2019\/09\/climat-pass-climatique.jpg 500w, https:\/\/claudinemarichal.be\/wp-content\/uploads\/2019\/09\/climat-pass-climatique-300x175.jpg 300w\" sizes=\"auto, (max-width: 500px) 100vw, 500px\" \/><\/a><br \/>\n<br style=\"clear: both;\"><br style=\"clear: both;\"><strong>2. Imposer des taxes carbone<\/strong><br \/>\n<a href=\"https:\/\/www.nouvelordremondial.cc\/2022\/12\/24\/lue-envisage-dimposer-des-taxes-directes-sur-le-carbone-aux-particuliers\/\" target=\"_blank\" rel=\"noopener\">https:\/\/www.nouvelordremondial.cc\/2022\/12\/24\/lue-envisage-dimposer-des-taxes-directes-sur-le-carbone-aux-particuliers\/<br \/>\n<\/a><a href=\"https:\/\/www.nouvelordremondial.cc\/2022\/12\/24\/lue-envisage-dimposer-des-taxes-directes-sur-le-carbone-aux-particuliers\/\" target=\"_blank\" rel=\"noopener\"><img loading=\"lazy\" decoding=\"async\" class=\"alignnone wp-image-5569 size-full\" src=\"https:\/\/claudinemarichal.be\/wp-content\/uploads\/2019\/09\/climat-taxe-carbone.jpg\" alt=\"\" width=\"500\" height=\"278\" srcset=\"https:\/\/claudinemarichal.be\/wp-content\/uploads\/2019\/09\/climat-taxe-carbone.jpg 500w, https:\/\/claudinemarichal.be\/wp-content\/uploads\/2019\/09\/climat-taxe-carbone-300x167.jpg 300w\" sizes=\"auto, (max-width: 500px) 100vw, 500px\" \/><\/a><br \/>\n<br style=\"clear: both;\"><br style=\"clear: both;\"><strong>3. Le d\u00e9peuplement<\/strong><\/p>\n<p><img loading=\"lazy\" decoding=\"async\" class=\"alignnone wp-image-4515 size-full\" src=\"https:\/\/claudinemarichal.be\/wp-content\/uploads\/2019\/09\/climat-Silvano-Trotta.jpg\" alt=\"\" width=\"500\" height=\"627\" srcset=\"https:\/\/claudinemarichal.be\/wp-content\/uploads\/2019\/09\/climat-Silvano-Trotta.jpg 500w, https:\/\/claudinemarichal.be\/wp-content\/uploads\/2019\/09\/climat-Silvano-Trotta-239x300.jpg 239w\" sizes=\"auto, (max-width: 500px) 100vw, 500px\" \/><\/p>\n<p>Cela arrange bien les \u00e9lites mondialistes qui ont un agenda pour 2030, dont un des objectifs est de r\u00e9duire drastiquement la population. <a href=\"https:\/\/x.com\/ClaudineMarich\/status\/1691208706237587458?s=20\">https:\/\/x.com\/ClaudineMarich\/status\/1691208706237587458?s=20<\/a><br \/>\n<br style=\"clear: both;\"><br style=\"clear: both;\"><strong>4. R\u00e9duire la propri\u00e9t\u00e9 priv\u00e9e<\/strong><\/p>\n<p>\u00ab\u00a0<em>Changement climatique : le WEF (Forum Economique Mondial) veut r\u00e9duire de 75% le nombre de propri\u00e9taires de voitures priv\u00e9es d\u2019ici \u00e0 2050<br \/>\nAutoritarisme climatique\u00a0\u00bb (juin 2023)<\/em><br \/>\n\u00ab\u00a0Le g\u00e2chis du changement climatique sert de m\u00e9canisme pour toutes sortes de changements sociaux, \u00e9conomiques et politiques qui pourraient r\u00e9duire consid\u00e9rablement la libert\u00e9 et la survie financi\u00e8re de l\u2019individu moyen.<br \/>\nComme le monde en a \u00e9t\u00e9 t\u00e9moin avec la pand\u00e9mie de covid\u00e9s, les institutions mondiales travaillant avec les gouvernements et les entreprises sont heureuses d\u2019\u00e9voquer de fausses menaces et d\u2019inspirer l\u2019hyst\u00e9rie publique si elles pensent pouvoir utiliser cette peur croissante pour r\u00e9duire nos droits individuels.\u00a0\u00bb<br \/>\n\u00ab\u00a0Le livre blanc, intitul\u00e9 \u00ab Benchmarking the Transition to Sustainable Urban Mobility \u00bb (Analyse comparative de la transition vers une mobilit\u00e9 urbaine durable), \u00e9tablit diverses lignes directrices pour faire passer la majorit\u00e9 de la population humaine au transport de masse dans des \u00ab villes intelligentes \u00bb compactes.<br \/>\nLe WEF sugg\u00e8re \u00e9galement que plus de 70 % de la population devra vivre dans ces villes intelligentes d\u2019ici 2050. Actuellement, 45 % de la population mondiale vit dans des zones rurales, ce qui signifie que 15 % de la population devra \u00eatre forc\u00e9e de s\u2019installer dans les villes au cours des deux prochaines d\u00e9cennies.\u00a0\u00bb<br \/>\n<a href=\"https:\/\/geopolitique-profonde.com\/articles\/climatique-wef-voitures-privees\" target=\"_blank\" rel=\"noopener\">https:\/\/geopolitique-profonde.com\/articles\/climatique-wef-voitures-privees<br \/>\n<\/a><a href=\"https:\/\/geopolitique-profonde.com\/articles\/climatique-wef-voitures-privees\" target=\"_blank\" rel=\"noopener\"><img loading=\"lazy\" decoding=\"async\" class=\"alignnone wp-image-4840 size-full\" src=\"https:\/\/claudinemarichal.be\/wp-content\/uploads\/2019\/09\/arnaque-climat-geopol-profonde.jpg\" alt=\"\" width=\"500\" height=\"375\" srcset=\"https:\/\/claudinemarichal.be\/wp-content\/uploads\/2019\/09\/arnaque-climat-geopol-profonde.jpg 500w, https:\/\/claudinemarichal.be\/wp-content\/uploads\/2019\/09\/arnaque-climat-geopol-profonde-300x225.jpg 300w\" sizes=\"auto, (max-width: 500px) 100vw, 500px\" \/><\/a><br \/>\n<br style=\"clear: both;\"><br style=\"clear: both;\"><strong>5. Projet de mise en place d\u2019un confinement climatique<\/strong><\/p>\n<p><a href=\"https:\/\/strategika.fr\/2021\/06\/26\/y-a-t-il-un-confinement-climatique-a-lhorizon\/\" target=\"_blank\" rel=\"noopener\">https:\/\/strategika.fr\/2021\/06\/26\/y-a-t-il-un-confinement-climatique-a-lhorizon\/<br \/>\n<\/a><a href=\"https:\/\/strategika.fr\/2021\/06\/26\/y-a-t-il-un-confinement-climatique-a-lhorizon\/\" target=\"_blank\" rel=\"noopener\"><img loading=\"lazy\" decoding=\"async\" class=\"alignnone wp-image-5570 size-full\" src=\"https:\/\/claudinemarichal.be\/wp-content\/uploads\/2019\/09\/climat-confinement-climatique.jpg\" alt=\"\" width=\"500\" height=\"313\" srcset=\"https:\/\/claudinemarichal.be\/wp-content\/uploads\/2019\/09\/climat-confinement-climatique.jpg 500w, https:\/\/claudinemarichal.be\/wp-content\/uploads\/2019\/09\/climat-confinement-climatique-300x188.jpg 300w\" sizes=\"auto, (max-width: 500px) 100vw, 500px\" \/><\/a><br \/>\n<br style=\"clear: both;\"><br style=\"clear: both;\"><strong>6. Cr\u00e9er des villes 15 minutes<\/strong><\/p>\n<p>Christine Anderson, eurod\u00e9put\u00e9e, explique les villes 15 minutes.<br \/>\n<a href=\"https:\/\/odysee.com\/@LouMoon:6\/Christine-Anderson-15-minutes:2c4\" target=\"_blank\" rel=\"noopener\">https:\/\/odysee.com\/@LouMoon:6\/Christine-Anderson-15-minutes:2c4<br \/>\n<\/a><a href=\"https:\/\/odysee.com\/@LouMoon:6\/Christine-Anderson-15-minutes:2c4\" target=\"_blank\" rel=\"noopener\"><img loading=\"lazy\" decoding=\"async\" class=\"alignnone wp-image-5571 size-full\" src=\"https:\/\/claudinemarichal.be\/wp-content\/uploads\/2019\/09\/climat-villes-15-minutes.jpg\" alt=\"\" width=\"500\" height=\"261\" srcset=\"https:\/\/claudinemarichal.be\/wp-content\/uploads\/2019\/09\/climat-villes-15-minutes.jpg 500w, https:\/\/claudinemarichal.be\/wp-content\/uploads\/2019\/09\/climat-villes-15-minutes-300x157.jpg 300w\" sizes=\"auto, (max-width: 500px) 100vw, 500px\" \/><\/a><\/p>\n<p><br style=\"clear: both;\"><br style=\"clear: both;\"><strong>7. R\u00e9duire la consommation de viandes<\/strong><\/p>\n<p>&#8230; et nous faire bouffer des insectes pour nous rendre malades.<\/p>\n<p><a href=\"https:\/\/rumble.com\/v2i8krk-le-dernier-plan-est-de-vous-amener-arrter-compltement-de-manger-de-la-viand.html\" target=\"_blank\" rel=\"noopener\">https:\/\/rumble.com\/v2i8krk-le-dernier-plan-est-de-vous-amener-arrter-compltement-de-manger-de-la-viand.html<br \/>\n<\/a><a href=\"https:\/\/rumble.com\/v2i8krk-le-dernier-plan-est-de-vous-amener-arrter-compltement-de-manger-de-la-viand.html\" target=\"_blank\" rel=\"noopener\"><img loading=\"lazy\" decoding=\"async\" class=\"alignnone wp-image-5572 size-full\" src=\"https:\/\/claudinemarichal.be\/wp-content\/uploads\/2019\/09\/climat-insectes.jpg\" alt=\"\" width=\"500\" height=\"279\" srcset=\"https:\/\/claudinemarichal.be\/wp-content\/uploads\/2019\/09\/climat-insectes.jpg 500w, https:\/\/claudinemarichal.be\/wp-content\/uploads\/2019\/09\/climat-insectes-300x167.jpg 300w\" sizes=\"auto, (max-width: 500px) 100vw, 500px\" \/><\/a><br \/>\nLes insectes contiennent de la chitine qui ne peut pas \u00eatre trait\u00e9e par nos intestins. Seuls les oiseaux peuvent traiter l&rsquo;ingestion d&rsquo;insectes en toute s\u00e9curit\u00e9. Le syst\u00e8me digestif des oiseaux est compl\u00e8tement diff\u00e9rent du n\u00f4tre.<\/p>\n<p><u><em>Est-ce sain de manger des insectes ?<\/em><\/u><br \/>\npar St\u00e9phane Guay, microbiologiste<br \/>\nR\u00e9sum\u00e9 :<br \/>\nL&rsquo;Union Europ\u00e9enne autorise l&rsquo;introduction de prot\u00e9ines d&rsquo;insectes dans diff\u00e9rents produits transform\u00e9s. Ils sont camoufl\u00e9s dans ces aliments sans qu&rsquo;on s&rsquo;en rende compte et ce n&rsquo;est pas indiqu\u00e9 clairement sur les emballages. L&rsquo;UE pr\u00e9tend que ces farines r\u00e9pondent \u00e0 toutes les normes de sant\u00e9 en vigueur.<br \/>\nPourquoi est-ce si important pour ces psychopathes (\u00e9lites mondialistes, UE, Forum Economique Mondial) qu&rsquo;on mange des insectes ?<br \/>\nLa farine d&rsquo;insectes contient de la chitine, qui est un polysaccharide qui constitue l&rsquo;exosquelette des insectes (et m\u00eame des crustac\u00e9s comme les crevettes), non digestible par l&rsquo;homme. Nous n&rsquo;avons pas les enzymes n\u00e9cessaires pour d\u00e9grader la chitine.<br \/>\nL&rsquo;UE reconna\u00eet le potentiel allerg\u00e8ne de la chitine en cas de consommation r\u00e9guli\u00e8re. L&rsquo;allergie est une maladie potentiellement mortelle chez les personnes sensibles. La chitine s&rsquo;est av\u00e9r\u00e9 activer les cellules immunitaires inn\u00e9es et provoquer une inflammation des voies respiratoires. On va vers un syst\u00e8me inflammatoire chronique sur le long terme si on mange de la chitine r\u00e9guli\u00e8rement. La chitine est impliqu\u00e9e dans la pathogen\u00e8se de l&rsquo;asthme.<br \/>\nNotre syst\u00e8me immunitaire a d\u00e9velopp\u00e9 un m\u00e9canisme de d\u00e9fense pour s\u00e9cr\u00e9ter un paquet d&rsquo;enzymes pro-inflammatoires qui vont transformer la chitine en chitosane.<br \/>\nLe chitosane est une forme d\u00e9sac\u00e9tyl\u00e9e de la chitine. L&rsquo;apport massif et continu de chitosane emp\u00eache l&rsquo;absorption des lipides, des vitamines (notamment les vitamines liposolubles D, E et K) et de min\u00e9raux essentiels au bon fonctionnement du syst\u00e8me immunitaire. L&rsquo;alimentation de chitosane pendant 2 semaines a provoqu\u00e9 une diminution de l&rsquo;absorption min\u00e9rale et de la teneur en min\u00e9raux osseux !<br \/>\n<a href=\"https:\/\/rumble.com\/v27y6tj-est-ce-sain-de-manger-des-insectes.html\">https:\/\/rumble.com\/v27y6tj-est-ce-sain-de-manger-des-insectes.html<\/a><\/p>\n<p>Autres liens : <a href=\"https:\/\/echelledejacob.blogspot.com\/2022\/09\/chitine-et-chitinase-role-dans-la.html#more\" target=\"_blank\" rel=\"noopener\">https:\/\/echelledejacob.blogspot.com\/2022\/09\/chitine-et-chitinase-role-dans-la.html#more<\/a> et <a href=\"https:\/\/www.relais-info.fr\/2023\/11\/courage-vos-farines-toxiques-dinsectes-arrivent\/\" target=\"_blank\" rel=\"noopener\">https:\/\/www.relais-info.fr\/2023\/11\/courage-vos-farines-toxiques-dinsectes-arrivent\/<\/a><\/p>\n<p><br style=\"clear: both;\"><br style=\"clear: both;\"><br style=\"clear: both;\"><strong>Pour les mondialistes, la nature doit \u00eatre soumise aux besoins des nouvelles technologies !<\/strong><\/p>\n<p><em>par Guilhem Cayzac, th\u00e9rapeute et enseignant ess\u00e9nien<\/em><\/p>\n<p>\u00ab\u00a0Tout ce qu&rsquo;on nous explique du r\u00e9chauffement climatique, tout \u00e7a, c&rsquo;est juste que la nature ne fait pas ce que nous avons pr\u00e9vu ou ce que nous voulons. Nous avons organis\u00e9 tout un monde mat\u00e9riel avec des temp\u00e9ratures contr\u00f4l\u00e9es, un fonctionnement. Tout doit fonctionner toujours de la m\u00eame mani\u00e8re pour que NOUS nous fonctionnions. Mais la nature n&rsquo;est jamais pareille.<br \/>\n\u00ab\u00a0Ah oui, mais il faut qu&rsquo;elle soit pareille.\u00a0\u00bb<br \/>\nDonc, ce qu&rsquo;on nous fait appeler de l&rsquo;\u00e9cologie, ce n&rsquo;est juste qu&rsquo;un d\u00e9lire dictatorial, compl\u00e8tement fanatique, que la nature doit \u00eatre soumise aux besoins des nouvelles technologies de l&rsquo;humanit\u00e9.\u00a0\u00bb<\/p>\n<p><a href=\"https:\/\/x.com\/SAudet80\/status\/1741878603392995343?s=20\" target=\"_blank\" rel=\"noopener\">https:\/\/x.com\/SAudet80\/status\/1741878603392995343?s=20<br \/>\n<\/a><a href=\"https:\/\/x.com\/SAudet80\/status\/1741878603392995343?s=20\" target=\"_blank\" rel=\"noopener\"><img loading=\"lazy\" decoding=\"async\" class=\"alignnone wp-image-5754 size-full\" src=\"https:\/\/claudinemarichal.be\/wp-content\/uploads\/2019\/09\/arnaque-climat-guilhem.jpg\" alt=\"\" width=\"500\" height=\"662\" srcset=\"https:\/\/claudinemarichal.be\/wp-content\/uploads\/2019\/09\/arnaque-climat-guilhem.jpg 500w, https:\/\/claudinemarichal.be\/wp-content\/uploads\/2019\/09\/arnaque-climat-guilhem-227x300.jpg 227w\" sizes=\"auto, (max-width: 500px) 100vw, 500px\" \/><\/a><br \/>\nSa cha\u00eene Youtube -&gt; <a href=\"https:\/\/www.youtube.com\/@GuilhemCayzac\" target=\"_blank\" rel=\"noopener\">https:\/\/www.youtube.com\/@GuilhemCayzac<\/a><\/p>\n<p><br style=\"clear: both;\"><br style=\"clear: both;\"><br style=\"clear: both;\"><strong>Les temp\u00e9ratures sont fauss\u00e9es par l&#8217;emplacement des stations de mesure<\/strong> (avril 2024)<\/p>\n<p>Comment faire croire \u00e0 une hausse des temp\u00e9ratures ? Il suffit de fabriquer les donn\u00e9es ! On se croirait en pleine allopathie !<br \/>\nAvec le suppos\u00e9 record de 30 degr\u00e9s en Autriche, http:\/\/Report24.news a constat\u00e9 quelques incoh\u00e9rences concernant le positionnement de la station de mesure. Celui-ci est situ\u00e9 \u00e0 c\u00f4t\u00e9 d\u2019une immense zone asphalt\u00e9e et d\u2019une d\u00e9charge de d\u00e9chets plastiques. Mais ce n&rsquo;est que la pointe de l&rsquo;iceberg. Derri\u00e8re l\u2019alarmisme climatique se cache une quantit\u00e9 surprenante de fraude ouverte et \u00e9hont\u00e9e. Aux \u00c9tats-Unis, on a d\u00e9couvert que les stations m\u00e9t\u00e9orologiques dites USHCN fournissent des donn\u00e9es m\u00eame si elles n&rsquo;existent plus dans le monde r\u00e9el.<br \/>\nOn a d\u00e9couvert aujourd&rsquo;hui que 30% de ces stations n&rsquo;existent plus physiquement. Les appareils ne peuvent plus \u00eatre trouv\u00e9s sur place ; ils n\u2019existent tout simplement pas \u2013 pour diverses raisons qui peuvent survenir au fil du temps. Mais tous ces appareils continuent de transmettre des donn\u00e9es m\u00e9t\u00e9orologiques au syst\u00e8me. Cela a \u00e9t\u00e9 rapport\u00e9 par le m\u00e9t\u00e9orologue certifi\u00e9 John Shewchuk. L&rsquo;ancien lieutenant-colonel a accord\u00e9 une interview au nouveau m\u00e9dia am\u00e9ricain \u00ab Epoch Times \u00bb en janvier 2024, dans laquelle il expliquait que l&rsquo;alarmisme climatique et les co\u00fbts effroyables pour le contribuable am\u00e9ricain reposaient sur des donn\u00e9es incorrectes.<br \/>\nUn rapport du scientifique du Heartland Institute, Anthony Watts, montre que 89 % des stations de la NOAA ont des \u00e9l\u00e9ments dans leur environnement qui faussent la temp\u00e9rature. Beaucoup sont situ\u00e9s sur les pistes d\u2019a\u00e9roport, d\u2019autres \u00e0 c\u00f4t\u00e9 de ventilateurs d\u2019extraction ou entour\u00e9s de parkings et de routes asphalt\u00e9es. D&rsquo;autres sont mont\u00e9s sur des toits chauds. 68 stations ont \u00e9t\u00e9 implant\u00e9es dans des stations d&rsquo;\u00e9puration, o\u00f9 la fermentation des d\u00e9chets entra\u00eene des temp\u00e9ratures plus \u00e9lev\u00e9es.<\/p>\n<p><a href=\"https:\/\/report24.news\/riesenbetrug-bei-klimadaten-aufgeflogen-aufgeloeste-wetterstationen-speisen-daten-ein\/\" target=\"_blank\" rel=\"noopener\">https:\/\/report24.news\/riesenbetrug-bei-klimadaten-aufgeflogen-aufgeloeste-wetterstationen-speisen-daten-ein\/<br \/>\n<\/a><a href=\"https:\/\/report24.news\/riesenbetrug-bei-klimadaten-aufgeflogen-aufgeloeste-wetterstationen-speisen-daten-ein\/\" target=\"_blank\" rel=\"noopener\"><img loading=\"lazy\" decoding=\"async\" class=\"alignnone wp-image-7121 size-full\" src=\"https:\/\/claudinemarichal.be\/wp-content\/uploads\/2019\/09\/arnaque-climat-fraude-temperatures.jpg\" alt=\"\" width=\"500\" height=\"442\" srcset=\"https:\/\/claudinemarichal.be\/wp-content\/uploads\/2019\/09\/arnaque-climat-fraude-temperatures.jpg 500w, https:\/\/claudinemarichal.be\/wp-content\/uploads\/2019\/09\/arnaque-climat-fraude-temperatures-300x265.jpg 300w\" sizes=\"auto, (max-width: 500px) 100vw, 500px\" \/><\/a><\/p>\n<p><br style=\"clear: both;\"><br style=\"clear: both;\"><br style=\"clear: both;\"><br style=\"clear: both;\"><\/p>\n<p><strong>UN DES MOYENS POUR FAIRE CROIRE AU RECHAUFFEMENT CLIMATIQUE : FAIRE PEUR !<\/strong><\/p>\n<p>A 5 ans d&rsquo;intervalle, le m\u00eame jour. En 2022 la carte est toute rouge alors que les t\u00b0 sont plus basses qu&rsquo;en 2017 !<\/p>\n<p><img loading=\"lazy\" decoding=\"async\" class=\"alignnone wp-image-4561 size-full\" src=\"https:\/\/claudinemarichal.be\/wp-content\/uploads\/2019\/09\/climat-meteo.jpg\" alt=\"\" width=\"500\" height=\"499\" srcset=\"https:\/\/claudinemarichal.be\/wp-content\/uploads\/2019\/09\/climat-meteo.jpg 500w, https:\/\/claudinemarichal.be\/wp-content\/uploads\/2019\/09\/climat-meteo-300x300.jpg 300w, https:\/\/claudinemarichal.be\/wp-content\/uploads\/2019\/09\/climat-meteo-150x150.jpg 150w, https:\/\/claudinemarichal.be\/wp-content\/uploads\/2019\/09\/climat-meteo-75x75.jpg 75w\" sizes=\"auto, (max-width: 500px) 100vw, 500px\" \/><br \/>\n<br style=\"clear: both;\"><br style=\"clear: both;\"><br style=\"clear: both;\"><\/p>\n<p><strong>UN AUTRE MOYEN : ATTAQUER LES CLIMATO-SCEPTIQUES !<\/strong><\/p>\n<p>Un d\u00e9bat sur le climat est-il d\u00e9sormais interdit ?<br \/>\nSerions-nous dans une th\u00e9ocratie climatique qui lance la r\u00e9pression de l\u2019inquisition d\u00e8s qu\u2019un \u00ab h\u00e9r\u00e9tique \u00bb ose s\u2019exprimer?<br \/>\nPourtant, la libert\u00e9 d\u2019expression est justement le droit d\u2019exprimer des id\u00e9es, m\u00eame d\u00e9rangeantes !<\/p>\n<p><img loading=\"lazy\" decoding=\"async\" class=\"alignnone wp-image-7558 size-full\" src=\"https:\/\/claudinemarichal.be\/wp-content\/uploads\/2019\/09\/arnaque-Climat-Cnews-amende.jpg\" alt=\"\" width=\"500\" height=\"535\" srcset=\"https:\/\/claudinemarichal.be\/wp-content\/uploads\/2019\/09\/arnaque-Climat-Cnews-amende.jpg 500w, https:\/\/claudinemarichal.be\/wp-content\/uploads\/2019\/09\/arnaque-Climat-Cnews-amende-280x300.jpg 280w\" sizes=\"auto, (max-width: 500px) 100vw, 500px\" \/><\/p>\n<p><br style=\"clear: both;\"><br style=\"clear: both;\"><br style=\"clear: both;\"><\/p>\n<p><strong>Apr\u00e8s avoir lu tout ce qui pr\u00e9c\u00e8de, n&rsquo;avez-vous pas envie de rire aux \u00e9clats en lisant ceci ? \ud83d\ude02\ud83d\ude02\ud83d\ude02<\/strong><\/p>\n<p><img loading=\"lazy\" decoding=\"async\" class=\"alignnone wp-image-4780 size-full\" src=\"https:\/\/claudinemarichal.be\/wp-content\/uploads\/2019\/09\/climat-Le-Monde.jpg\" alt=\"\" width=\"500\" height=\"524\" srcset=\"https:\/\/claudinemarichal.be\/wp-content\/uploads\/2019\/09\/climat-Le-Monde.jpg 500w, https:\/\/claudinemarichal.be\/wp-content\/uploads\/2019\/09\/climat-Le-Monde-286x300.jpg 286w\" sizes=\"auto, (max-width: 500px) 100vw, 500px\" \/><br \/>\n<br style=\"clear: both;\"><br style=\"clear: both;\"><br style=\"clear: both;\"><strong>Pour Greta Thunberg, la crise climatique est li\u00e9e \u201caux syst\u00e8mes d\u2019oppression coloniaux, racistes et patriarcaux\u201d&nbsp;<\/strong> \ud83d\ude02\ud83d\ude02\ud83d\ude02 (2019)<\/p>\n<p>Trois militantes du climat, dont Greta Thunberg, ont \u00e9crit une tribune dans laquelle elles estiment que la \u201ccrise de l\u2019environnement\u201d est aussi une \u201ccrise des droits de l\u2019homme\u201d.<\/p>\n<p><a href=\"https:\/\/www.valeursactuelles.com\/societe\/pour-greta-thunberg-la-crise-climatique-est-liee-aux-systemes-doppression-coloniaux-racistes-et-patriarcaux\" target=\"_blank\" rel=\"noopener\">https:\/\/www.valeursactuelles.com\/societe\/pour-greta-thunberg-la-crise-climatique-est-liee-aux-systemes-doppression-coloniaux-racistes-et-patriarcaux<br \/>\n<\/a><a href=\"https:\/\/www.valeursactuelles.com\/societe\/pour-greta-thunberg-la-crise-climatique-est-liee-aux-systemes-doppression-coloniaux-racistes-et-patriarcaux\" target=\"_blank\" rel=\"noopener\"><img loading=\"lazy\" decoding=\"async\" class=\"alignnone wp-image-4001 size-full\" src=\"https:\/\/claudinemarichal.be\/wp-content\/uploads\/2019\/09\/climat-Greta-thunberg.jpg\" alt=\"\" width=\"500\" height=\"333\" srcset=\"https:\/\/claudinemarichal.be\/wp-content\/uploads\/2019\/09\/climat-Greta-thunberg.jpg 500w, https:\/\/claudinemarichal.be\/wp-content\/uploads\/2019\/09\/climat-Greta-thunberg-300x200.jpg 300w\" sizes=\"auto, (max-width: 500px) 100vw, 500px\" \/><\/a><\/p>\n<p><br style=\"clear: both;\"><br style=\"clear: both;\"><br style=\"clear: both;\"><\/p>\n<p><img loading=\"lazy\" decoding=\"async\" class=\"alignnone wp-image-6704 size-full\" src=\"https:\/\/claudinemarichal.be\/wp-content\/uploads\/2019\/09\/arnaque-climat-Thunberg.jpg\" alt=\"\" width=\"500\" height=\"672\" srcset=\"https:\/\/claudinemarichal.be\/wp-content\/uploads\/2019\/09\/arnaque-climat-Thunberg.jpg 500w, https:\/\/claudinemarichal.be\/wp-content\/uploads\/2019\/09\/arnaque-climat-Thunberg-223x300.jpg 223w\" sizes=\"auto, (max-width: 500px) 100vw, 500px\" \/><\/p>\n<p><br style=\"clear: both;\"><br style=\"clear: both;\"><br style=\"clear: both;\"><\/p>\n<p><strong>Le changement climatique, coupable de la pand\u00e9mie de COVID-19 <\/strong> \ud83d\ude02\ud83d\ude02\ud83d\ude02 (juin 2021)<\/p>\n<p>\u00ab\u00a0Des recherches soutenues par l\u2019UE indiquent qu\u2019un changement dans la r\u00e9partition mondiale des populations de chauves-souris, provoqu\u00e9 par le changement climatique, pourrait \u00eatre la cause des r\u00e9centes \u00e9pid\u00e9mies de coronavirus.\u00a0\u00bb \ud83d\ude02\ud83d\ude02\ud83d\ude02<\/p>\n<p><a href=\"https:\/\/cordis.europa.eu\/article\/id\/430229-climate-change-the-culprit-in-the-covid-19-pandemic\/fr\" target=\"_blank\" rel=\"noopener\">https:\/\/cordis.europa.eu\/article\/id\/430229-climate-change-the-culprit-in-the-covid-19-pandemic\/fr<br \/>\n<img loading=\"lazy\" decoding=\"async\" class=\"alignnone wp-image-4675 size-full\" src=\"https:\/\/claudinemarichal.be\/wp-content\/uploads\/2019\/09\/climat-Cordis.jpg\" alt=\"\" width=\"500\" height=\"375\" srcset=\"https:\/\/claudinemarichal.be\/wp-content\/uploads\/2019\/09\/climat-Cordis.jpg 500w, https:\/\/claudinemarichal.be\/wp-content\/uploads\/2019\/09\/climat-Cordis-300x225.jpg 300w\" sizes=\"auto, (max-width: 500px) 100vw, 500px\" \/><\/a><br \/>\n<br style=\"clear: both;\"><br style=\"clear: both;\"><br style=\"clear: both;\"><strong>Bloquer le Soleil pour combattre la crise climatique ? Ce serait le nouveau projet de l\u2019UE<\/strong> (juillet 2023)<\/p>\n<p>\u00ab\u00a0Face \u00e0 l\u2019inqui\u00e9tude de d\u00e9passer le point d\u00e9cisif du r\u00e9chauffement plan\u00e9taire de 1,5\u00b0 C (ha, ha, ha !), l\u2019Union europ\u00e9enne aurait con\u00e7u un projet de g\u00e9o-ing\u00e9nierie climatique qui consiste en la dispersion d\u2019a\u00e9rosols stratosph\u00e9riques pour \u00ab bloquer le Soleil \u00bb. Cette approche inqui\u00e8te un certain nombre d\u2019experts, qui voient dans cette mesure un danger contournant le fond du probl\u00e8me.<br \/>\nL\u2019Union europ\u00e9enne a lanc\u00e9 un projet nomm\u00e9 \u00ab Horizon Europe \u00bb en d\u00e9cembre 2022, avec un objectif sans pr\u00e9c\u00e9dent : d\u00e9vier les rayons solaires pour lutter contre la crise climatique. Il s\u2019agit d\u2019un projet de \u00ab r\u00e9ing\u00e9nierie atmosph\u00e9rique \u00bb qui vise \u00e0 augmenter la quantit\u00e9 de particules dans l\u2019atmosph\u00e8re afin de r\u00e9duire la quantit\u00e9 de lumi\u00e8re solaire atteignant la surface terrestre.<br \/>\nParmi les critiques que les experts font de ce projet, il y a notamment le risque de provoquer des effets secondaires sur les cycles environnementaux, comme la modification des r\u00e9gimes pluviaux ou un refroidissement excessif. Ils attirent \u00e9galement l\u2019attention sur le fait qu\u2019un projet cherchant \u00e0 bloquer le Soleil \u00e0 l\u2019aide d\u2019a\u00e9rosols est, en fait, une mani\u00e8re de contourner la vraie probl\u00e9matique et le principal objectif : r\u00e9duire les \u00e9missions de CO2 (ha, ha, ha !). En raison de ces dangers, un groupe d\u2019experts et de scientifiques a fait appel \u00e0 un accord de non-utilisation de cette mesure.\u00a0\u00bb Ouf !<\/p>\n<p><a href=\"https:\/\/www.science-et-vie.com\/nature-et-environnement\/bloquer-le-soleil-pour-combattre-la-crise-climatique-ce-serait-le-nouveau-projet-de-lue-107705.html\" target=\"_blank\" rel=\"noopener\">https:\/\/www.science-et-vie.com\/nature-et-environnement\/bloquer-le-soleil-pour-combattre-la-crise-climatique-ce-serait-le-nouveau-projet-de-lue-107705.html<br \/>\n<img loading=\"lazy\" decoding=\"async\" class=\"alignnone wp-image-4980 size-full\" src=\"https:\/\/claudinemarichal.be\/wp-content\/uploads\/2019\/09\/arnaque-climat-UE.jpg\" alt=\"\" width=\"500\" height=\"220\" srcset=\"https:\/\/claudinemarichal.be\/wp-content\/uploads\/2019\/09\/arnaque-climat-UE.jpg 500w, https:\/\/claudinemarichal.be\/wp-content\/uploads\/2019\/09\/arnaque-climat-UE-300x132.jpg 300w\" sizes=\"auto, (max-width: 500px) 100vw, 500px\" \/><\/a><br \/>\n<br style=\"clear: both;\"><br style=\"clear: both;\"><br style=\"clear: both;\">\ud83d\ude02\ud83d\ude02\ud83d\ude02 <strong>Je me demande o\u00f9 ils vont les chercher !<\/strong> \ud83d\ude02\ud83d\ude02 (octobre 2025)<\/p>\n<p><a href=\"https:\/\/infodujour.fr\/societe\/gastronomie\/82473-les-flatulences-des-huitres-pas-bonnes-pour-le-climat\" target=\"_blank\" rel=\"noopener\">https:\/\/infodujour.fr\/societe\/gastronomie\/82473-les-flatulences-des-huitres-pas-bonnes-pour-le-climat<\/a><br \/>\n<img loading=\"lazy\" decoding=\"async\" class=\"alignnone wp-image-7486 size-full\" src=\"https:\/\/claudinemarichal.be\/wp-content\/uploads\/2019\/09\/arnaque-climat-huitres.jpg\" alt=\"\" width=\"500\" height=\"422\" srcset=\"https:\/\/claudinemarichal.be\/wp-content\/uploads\/2019\/09\/arnaque-climat-huitres.jpg 500w, https:\/\/claudinemarichal.be\/wp-content\/uploads\/2019\/09\/arnaque-climat-huitres-300x253.jpg 300w\" sizes=\"auto, (max-width: 500px) 100vw, 500px\" \/><\/p>\n<p><br style=\"clear: both;\"><br style=\"clear: both;\"><br style=\"clear: both;\"><\/p>\n<p><strong>Jusqu&rsquo;o\u00f9 va leur connerie !<\/strong><\/p>\n<p><a href=\"https:\/\/twitter.com\/strategieduchoc\/status\/1651648481889492998?s=20\" target=\"_blank\" rel=\"noopener\">https:\/\/twitter.com\/strategieduchoc\/status\/1651648481889492998?s=20<br \/>\n<img loading=\"lazy\" decoding=\"async\" class=\"alignnone wp-image-4528 size-full\" src=\"https:\/\/claudinemarichal.be\/wp-content\/uploads\/2019\/09\/climat-vaches.jpg\" alt=\"\" width=\"500\" height=\"270\" srcset=\"https:\/\/claudinemarichal.be\/wp-content\/uploads\/2019\/09\/climat-vaches.jpg 500w, https:\/\/claudinemarichal.be\/wp-content\/uploads\/2019\/09\/climat-vaches-300x162.jpg 300w\" sizes=\"auto, (max-width: 500px) 100vw, 500px\" \/><\/a><\/p>\n<p><br style=\"clear: both;\"><br style=\"clear: both;\"><br style=\"clear: both;\"><strong>Ce n&rsquo;est pas une blague ! <\/strong><\/p>\n<p><img loading=\"lazy\" decoding=\"async\" class=\"alignnone wp-image-6310 size-full\" src=\"https:\/\/claudinemarichal.be\/wp-content\/uploads\/2019\/09\/arnaque-climat-pets-de-vache.jpg\" alt=\"\" width=\"500\" height=\"442\" srcset=\"https:\/\/claudinemarichal.be\/wp-content\/uploads\/2019\/09\/arnaque-climat-pets-de-vache.jpg 500w, https:\/\/claudinemarichal.be\/wp-content\/uploads\/2019\/09\/arnaque-climat-pets-de-vache-300x265.jpg 300w\" sizes=\"auto, (max-width: 500px) 100vw, 500px\" \/><br \/>\n<a href=\"https:\/\/report24.news\/kein-witz-gates-soros-zuckerberg-co-finanzieren-startup-fuer-impfung-gegen-kuhfuerze\/\" target=\"_blank\" rel=\"noopener\">https:\/\/report24.news\/kein-witz-gates-soros-zuckerberg-co-finanzieren-startup-fuer-impfung-gegen-kuhfuerze\/<\/a><br \/>\n<a href=\"https:\/\/www.rtbf.be\/article\/les-pets-des-vaches-mesures-par-des-chercheurs-belges-7926861\" target=\"_blank\" rel=\"noopener\">https:\/\/www.rtbf.be\/article\/les-pets-des-vaches-mesures-par-des-chercheurs-belges-7926861<\/a><br \/>\n<a href=\"https:\/\/www.presse-citron.net\/bille-gates-investit-pour-lutter-contre-les-pets-de-vaches\/\" target=\"_blank\" rel=\"noopener\">https:\/\/www.presse-citron.net\/bille-gates-investit-pour-lutter-contre-les-pets-de-vaches\/<\/a><\/p>\n<p><br style=\"clear: both;\"><br style=\"clear: both;\"><br style=\"clear: both;\"><strong>Objectif des \u00e9lites mondialistes : acculer les agriculteurs \u00e0 la faillite<\/strong> (juin 2024)<\/p>\n<p><img loading=\"lazy\" decoding=\"async\" class=\"alignnone wp-image-6461 size-full\" src=\"https:\/\/claudinemarichal.be\/wp-content\/uploads\/2019\/09\/arnaque-climat-Danemark.jpg\" alt=\"\" width=\"500\" height=\"656\" srcset=\"https:\/\/claudinemarichal.be\/wp-content\/uploads\/2019\/09\/arnaque-climat-Danemark.jpg 500w, https:\/\/claudinemarichal.be\/wp-content\/uploads\/2019\/09\/arnaque-climat-Danemark-229x300.jpg 229w\" sizes=\"auto, (max-width: 500px) 100vw, 500px\" \/><\/p>\n<p><br style=\"clear: both;\"><br style=\"clear: both;\"><br style=\"clear: both;\"><strong>Les vaches ne d\u00e9truisent pas l&rsquo;environnement, ce sont les \u00e9cologistes qui le font<\/strong><\/p>\n<p><img loading=\"lazy\" decoding=\"async\" class=\"alignnone wp-image-7139 size-full\" src=\"https:\/\/claudinemarichal.be\/wp-content\/uploads\/2019\/09\/arnaque-climat-panneaux-solaires-detruisent-lenvironnement.jpg\" alt=\"\" width=\"500\" height=\"375\" srcset=\"https:\/\/claudinemarichal.be\/wp-content\/uploads\/2019\/09\/arnaque-climat-panneaux-solaires-detruisent-lenvironnement.jpg 500w, https:\/\/claudinemarichal.be\/wp-content\/uploads\/2019\/09\/arnaque-climat-panneaux-solaires-detruisent-lenvironnement-300x225.jpg 300w\" sizes=\"auto, (max-width: 500px) 100vw, 500px\" \/><\/p>\n<p><br style=\"clear: both;\"><br style=\"clear: both;\"><br style=\"clear: both;\"><\/p>\n<p><strong>La r\u00e9alit\u00e9 vs ce qu&rsquo;on nous fait croire !<\/strong><\/p>\n<p><img loading=\"lazy\" decoding=\"async\" class=\"alignnone wp-image-6425 size-full\" src=\"https:\/\/claudinemarichal.be\/wp-content\/uploads\/2019\/09\/arnaque-climat-aubontouite.jpg\" alt=\"\" width=\"500\" height=\"466\" srcset=\"https:\/\/claudinemarichal.be\/wp-content\/uploads\/2019\/09\/arnaque-climat-aubontouite.jpg 500w, https:\/\/claudinemarichal.be\/wp-content\/uploads\/2019\/09\/arnaque-climat-aubontouite-300x280.jpg 300w\" sizes=\"auto, (max-width: 500px) 100vw, 500px\" \/><\/p>\n<p><br style=\"clear: both;\"><br style=\"clear: both;\"><br style=\"clear: both;\"><strong>On nous prend vraiment pour des cons !<\/strong><\/p>\n<p><img loading=\"lazy\" decoding=\"async\" class=\"alignnone wp-image-6701 size-full\" src=\"https:\/\/claudinemarichal.be\/wp-content\/uploads\/2019\/09\/arnaque-climat-volcans.jpg\" alt=\"\" width=\"500\" height=\"471\" srcset=\"https:\/\/claudinemarichal.be\/wp-content\/uploads\/2019\/09\/arnaque-climat-volcans.jpg 500w, https:\/\/claudinemarichal.be\/wp-content\/uploads\/2019\/09\/arnaque-climat-volcans-300x283.jpg 300w\" sizes=\"auto, (max-width: 500px) 100vw, 500px\" \/><\/p>\n<p><br style=\"clear: both;\"><br style=\"clear: both;\"><br style=\"clear: both;\"><strong>Ecologie ne rime pas avec humanit\u00e9 !<\/strong><\/p>\n<p><a href=\"https:\/\/x.com\/benoitm_mtl\/status\/1735314420991947111?s=20\" target=\"_blank\" rel=\"noopener\">https:\/\/x.com\/benoitm_mtl\/status\/1735314420991947111?s=20<br \/>\n<\/a><a href=\"https:\/\/x.com\/benoitm_mtl\/status\/1735314420991947111?s=20\" target=\"_blank\" rel=\"noopener\"><img loading=\"lazy\" decoding=\"async\" class=\"alignnone wp-image-5589 size-full\" src=\"https:\/\/claudinemarichal.be\/wp-content\/uploads\/2019\/09\/arnaque-climat-estomac-vache.jpg\" alt=\"\" width=\"500\" height=\"428\" srcset=\"https:\/\/claudinemarichal.be\/wp-content\/uploads\/2019\/09\/arnaque-climat-estomac-vache.jpg 500w, https:\/\/claudinemarichal.be\/wp-content\/uploads\/2019\/09\/arnaque-climat-estomac-vache-300x257.jpg 300w\" sizes=\"auto, (max-width: 500px) 100vw, 500px\" \/><\/a><br \/>\n<br style=\"clear: both;\"><br style=\"clear: both;\"><br style=\"clear: both;\"><\/p>\n<p><strong>Une imprimante 3D qui fabrique de la \u00ab\u00a0viande\u00a0\u00bb serait plus \u00e9cologique que les vaches !&nbsp;<\/strong><\/p>\n<p>Comment peut-on gober ce genre de connerie !<\/p>\n<p><img loading=\"lazy\" decoding=\"async\" class=\"alignnone wp-image-6031 size-full\" src=\"https:\/\/claudinemarichal.be\/wp-content\/uploads\/2019\/09\/arnaque-climat-vache.jpg\" alt=\"\" width=\"500\" height=\"667\" srcset=\"https:\/\/claudinemarichal.be\/wp-content\/uploads\/2019\/09\/arnaque-climat-vache.jpg 500w, https:\/\/claudinemarichal.be\/wp-content\/uploads\/2019\/09\/arnaque-climat-vache-225x300.jpg 225w\" sizes=\"auto, (max-width: 500px) 100vw, 500px\" \/><br \/>\n<a href=\"https:\/\/www.steakholderfoods.com\/\" target=\"_blank\" rel=\"noopener\">https:\/\/www.steakholderfoods.com\/<\/a><\/p>\n<p><br style=\"clear: both;\"><br style=\"clear: both;\"><br style=\"clear: both;\"><strong>Foutage de gueule !<\/strong><\/p>\n<p><img loading=\"lazy\" decoding=\"async\" class=\"alignnone wp-image-4557 size-full\" src=\"https:\/\/claudinemarichal.be\/wp-content\/uploads\/2019\/09\/climat-foutage-de-gueule.jpg\" alt=\"\" width=\"500\" height=\"565\" srcset=\"https:\/\/claudinemarichal.be\/wp-content\/uploads\/2019\/09\/climat-foutage-de-gueule.jpg 500w, https:\/\/claudinemarichal.be\/wp-content\/uploads\/2019\/09\/climat-foutage-de-gueule-265x300.jpg 265w\" sizes=\"auto, (max-width: 500px) 100vw, 500px\" \/><br \/>\n<br style=\"clear: both;\"><br style=\"clear: both;\"><br style=\"clear: both;\"><strong>Tout le ridicule du \u00ab\u00a0faire un petit geste pour sauver la plan\u00e8te\u00a0\u00bb !<\/strong><br \/>\n<img loading=\"lazy\" decoding=\"async\" class=\"alignnone wp-image-5394 size-full\" src=\"https:\/\/claudinemarichal.be\/wp-content\/uploads\/2019\/09\/arnaque-climat-sauver-la-planete.jpg\" alt=\"\" width=\"500\" height=\"688\" srcset=\"https:\/\/claudinemarichal.be\/wp-content\/uploads\/2019\/09\/arnaque-climat-sauver-la-planete.jpg 500w, https:\/\/claudinemarichal.be\/wp-content\/uploads\/2019\/09\/arnaque-climat-sauver-la-planete-218x300.jpg 218w\" sizes=\"auto, (max-width: 500px) 100vw, 500px\" \/><\/p>\n<p><br style=\"clear: both;\"><br style=\"clear: both;\"><br style=\"clear: both;\"><strong>Royaume-Uni : la Sant\u00e9 publique demande aux m\u00e9decins de ne pas prescrire les inhalateurs de Ventoline aux asthmatiques parce qu&rsquo;ils nuisent \u00e0 la plan\u00e8te ! <\/strong>(novembre 2024)<\/p>\n<p>Il faut donc laisser mourir les personnes asthmatiques ?!<br \/>\nLe National Health Service est le syst\u00e8me de la sant\u00e9 publique du Royaume-Uni. Il a estim\u00e9 que les \u00e9missions des inhalateurs repr\u00e9sentent environ 3 % de son empreinte carbone.<br \/>\nN&rsquo;importe quoi !<\/p>\n<p><a href=\"https:\/\/www.thetimes.com\/uk\/healthcare\/article\/gps-told-to-stop-prescribing-blue-inhalers-that-harm-the-planet-j5mvrd3k3\" target=\"_blank\" rel=\"noopener\">https:\/\/www.thetimes.com\/uk\/healthcare\/article\/gps-told-to-stop-prescribing-blue-inhalers-that-harm-the-planet-j5mvrd3k3<br \/>\n<\/a><a href=\"https:\/\/www.thetimes.com\/uk\/healthcare\/article\/gps-told-to-stop-prescribing-blue-inhalers-that-harm-the-planet-j5mvrd3k3\" target=\"_blank\" rel=\"noopener\"><img loading=\"lazy\" decoding=\"async\" class=\"alignnone wp-image-6828 size-full\" src=\"https:\/\/claudinemarichal.be\/wp-content\/uploads\/2019\/09\/arnaque-climat-inhalateur.jpg\" alt=\"\" width=\"500\" height=\"424\" srcset=\"https:\/\/claudinemarichal.be\/wp-content\/uploads\/2019\/09\/arnaque-climat-inhalateur.jpg 500w, https:\/\/claudinemarichal.be\/wp-content\/uploads\/2019\/09\/arnaque-climat-inhalateur-300x254.jpg 300w\" sizes=\"auto, (max-width: 500px) 100vw, 500px\" \/><\/a><\/p>\n<p><br style=\"clear: both;\"><br style=\"clear: both;\"><br style=\"clear: both;\"><strong>Et ils sont s\u00e9rieux quand ils \u00e9noncent \u00e7a ! <\/strong> \ud83d\ude02\ud83d\ude02<\/p>\n<p><img loading=\"lazy\" decoding=\"async\" class=\"alignnone wp-image-5529 size-full\" src=\"https:\/\/claudinemarichal.be\/wp-content\/uploads\/2019\/09\/arnaque-climat-retrecir-cerveau.jpg\" alt=\"\" width=\"500\" height=\"419\" srcset=\"https:\/\/claudinemarichal.be\/wp-content\/uploads\/2019\/09\/arnaque-climat-retrecir-cerveau.jpg 500w, https:\/\/claudinemarichal.be\/wp-content\/uploads\/2019\/09\/arnaque-climat-retrecir-cerveau-300x251.jpg 300w\" sizes=\"auto, (max-width: 500px) 100vw, 500px\" \/><\/p>\n<p><br style=\"clear: both;\"><br style=\"clear: both;\"><br style=\"clear: both;\"><\/p>\n<p><strong>Respirer est mauvais pour l&rsquo;environnement ! Ils ne savent plus quoi inventer !<\/strong> \ud83d\ude02\ud83d\ude02 (avril 2024)<\/p>\n<p>\u00ab\u00a0Aujourd&rsquo;hui, les scientifiques affirment que RESPIRER est mauvais pour l&rsquo;environnement : Les gaz que nous exhalons contribuent \u00e0 0,1 % des \u00e9missions de gaz \u00e0 effet de serre du Royaume-Uni.\u00a0\u00bb<br \/>\n\u00ab\u00a0Qu&rsquo;il s&rsquo;agisse de manger moins de viande ou de rouler \u00e0 v\u00e9lo plut\u00f4t qu&rsquo;en voiture, l&rsquo;homme peut faire beaucoup de choses pour contribuer \u00e0 pr\u00e9venir le changement climatique.<br \/>\nMalheureusement, respirer moins n&rsquo;en fait pas partie.<br \/>\nCela pourrait \u00eatre un probl\u00e8me, car une nouvelle \u00e9tude affirme que les gaz contenus dans l&rsquo;air expir\u00e9 par les poumons humains alimentent le r\u00e9chauffement de la plan\u00e8te.<br \/>\nSelon les scientifiques, le m\u00e9thane et l&rsquo;oxyde nitreux contenus dans l&rsquo;air expir\u00e9 repr\u00e9sentent 0,1 % des \u00e9missions de gaz \u00e0 effet de serre du Royaume-Uni.<br \/>\nEt c&rsquo;est sans compter les gaz que nous rejetons par les rots et les pets, ou les \u00e9missions qui proviennent de notre peau sans que nous nous en rendions compte.\u00a0\u00bb<\/p>\n<p><a href=\"https:\/\/www.dailymail.co.uk\/sciencetech\/article-12859057\/Now-scientists-say-BREATHING-bad-environment-Gases-exhale-contribute-0-1-UKs-greenhouse-gas-emissions.html\" target=\"_blank\" rel=\"noopener\">https:\/\/www.dailymail.co.uk\/sciencetech\/article-12859057\/Now-scientists-say-BREATHING-bad-environment-Gases-exhale-contribute-0-1-UKs-greenhouse-gas-emissions.html<br \/>\n<\/a><a href=\"https:\/\/www.dailymail.co.uk\/sciencetech\/article-12859057\/Now-scientists-say-BREATHING-bad-environment-Gases-exhale-contribute-0-1-UKs-greenhouse-gas-emissions.html\" target=\"_blank\" rel=\"noopener\"><img loading=\"lazy\" decoding=\"async\" class=\"alignnone wp-image-5591 size-full\" src=\"https:\/\/claudinemarichal.be\/wp-content\/uploads\/2019\/09\/arnaque-climat-respirer.jpg\" alt=\"\" width=\"500\" height=\"336\" srcset=\"https:\/\/claudinemarichal.be\/wp-content\/uploads\/2019\/09\/arnaque-climat-respirer.jpg 500w, https:\/\/claudinemarichal.be\/wp-content\/uploads\/2019\/09\/arnaque-climat-respirer-300x202.jpg 300w\" sizes=\"auto, (max-width: 500px) 100vw, 500px\" \/><\/a><\/p>\n<p><br style=\"clear: both;\"><br style=\"clear: both;\"><br style=\"clear: both;\"><\/p>\n<p><strong>Ils osent dire vraiment n&rsquo;importe quoi pour faire croire au r\u00e9chauffement climatique ! <\/strong>(octobre 2024)<\/p>\n<p><a href=\"https:\/\/actu.fr\/sciences-technologie\/la-pandemie-de-covid-19-a-fait-refroidir-la-lune-on-vous-explique-cette-decouverte-surprenante-et-utile_61679206.html\" target=\"_blank\" rel=\"noopener\">https:\/\/actu.fr\/sciences-technologie\/la-pandemie-de-covid-19-a-fait-refroidir-la-lune-on-vous-explique-cette-decouverte-surprenante-et-utile_61679206.html<br \/>\n<\/a><a href=\"https:\/\/actu.fr\/sciences-technologie\/la-pandemie-de-covid-19-a-fait-refroidir-la-lune-on-vous-explique-cette-decouverte-surprenante-et-utile_61679206.html\" target=\"_blank\" rel=\"noopener\"><img loading=\"lazy\" decoding=\"async\" class=\"alignnone wp-image-6677 size-full\" src=\"https:\/\/claudinemarichal.be\/wp-content\/uploads\/2019\/09\/arnaque-climat-lune.jpg\" alt=\"\" width=\"500\" height=\"592\" srcset=\"https:\/\/claudinemarichal.be\/wp-content\/uploads\/2019\/09\/arnaque-climat-lune.jpg 500w, https:\/\/claudinemarichal.be\/wp-content\/uploads\/2019\/09\/arnaque-climat-lune-253x300.jpg 253w\" sizes=\"auto, (max-width: 500px) 100vw, 500px\" \/><\/a><\/p>\n<p><br style=\"clear: both;\"><br style=\"clear: both;\"><br style=\"clear: both;\"><strong>Tout s&rsquo;explique \ud83d\ude1c !<\/strong> (septembre 2024)<\/p>\n<p><a href=\"https:\/\/www.ouest-france.fr\/meteo\/pourquoi-les-records-de-froid-battus-en-france-ne-remettent-pas-en-cause-le-rechauffement-climatique-0fa780c2-7e73-11ef-b0af-cd5a10d409e1\" target=\"_blank\" rel=\"noopener\">https:\/\/www.ouest-france.fr\/meteo\/pourquoi-les-records-de-froid-battus-en-france-ne-remettent-pas-en-cause-le-rechauffement-climatique-0fa780c2-7e73-11ef-b0af-cd5a10d409e1<br \/>\n<\/a><a href=\"https:\/\/www.ouest-france.fr\/meteo\/pourquoi-les-records-de-froid-battus-en-france-ne-remettent-pas-en-cause-le-rechauffement-climatique-0fa780c2-7e73-11ef-b0af-cd5a10d409e1\" target=\"_blank\" rel=\"noopener\"><img loading=\"lazy\" decoding=\"async\" class=\"alignnone wp-image-6673 size-full\" src=\"https:\/\/claudinemarichal.be\/wp-content\/uploads\/2019\/09\/arnaque-climat-Ouest-France.jpg\" alt=\"\" width=\"500\" height=\"364\" srcset=\"https:\/\/claudinemarichal.be\/wp-content\/uploads\/2019\/09\/arnaque-climat-Ouest-France.jpg 500w, https:\/\/claudinemarichal.be\/wp-content\/uploads\/2019\/09\/arnaque-climat-Ouest-France-300x218.jpg 300w\" sizes=\"auto, (max-width: 500px) 100vw, 500px\" \/><\/a><\/p>\n<p><br style=\"clear: both;\"><br style=\"clear: both;\"><br style=\"clear: both;\"><strong>On nous prend vraiment pour des abrutis ! <\/strong> (juin 2024)<\/p>\n<p>Pour expliquer les temp\u00e9ratures sous les moyennes saisonni\u00e8res en Europe et ailleurs, les \u00ab\u00a0experts\u00a0\u00bb climatiques ont une explication. \ud83e\udd21<\/p>\n<p><img loading=\"lazy\" decoding=\"async\" class=\"alignnone wp-image-6454 size-full\" src=\"https:\/\/claudinemarichal.be\/wp-content\/uploads\/2019\/09\/arnaque-climat-Washington-Post.jpg\" alt=\"\" width=\"500\" height=\"598\" srcset=\"https:\/\/claudinemarichal.be\/wp-content\/uploads\/2019\/09\/arnaque-climat-Washington-Post.jpg 500w, https:\/\/claudinemarichal.be\/wp-content\/uploads\/2019\/09\/arnaque-climat-Washington-Post-251x300.jpg 251w\" sizes=\"auto, (max-width: 500px) 100vw, 500px\" \/><br \/>\nSource : <a href=\"https:\/\/www.msn.com\/en-us\/weather\/topstories\/we-ve-been-accidentally-cooling-the-planet-and-it-s-about-to-stop\/ar-BB1oQVS3\" target=\"_blank\" rel=\"noopener\">https:\/\/www.msn.com\/en-us\/weather\/topstories\/we-ve-been-accidentally-cooling-the-planet-and-it-s-about-to-stop\/ar-BB1oQVS3<\/a><\/p>\n<p><br style=\"clear: both;\"><br style=\"clear: both;\"><br style=\"clear: both;\"><\/p>\n<p><strong>\u00ab\u00a0Sauver la plan\u00e8te\u00a0\u00bb en la d\u00e9truisant !<\/strong><\/p>\n<p>(C&rsquo;\u00e9tait en 2023, sous Biden)<br \/>\n<img loading=\"lazy\" decoding=\"async\" class=\"alignnone wp-image-5875 size-full\" src=\"https:\/\/claudinemarichal.be\/wp-content\/uploads\/2019\/09\/arnaque-climat-rayons-soleil.jpg\" alt=\"\" width=\"500\" height=\"645\" srcset=\"https:\/\/claudinemarichal.be\/wp-content\/uploads\/2019\/09\/arnaque-climat-rayons-soleil.jpg 500w, https:\/\/claudinemarichal.be\/wp-content\/uploads\/2019\/09\/arnaque-climat-rayons-soleil-233x300.jpg 233w\" sizes=\"auto, (max-width: 500px) 100vw, 500px\" \/><\/p>\n<p><br style=\"clear: both;\"><br style=\"clear: both;\"><br style=\"clear: both;\"><strong>Mais oui, mais oui <span style=\"font-size: 24px;\">&nbsp;<\/span>!&nbsp;<\/strong><\/p>\n<p><img loading=\"lazy\" decoding=\"async\" class=\"alignnone wp-image-6741 size-full\" src=\"https:\/\/claudinemarichal.be\/wp-content\/uploads\/2019\/09\/Le-Monde-1.jpg\" alt=\"\" width=\"500\" height=\"556\" srcset=\"https:\/\/claudinemarichal.be\/wp-content\/uploads\/2019\/09\/Le-Monde-1.jpg 500w, https:\/\/claudinemarichal.be\/wp-content\/uploads\/2019\/09\/Le-Monde-1-270x300.jpg 270w\" sizes=\"auto, (max-width: 500px) 100vw, 500px\" \/><\/p>\n<p><br style=\"clear: both;\"><br style=\"clear: both;\"><br style=\"clear: both;\"><\/p>\n<p><img loading=\"lazy\" decoding=\"async\" class=\"alignnone wp-image-6813 size-full\" src=\"https:\/\/claudinemarichal.be\/wp-content\/uploads\/2019\/09\/arnaque-climat-se-rechauffe.jpg\" alt=\"\" width=\"500\" height=\"711\" srcset=\"https:\/\/claudinemarichal.be\/wp-content\/uploads\/2019\/09\/arnaque-climat-se-rechauffe.jpg 500w, https:\/\/claudinemarichal.be\/wp-content\/uploads\/2019\/09\/arnaque-climat-se-rechauffe-211x300.jpg 211w\" sizes=\"auto, (max-width: 500px) 100vw, 500px\" \/><\/p>\n<p><br style=\"clear: both;\"><br style=\"clear: both;\"><br style=\"clear: both;\"><\/p>\n<p><img loading=\"lazy\" decoding=\"async\" class=\"alignnone wp-image-6053 size-full\" src=\"https:\/\/claudinemarichal.be\/wp-content\/uploads\/2019\/09\/arnaque-climat-vaches-et-panneaux.jpg\" alt=\"\" width=\"500\" height=\"649\" srcset=\"https:\/\/claudinemarichal.be\/wp-content\/uploads\/2019\/09\/arnaque-climat-vaches-et-panneaux.jpg 500w, https:\/\/claudinemarichal.be\/wp-content\/uploads\/2019\/09\/arnaque-climat-vaches-et-panneaux-231x300.jpg 231w\" sizes=\"auto, (max-width: 500px) 100vw, 500px\" \/><\/p>\n<p><br style=\"clear: both;\"><br style=\"clear: both;\"><br style=\"clear: both;\"><\/p>\n<p><strong>\u00ab\u00a0Sauver la plan\u00e8te\u00a0\u00bb en d\u00e9truisant notre production d&rsquo;oxyg\u00e8ne ! Ils sont fous !<\/strong><\/p>\n<p>Un projet financ\u00e9 par Bill Gates promet d\u2019\u00e9liminer les \u00ab \u00e9missions de carbone \u00bb de l\u2019atmosph\u00e8re terrestre en abattant des arbres et en les enfouissant sous terre.<br \/>\nCette op\u00e9ration entra\u00eenera l\u2019abattage de 70 millions d\u2019hectares de for\u00eats, principalement dans l\u2019ouest des \u00c9tats-Unis.<br \/>\nSelon les organisateurs du projet, les \u00ab scientifiques \u00bb affirment que \u00ab l\u2019enfouissement des arbres peut r\u00e9duire le r\u00e9chauffement de la plan\u00e8te \u00bb.<br \/>\nKodama affirme que l\u2019enfouissement des arbres les emp\u00eachera de \u00ab rejeter \u00bb du carbone dans l\u2019air.<br \/>\nLes arbres seront enterr\u00e9s au lieu d\u2019\u00eatre utilis\u00e9s \u00e0 des fins conventionnelles, comme le bois d\u2019\u0153uvre pour la construction de logements.<\/p>\n<p><a href=\"https:\/\/www.aubedigitale.com\/bill-gates-lance-un-plan-pour-sauver-la-planete-du-changement-climatique-en-abattant-des-millions-darbres\/\" target=\"_blank\" rel=\"noopener\">https:\/\/www.aubedigitale.com\/bill-gates-lance-un-plan-pour-sauver-la-planete-du-changement-climatique-en-abattant-des-millions-darbres\/<br \/>\n<\/a><a href=\"https:\/\/www.aubedigitale.com\/bill-gates-lance-un-plan-pour-sauver-la-planete-du-changement-climatique-en-abattant-des-millions-darbres\/\" target=\"_blank\" rel=\"noopener\"><img loading=\"lazy\" decoding=\"async\" class=\"alignnone wp-image-6069 size-full\" src=\"https:\/\/claudinemarichal.be\/wp-content\/uploads\/2019\/09\/arnaque-climat-arbres-2.jpg\" alt=\"\" width=\"500\" height=\"313\" srcset=\"https:\/\/claudinemarichal.be\/wp-content\/uploads\/2019\/09\/arnaque-climat-arbres-2.jpg 500w, https:\/\/claudinemarichal.be\/wp-content\/uploads\/2019\/09\/arnaque-climat-arbres-2-300x188.jpg 300w\" sizes=\"auto, (max-width: 500px) 100vw, 500px\" \/><\/a><\/p>\n<p><br style=\"clear: both;\"><br style=\"clear: both;\"><br style=\"clear: both;\"><strong>Pas de crise climatique en Arabie Saoudite ! \ud83d\ude02<\/strong><\/p>\n<p><img loading=\"lazy\" decoding=\"async\" class=\"alignnone wp-image-7370 size-full\" src=\"https:\/\/claudinemarichal.be\/wp-content\/uploads\/2019\/09\/Arabie-Saoudite.jpg\" alt=\"\" width=\"500\" height=\"487\" srcset=\"https:\/\/claudinemarichal.be\/wp-content\/uploads\/2019\/09\/Arabie-Saoudite.jpg 500w, https:\/\/claudinemarichal.be\/wp-content\/uploads\/2019\/09\/Arabie-Saoudite-300x292.jpg 300w\" sizes=\"auto, (max-width: 500px) 100vw, 500px\" \/><\/p>\n<p><br style=\"clear: both;\"><br style=\"clear: both;\"><br style=\"clear: both;\"><img loading=\"lazy\" decoding=\"async\" class=\"alignnone wp-image-5432 size-full\" src=\"https:\/\/claudinemarichal.be\/wp-content\/uploads\/2019\/09\/arnaque-climat-pays-qui-interdisent-moteurs.jpg\" alt=\"\" width=\"500\" height=\"471\" srcset=\"https:\/\/claudinemarichal.be\/wp-content\/uploads\/2019\/09\/arnaque-climat-pays-qui-interdisent-moteurs.jpg 500w, https:\/\/claudinemarichal.be\/wp-content\/uploads\/2019\/09\/arnaque-climat-pays-qui-interdisent-moteurs-300x283.jpg 300w\" sizes=\"auto, (max-width: 500px) 100vw, 500px\" \/><br \/>\n<br style=\"clear: both;\"><br style=\"clear: both;\"><br style=\"clear: both;\"><img loading=\"lazy\" decoding=\"async\" class=\"alignnone wp-image-3768 size-full\" src=\"https:\/\/claudinemarichal.be\/wp-content\/uploads\/2023\/02\/manip-climat-image.jpg\" alt=\"\" width=\"500\" height=\"577\" srcset=\"https:\/\/claudinemarichal.be\/wp-content\/uploads\/2023\/02\/manip-climat-image.jpg 500w, https:\/\/claudinemarichal.be\/wp-content\/uploads\/2023\/02\/manip-climat-image-260x300.jpg 260w\" sizes=\"auto, (max-width: 500px) 100vw, 500px\" \/><br \/>\n<br style=\"clear: both;\"><br style=\"clear: both;\"><br style=\"clear: both;\"><\/p>\n<p><img loading=\"lazy\" decoding=\"async\" class=\"alignnone wp-image-5364 size-full\" src=\"https:\/\/claudinemarichal.be\/wp-content\/uploads\/2019\/09\/arnaque-climat-soleil.jpg\" alt=\"\" width=\"500\" height=\"683\" srcset=\"https:\/\/claudinemarichal.be\/wp-content\/uploads\/2019\/09\/arnaque-climat-soleil.jpg 500w, https:\/\/claudinemarichal.be\/wp-content\/uploads\/2019\/09\/arnaque-climat-soleil-220x300.jpg 220w\" sizes=\"auto, (max-width: 500px) 100vw, 500px\" \/><br \/>\n<br style=\"clear: both;\"><br style=\"clear: both;\"><br style=\"clear: both;\"><strong>&#8212; Retour \u00e0 la rubrique <a href=\"https:\/\/claudinemarichal.be\/?page_id=3539\">\u00ab\u00a0Se r\u00e9veiller\u00a0\u00bb<\/a> &#8212;<\/strong><br \/>\n<em>Tous les articles se trouvent en dessous du texte.<\/em><\/p>\n","protected":false},"excerpt":{"rendered":"<p>Une image vaut mille mots ! ARR\u00caTEZ de dire \u00ab\u00a0changement climatique\u00a0\u00bb&nbsp; ou \u00ab\u00a0crise climatique\u00a0\u00bb ; appelez ce ph\u00e9nom\u00e8ne par son nom : \u00ab\u00a0la pulv\u00e9risation de m\u00e9taux lourds dans l&rsquo;atmosph\u00e8re qui empoisonne la population et l&rsquo;environnement\u00a0\u00bb. Les taux de cancer montent en fl\u00e8che. -&gt; Contr\u00f4le du climat et contr\u00f4le mental : &nbsp; &nbsp; &nbsp; &nbsp;-&gt; Chemtrails &nbsp; &nbsp; &nbsp; &nbsp;-&gt; HAARP \u00ab Il n\u2019y a pas de crise climatique \u00bb : l\u2019Association des r\u00e9alistes climatiques affirme \u00e0 Madrid disposer de preuves qui contredisent l\u2019alarmisme (novembre 2025) L\u2019Association des R\u00e9alistes Climatiques (ARC) a tenu le 15\u202fnovembre dernier sa premi\u00e8re journ\u00e9e \u00ab\u202fChangement climatique et soci\u00e9t\u00e9\u202f\u00bb \u00e0 l\u2019Universit\u00e9 Francisco\u202fMarroqu\u00edn de Madrid. L\u2019\u00e9v\u00e9nement, organis\u00e9 par un collectif de climatologues, m\u00e9t\u00e9orologues, g\u00e9ologues, biologistes, chimistes et ing\u00e9nieurs, visait \u00e0 contrer ce qu\u2019ils qualifient d\u2019\u00ab\u202falarmisme injustifi\u00e9\u202f\u00bb gr\u00e2ce \u00e0 une preuve scientifique rigoureuse. [&#8230;] L\u2019ARC souligne que l\u2019impact r\u00e9el que le CO\u2082 exerce sur le climat demeure inconnu et affirme que nos \u00e9missions de ce gaz \u00ab\u202fsont assur\u00e9ment la chose la plus positive que l\u2019humanit\u00e9 ait faite pour l\u2019environnement depuis toujours\u202f\u00bb, car elles provoquent une expansion sans pr\u00e9c\u00e9dent du couvert v\u00e9g\u00e9tal observ\u00e9e par les satellites de la NASA. https:\/\/www.epochtimes.fr\/il-ny-a-pas-de-crise-climatique-lassociation-des-realistes-climatiques-affirme-a-madrid-disposer-de-preuves-qui-contredisent-lalarmisme-3115885.html Bertrand Alliot : \u00ab Il y a un \u00e9puisement du r\u00e9cit catastrophiste climatique \u00bb (novembre 2025) Dans cet entretien, Bertrand Alliot revient sur la 30e \u00e9dition de la Conf\u00e9rence des Nations Unies sur le climat, ou COP30, qui s\u2019est d\u00e9roul\u00e9e \u00e0 Bel\u00e9m au Br\u00e9sil du 10 au 21 novembre, la prise de parole du chef d\u2019\u00c9tat br\u00e9silien \u00e0 l\u2019ouverture de l\u2019\u00e9v\u00e8nement et les r\u00e9centes prises de position de Bill Gates sur le r\u00e9chauffement climatique, interpr\u00e9t\u00e9es par certains comme une volte-face id\u00e9ologique. \u00ab Nous sommes en plein dans l\u2019alarmisme climatique \u00bb. Lors du discours d\u2019ouverture de la COP30, le pr\u00e9sident br\u00e9silien, Luiz In\u00e1cio Lula da Silva a d\u00e9clar\u00e9 qu\u2019il est temps d\u2019\u00ab infliger une nouvelle d\u00e9faite aux n\u00e9gationnistes [du climat] \u00bb avant d\u2019ajouter que \u00ab nous allons dans la bonne direction, mais \u00e0 la mauvaise vitesse.\u00bb Pour l\u2019environnementaliste, le pr\u00e9sident br\u00e9silien a fait une d\u00e9monstration d\u2019\u00ab alarmisme climatique. \u00bb \u00ab Nous sommes en plein dans l\u2019alarmisme climatique. Et quoi qu\u2019il arrive, ce type de discours est consubstantiel aux COP \u00bb, note Bertrand Alliot, avant d\u2019ajouter que \u00ab si ces conf\u00e9rences n\u2019\u00e9taient pas alarmistes, plus aucun chef d\u2019\u00c9tat ne s\u2019y rendrait. \u00bb La fin d\u2019un narratif Cependant, l\u2019auteur de Comprendre l\u2019incroyable \u00e9cologie, estime que le narratif \u00e9cologiste traditionnel est \u00e0 bout de souffle. \u00ab Il y a un \u00e9puisement du r\u00e9cit climatique catastrophiste \u00bb, d\u00e9clare Bertrand Alliot. Le milliardaire am\u00e9ricain, Bill Gates, a d\u2019ailleurs publi\u00e9 une note le 28 octobre sur son site dont le contenu en a surpris plus d\u2019un. \u00ab Le changement climatique ne va pas entra\u00eener l\u2019extinction de l\u2019humanit\u00e9 \u00bb, a-t-il \u00e9crit tout en d\u00e9plorant la \u00ab vision apocalyptique \u00bb du r\u00e9chauffement climatique. Pour le porte-parole d\u2019Action \u00c9cologie, ces \u00ab prises de position vont se multiplier puisque le narratif catastrophiste se d\u00e9fait sous nos yeux.\u00bb https:\/\/www.epochtimes.fr\/epoch-tv\/epoch-tv\/bertrand-alliot-il-y-a-un-epuisement-du-recit-catastrophiste-climatique-a3112644.html Climat: le film (Climat : The Movie) (mars 2024) Ce film expose l\u2019alarme climatique comme une frayeur invent\u00e9e sans aucun fondement scientifique. Cela montre que les \u00e9tudes traditionnelles et les donn\u00e9es officielles ne soutiennent pas l\u2019affirmation selon laquelle nous assistons \u00e0 une augmentation des \u00e9v\u00e9nements m\u00e9t\u00e9orologiques extr\u00eames \u2013 ouragans, s\u00e9cheresses, vagues de chaleur, incendies de for\u00eat et tout le reste. Cela contredit cat\u00e9goriquement l\u2019affirmation selon laquelle les temp\u00e9ratures et les niveaux actuels de CO\u2082 atmosph\u00e9rique sont inhabituels ou inqui\u00e9tants. Au contraire, par rapport au dernier demi-milliard d\u2019ann\u00e9es de l\u2019histoire terrestre, les temp\u00e9ratures actuelles et les niveaux de CO\u2082 sont extr\u00eamement et inhabituellement bas. Nous sommes actuellement dans une p\u00e9riode glaciaire. Cela montre \u00e9galement qu\u2019il n\u2019existe aucune preuve que l\u2019\u00e9volution des niveaux de CO\u2082 (ils ont chang\u00e9 \u00e0 plusieurs reprises) a jamais \u00ab entra\u00een\u00e9 \u00bb le changement climatique dans le pass\u00e9. Pourquoi alors nous r\u00e9p\u00e8te-t-on, sans cesse, que le \u00ab changement climatique catastrophique provoqu\u00e9 par l\u2019homme \u00bb est un fait irr\u00e9futable ? Pourquoi nous dit-on qu\u2019il n\u2019y a aucune preuve qui le contredit ? Pourquoi dit-on, que quiconque, qui remet en question le \u00ab chaos climatique \u00bb est un \u00ab platiste \u00bb et un \u00ab n\u00e9gationniste de la science \u00bb ? Le film explore la nature du consensus derri\u00e8re le changement climatique. Il d\u00e9crit les origines du mouvement de financement climatique et la mont\u00e9e en puissance d\u2019une l\u2019industrie climatique, pesant des billions de dollars. Il d\u00e9crit les centaines de milliers d\u2019emplois qui d\u00e9pendent de la crise climatique. Cela explique l\u2019\u00e9norme pression exerc\u00e9e sur les scientifiques et autres pour qu\u2019ils ne remettent pas en question l\u2019alarme climatique : retrait des fonds, rejet par les revues scientifiques, ostracisme social. Mais l\u2019alarme climatique est bien plus qu\u2019un mouvement de financement et d\u2019emploi. Le film explore la politique du climat. D\u00e8s le d\u00e9but, la peur climatique \u00e9tait politique. Le coupable \u00e9tait le capitalisme industriel de libre march\u00e9. La solution \u00e9tait des imp\u00f4ts plus \u00e9lev\u00e9s et davantage de r\u00e9glementation. D\u00e8s le d\u00e9but, l\u2019alarme climatique a s\u00e9duit, et a \u00e9t\u00e9 adopt\u00e9e et promue par, les groupes favorables \u00e0 un gouvernement plus important. C\u2019est une division politique tacite qui se cache derri\u00e8re l\u2019alarme climatique. La peur du climat s\u00e9duit particuli\u00e8rement tous les membres de l\u2019establishment tentaculaire financ\u00e9 par l\u2019\u00c9tat. Cela inclut l\u2019intelligentsia occidentale largement financ\u00e9e par l\u2019\u00c9tat, pour qui le climat est devenu une cause morale. Dans ces cercles, critiquer ou remettre en question l\u2019alarme climatique est devenu une violation d\u2019\u00e9tiquette sociale. Le film comprend des entretiens avec un certain nombre de scientifiques de renom, dont le professeur Steven Koonin (auteur de \u00ab Unsettled \u00bb, ancien doyen et vice-pr\u00e9sident de Caltech), le professeur Dick Lindzen (ancien professeur de m\u00e9t\u00e9orologie \u00e0 Harvard et au MIT), le professeur Will Happer (professeur de physique \u00e0 Princeton), Dr John Clauser (laur\u00e9at du prix Nobel de physique en 2022), professeur Nir Shaviv (Institut de physique de Racah), professeur Ross McKitrick (Universit\u00e9 de Guelph), Dr Willie Soon et plusieurs autres. Le film a \u00e9t\u00e9 \u00e9crit et r\u00e9alis\u00e9 par le cin\u00e9aste britannique Martin Durkin, et est la suite de son excellent documentaire de 2007 \u00ab The Great Global Warming Swindle. \u00bb Tom Nelson, un podcasteur qui examine en profondeur les questions du d\u00e9bat climatique, depuis pr\u00e8s de deux d\u00e9cennies, a produit le film. https:\/\/www.youtube.com\/watch?v=zmfRG8-RHEI JPMorgan et State Street se retirent de Climate Action 100+, BlackRock fait marche arri\u00e8re (f\u00e9vrier 2024) Sentent-ils le vent tourner ? https:\/\/www.reuters.com\/sustainability\/sustainable-finance-reporting\/jpmorgan-fund-arm-quits-climate-action-100-investor-group-2024-02-15\/ https:\/\/www.novethic.fr\/finance-durable\/engagement-actionnarial\/jp-morgan-state-street-et-blackrock-prennent-leurs-distances-avec-climate-action-100 Des m\u00e9t\u00e9orologues et des scientifiques r\u00e9cusent l\u2019id\u00e9e d\u2019urgence climatique (septembre 2023) \u00ab\u00a0Il n\u2019y a pas d\u2019urgence climatique : les messages alarmistes v\u00e9hicul\u00e9s par les \u00e9lites mondiales sont purement politiques. Voil\u00e0 en substance ce qu\u2019avancent 1.609 scientifiques et professionnels de renom dans leur \u00ab D\u00e9claration mondiale sur le climat \u00bb du Global Climate Intelligence Group (GCIG). \u00ab La science du climat devrait \u00eatre moins politique, et les politiques climatiques devraient \u00eatre plus scientifiques \u00bb, commence la d\u00e9claration. \u00ab Les scientifiques devraient aborder ouvertement la question des incertitudes et des exag\u00e9rations dans leurs pr\u00e9visions du r\u00e9chauffement climatique, et les hommes politiques devraient \u00eatre en mesure de chiffrer sans passion les co\u00fbts r\u00e9els et les avantages imaginaires des mesures qu\u2019ils proposent \u00bb. Le groupe se d\u00e9finit comme \u00e9tant ind\u00e9pendant et un \u00ab chien de garde du climat \u00bb, fond\u00e9 en 2019 par Guus Berkhout, professeur \u00e9m\u00e9rite de g\u00e9ophysique, et Marcel Crok, un journaliste scientifique. Selon son site web, l\u2019objectif de l\u2019organisation est de \u00ab produire des donn\u00e9es et de d\u00e9velopper une [r\u00e9elle] compr\u00e9hension des causes et des effets du changement climatique et des effets de la politique climatique. \u00bb Dans cette optique, ils veulent se concentrer sur les faits et leurs recherches scientifiques doivent \u00eatre objectives. Parmi les signataires de la d\u00e9claration figurent notamment des laur\u00e9ats du prix Nobel, des physiciens, des m\u00e9t\u00e9orologues, des professeurs et des sp\u00e9cialistes de l\u2019environnement du monde entier. Les signataires qu\u2019Epoch Times a pu interroger sont cat\u00e9goriques\u202f: cette id\u00e9e \u00ab d\u2019urgence climatique \u00bb est ridicule.\u00a0\u00bb https:\/\/www.epochtimes.fr\/des-meteorologues-et-des-scientifiques-expliquent-quil-ny-a-pas-durgence-climatique-2426407.html L&rsquo;arnaque climatique, par Tucker Carlson (ex-pr\u00e9sentateur sur Fox News) &nbsp;(traduit par Nostradamart) Tucker Carlson (le journaliste le plus \u00e9cout\u00e9 aux Etats-Unis) revient sur les mensonges auxquels de soi-disant experts nous ont fait croire depuis des d\u00e9cennies. On est pass\u00e9 de pr\u00e9dictions en 1969 d&rsquo;une future \u00e8re glaciaire annonc\u00e9e pour le 1er tiers du 21e si\u00e8cle \u00e0 celles, au d\u00e9but des ann\u00e9es 80&prime;, d&rsquo;un r\u00e9chauffement climatique, et, comme le niveau des mers n\u2019avait pas augment\u00e9 et que toutes les grandes villes n\u2019\u00e9taient pas englouties en 2000, on a commenc\u00e9 \u00e0 parler de changement climatique. Il se marre bien, Tucker Carlson, et nous aussi ! https:\/\/reinfovf.com\/video\/17201\/tucker_carlson_-_l_arnaque_climatique_ \u00ab\u00a0Il est un fait av\u00e9r\u00e9 que le CO2 est un bienfait, car c\u2019est la nourriture indispensable et irrempla\u00e7able de la v\u00e9g\u00e9tation. Sans gaz carbonique, nous n\u2019aurions plus de v\u00e9g\u00e9tation et la plan\u00e8te mourrait.\u00a0\u00bb &#8211; Professeur Fran\u00e7ois Gervais, directeur de recherche au CNRS, qui a&nbsp;publi\u00e9 un livre explosif :&nbsp; \u00ab\u00a0L\u2019urgence climatique est un leurre\u00a0\u00bb. CO\u00b2 dans l&rsquo;atmosph\u00e8re Repr\u00e9sentation visuelle du coupable des variations du climat depuis 200 ans. Le petit carr\u00e9 blanc dans le carr\u00e9 vert correspond au CO\u00b2 d&rsquo;origine humaine. Voici la raison pour laquelle vous allez payer une taxe carbone, sur les voitures, l&rsquo;essence, la viande, etc. ! Le CO2 ne peut pas causer de changement de temp\u00e9rature ! Les temp\u00e9ratures augmentent ou diminuent, puis quelques si\u00e8cles plus tard, le taux de CO2 les suit. Ces forages en Arctique prouvent que l&rsquo;hypoth\u00e8se de la th\u00e9orie du changement climatique d\u00fb \u00e0 l&rsquo;homme est fausse ! https:\/\/x.com\/dragonduclos\/status\/1847747595155739028 Nous sommes le carbone qu&rsquo;ils veulent r\u00e9duire ! En moins de deux minutes, le journaliste prim\u00e9 Alex Newman fournit un r\u00e9sum\u00e9 parfait de l&rsquo;escroquerie climatique : \u00ab\u00a0L&rsquo;id\u00e9e que le CO2 est une pollution est absolument absurde. L&rsquo;id\u00e9e que \u00e7a va d\u00e9truire la plan\u00e8te ou changer la temp\u00e9rature de la Terre est totalement absurde. \u00ab\u00a0Mais d&rsquo;un point de vue totalitaire, si vous pouvez convaincre les gens que le CO2 est une pollution, il n&rsquo;y a aucune activit\u00e9 humaine qui n&rsquo;entra\u00eene pas d&rsquo;\u00e9missions de CO2, que ce soit vivre, mourir ou allumer un interrupteur. \u00ab\u00a0Si nous acceptons l&rsquo;id\u00e9e que le CO2 est une pollution, alors chaque aspect de notre vie est soumis au contr\u00f4le r\u00e9glementaire des personnes qui pr\u00e9tendent nous prot\u00e9ger de la pollution.\u00a0\u00bb https:\/\/x.com\/wideawake_media\/status\/1820060945940349249 Question de bon sens concernant le CO2 ! https:\/\/www.naturalnews.com\/040890_greenhouses_carbon_dioxide_generators_plant_growth.html Le \u00ab\u00a0changement climatique\u00a0\u00bb des mondialistes est une \u00ab\u00a0arnaque\u00a0\u00bb avoue le fondateur de Greenpeace ! https:\/\/rumble.com\/v1lnvkt-le-changement-climatique-des-mondialistes-est-une-arnaque-dixit-le-fondateu.html Climat 101, 102 et 103 : webjournaux de Radio Qu\u00e9bec https:\/\/rumble.com\/v1meg8i-climat-101-les-incohrences.html &#8211; (2 octobre 2022) https:\/\/rumble.com\/v2cty8w-march-12-2023.html &#8211; (12 mars 2023) https:\/\/odysee.com\/@didchay:f\/evKQn.gaa.rec:5 &#8211; (29 octobre 2023) Les param\u00e8tres de Milancovic expliquent les changements climatiques \u00ab\u00a0Les cycles de Milankovitch permettent d&rsquo;expliquer les variations climatiques sur les longues p\u00e9riodes. Ils correspondent aux variations du volume des glaces polaires et donc aux variations du niveau de la mer. Durant les derniers 2,6 millions d&rsquo;ann\u00e9es (\u00e8re quaternaire) on observe de grandes amplitudes, avec une p\u00e9riode de 100 000 ans tr\u00e8s marqu\u00e9e, li\u00e9es aux param\u00e8tres de Milutin Milankovi\u0107 (1879-1958). Les 3 cycles couvrent des p\u00e9riodes de \u224825 000, \u224841 000 et \u2248100 000 ans. &#8211; L&rsquo;excentricit\u00e9 d\u00e9finit la forme de l&rsquo;orbite de la Terre autour du Soleil. Elle caract\u00e9rise le degr\u00e9 d&rsquo;aplatissement de l&rsquo;ellipse par rapport \u00e0 un cercle. L&rsquo;excentricit\u00e9 actuellement tr\u00e8s faible est \u00e9gale \u00e0 0,017. Elle varie entre 0 (cercle) et 0,06 sous l&rsquo;influence de deux cycles de 100 000 et de 400 000 ans d\u00e9pendant de la position des autres plan\u00e8tes du syst\u00e8me solaire. &#8211; L&rsquo;obliquit\u00e9 est l&rsquo;inclinaison de l&rsquo;axe de rotation de la Terre par rapport \u00e0 l&rsquo;\u00e9cliptique. C&rsquo;est l&rsquo;angle entre l&rsquo;axe de rotation et la perpendiculaire du plan orbital (actuellement 23,5\u00b0). \u00c0 cause des perturbations plan\u00e9taires, l&rsquo;inclinaison du plan orbital de la Terre \u00e9volue et oscille entre 24,5\u00b0 et 22\u00b0 sur une p\u00e9riode d&rsquo;environ 41 000 ans. De plus cette oscillation de l&rsquo;axe d\u00e9crit la surface d&rsquo;un c\u00f4ne \u00e0 la mani\u00e8re de l&rsquo;axe d&rsquo;une toupie tournant autour de la verticale. L&rsquo;axe de la Terre d\u00e9crit un c\u00f4ne complet tous les 26 000 ans environ. &#8211; La pr\u00e9cession des \u00e9quinoxes est li\u00e9e \u00e0 l&rsquo;oscillation de l&rsquo;axe de la Terre. Actuellement le solstice d&rsquo;\u00e9t\u00e9 dans l&rsquo;h\u00e9misph\u00e8re Nord a lieu \u00e0 proximit\u00e9 de l&rsquo;aph\u00e9lie, ainsi les \u00e9t\u00e9s sont temp\u00e9r\u00e9s et les hivers moins froids. Il y a environ 12 000&#8230;<\/p>\n","protected":false},"author":1,"featured_media":5139,"comment_status":"open","ping_status":"open","sticky":false,"template":"","format":"standard","meta":{"ngg_post_thumbnail":0,"footnotes":""},"categories":[145],"tags":[155,167,168,166,150],"class_list":["post-3640","post","type-post","status-publish","format-standard","has-post-thumbnail","hentry","category-se-reveiller","tag-arnaque","tag-climat","tag-co2","tag-giec","tag-manipulation"],"acf":[],"_links":{"self":[{"href":"https:\/\/claudinemarichal.be\/index.php?rest_route=\/wp\/v2\/posts\/3640","targetHints":{"allow":["GET"]}}],"collection":[{"href":"https:\/\/claudinemarichal.be\/index.php?rest_route=\/wp\/v2\/posts"}],"about":[{"href":"https:\/\/claudinemarichal.be\/index.php?rest_route=\/wp\/v2\/types\/post"}],"author":[{"embeddable":true,"href":"https:\/\/claudinemarichal.be\/index.php?rest_route=\/wp\/v2\/users\/1"}],"replies":[{"embeddable":true,"href":"https:\/\/claudinemarichal.be\/index.php?rest_route=%2Fwp%2Fv2%2Fcomments&post=3640"}],"version-history":[{"count":119,"href":"https:\/\/claudinemarichal.be\/index.php?rest_route=\/wp\/v2\/posts\/3640\/revisions"}],"predecessor-version":[{"id":8269,"href":"https:\/\/claudinemarichal.be\/index.php?rest_route=\/wp\/v2\/posts\/3640\/revisions\/8269"}],"wp:featuredmedia":[{"embeddable":true,"href":"https:\/\/claudinemarichal.be\/index.php?rest_route=\/wp\/v2\/media\/5139"}],"wp:attachment":[{"href":"https:\/\/claudinemarichal.be\/index.php?rest_route=%2Fwp%2Fv2%2Fmedia&parent=3640"}],"wp:term":[{"taxonomy":"category","embeddable":true,"href":"https:\/\/claudinemarichal.be\/index.php?rest_route=%2Fwp%2Fv2%2Fcategories&post=3640"},{"taxonomy":"post_tag","embeddable":true,"href":"https:\/\/claudinemarichal.be\/index.php?rest_route=%2Fwp%2Fv2%2Ftags&post=3640"}],"curies":[{"name":"wp","href":"https:\/\/api.w.org\/{rel}","templated":true}]}}