{"id":3520,"date":"2022-10-09T14:37:49","date_gmt":"2022-10-09T12:37:49","guid":{"rendered":"https:\/\/claudinemarichal.be\/?p=3520"},"modified":"2023-01-16T15:07:26","modified_gmt":"2023-01-16T14:07:26","slug":"blouse-a-basque","status":"publish","type":"post","link":"https:\/\/claudinemarichal.be\/?p=3520","title":{"rendered":"Blouse \u00e0 basque"},"content":{"rendered":"<p>Pour la f\u00eate du R\u00e9veillon 2022-23 j&rsquo;ai r\u00e9alis\u00e9 une blouse \u00e0 basque \u00e0 partir d&rsquo;un mod\u00e8le de robe. J&rsquo;ai trouv\u00e9 ce magnifique tissu ferme et un peu raide chez Mondial Tissus \u00e0 Braine-l&rsquo;Alleud.<\/p>\n<p>Si je devais la recommencer, je descendrais la ligne de la taille \u00e0 la taille. Elle est plus haute de 3 cm au moins et c&rsquo;est dommage. Je la r\u00e9tr\u00e9cirais \u00e9galement au niveau de la taille. Je flottais un peu dedans. Mais bon, elle fait bel effet quand m\u00eame.<\/p>\n<p><img loading=\"lazy\" decoding=\"async\" class=\"alignnone wp-image-3521 size-full\" src=\"https:\/\/claudinemarichal.be\/wp-content\/uploads\/2023\/01\/Blouse-fete-1.jpg\" alt=\"\" width=\"665\" height=\"1000\" srcset=\"https:\/\/claudinemarichal.be\/wp-content\/uploads\/2023\/01\/Blouse-fete-1.jpg 665w, https:\/\/claudinemarichal.be\/wp-content\/uploads\/2023\/01\/Blouse-fete-1-200x300.jpg 200w\" sizes=\"auto, (max-width: 665px) 100vw, 665px\" \/> <img loading=\"lazy\" decoding=\"async\" class=\"alignnone wp-image-3522 size-full\" src=\"https:\/\/claudinemarichal.be\/wp-content\/uploads\/2023\/01\/Blouse-fete-2.jpg\" alt=\"\" width=\"665\" height=\"1000\" srcset=\"https:\/\/claudinemarichal.be\/wp-content\/uploads\/2023\/01\/Blouse-fete-2.jpg 665w, https:\/\/claudinemarichal.be\/wp-content\/uploads\/2023\/01\/Blouse-fete-2-200x300.jpg 200w\" sizes=\"auto, (max-width: 665px) 100vw, 665px\" \/><\/p>\n<p>Et voici le mod\u00e8le de robe \u00e0 partir duquel j&rsquo;ai cousu ma blouse. J&rsquo;ai copi\u00e9 le patron du Burda d&rsquo;octobre 2012.<\/p>\n<p><img loading=\"lazy\" decoding=\"async\" class=\"alignnone wp-image-3523 size-full\" src=\"https:\/\/claudinemarichal.be\/wp-content\/uploads\/2023\/01\/Blouse-fete-Burda-oct-2012.jpg\" alt=\"\" width=\"624\" height=\"1000\" srcset=\"https:\/\/claudinemarichal.be\/wp-content\/uploads\/2023\/01\/Blouse-fete-Burda-oct-2012.jpg 624w, https:\/\/claudinemarichal.be\/wp-content\/uploads\/2023\/01\/Blouse-fete-Burda-oct-2012-187x300.jpg 187w\" sizes=\"auto, (max-width: 624px) 100vw, 624px\" \/><\/p>\n","protected":false},"excerpt":{"rendered":"<p>Pour la f\u00eate du R\u00e9veillon 2022-23 j&rsquo;ai r\u00e9alis\u00e9 une blouse \u00e0 basque \u00e0 partir d&rsquo;un mod\u00e8le de robe. J&rsquo;ai trouv\u00e9 ce magnifique tissu ferme et un peu raide chez Mondial Tissus \u00e0 Braine-l&rsquo;Alleud. Si je devais la recommencer, je descendrais la ligne de la taille \u00e0 la taille. Elle est plus haute de 3 cm au moins et c&rsquo;est dommage. Je la r\u00e9tr\u00e9cirais \u00e9galement au niveau de la taille. Je flottais un peu dedans. Mais bon, elle fait bel effet quand m\u00eame. Et voici le mod\u00e8le de robe \u00e0 partir duquel j&rsquo;ai cousu ma blouse. J&rsquo;ai copi\u00e9 le patron du Burda d&rsquo;octobre 2012.<\/p>\n","protected":false},"author":1,"featured_media":0,"comment_status":"open","ping_status":"open","sticky":false,"template":"","format":"standard","meta":{"ngg_post_thumbnail":0,"footnotes":""},"categories":[54],"tags":[],"class_list":["post-3520","post","type-post","status-publish","format-standard","hentry","category-realisations-couture"],"acf":[],"_links":{"self":[{"href":"https:\/\/claudinemarichal.be\/index.php?rest_route=\/wp\/v2\/posts\/3520","targetHints":{"allow":["GET"]}}],"collection":[{"href":"https:\/\/claudinemarichal.be\/index.php?rest_route=\/wp\/v2\/posts"}],"about":[{"href":"https:\/\/claudinemarichal.be\/index.php?rest_route=\/wp\/v2\/types\/post"}],"author":[{"embeddable":true,"href":"https:\/\/claudinemarichal.be\/index.php?rest_route=\/wp\/v2\/users\/1"}],"replies":[{"embeddable":true,"href":"https:\/\/claudinemarichal.be\/index.php?rest_route=%2Fwp%2Fv2%2Fcomments&post=3520"}],"version-history":[{"count":5,"href":"https:\/\/claudinemarichal.be\/index.php?rest_route=\/wp\/v2\/posts\/3520\/revisions"}],"predecessor-version":[{"id":3530,"href":"https:\/\/claudinemarichal.be\/index.php?rest_route=\/wp\/v2\/posts\/3520\/revisions\/3530"}],"wp:attachment":[{"href":"https:\/\/claudinemarichal.be\/index.php?rest_route=%2Fwp%2Fv2%2Fmedia&parent=3520"}],"wp:term":[{"taxonomy":"category","embeddable":true,"href":"https:\/\/claudinemarichal.be\/index.php?rest_route=%2Fwp%2Fv2%2Fcategories&post=3520"},{"taxonomy":"post_tag","embeddable":true,"href":"https:\/\/claudinemarichal.be\/index.php?rest_route=%2Fwp%2Fv2%2Ftags&post=3520"}],"curies":[{"name":"wp","href":"https:\/\/api.w.org\/{rel}","templated":true}]}}