{"id":35,"date":"2019-10-09T20:04:52","date_gmt":"2019-10-09T18:04:52","guid":{"rendered":"http:\/\/127.0.0.1\/?p=35"},"modified":"2023-07-10T23:16:50","modified_gmt":"2023-07-10T21:16:50","slug":"cascade","status":"publish","type":"post","link":"https:\/\/claudinemarichal.be\/?p=35","title":{"rendered":"Cascade et rochers en b\u00e9ton"},"content":{"rendered":"\r\n\r\n\r\n<p>Pour ajouter une touche esth\u00e9tique et zen au <a href=\"https:\/\/claudinemarichal.be\/?page_id=160\">beau bassin d\u2019eau<\/a> que Joaquim a construit, il fallait une fontaine ou une cascadelle, n\u2019est-ce pas ? Quoi de plus apaisant que le son du ruissellement de l\u2019eau ! <br \/><br \/>J\u2019ai donc d\u00e9cid\u00e9 de construire une cascade en b\u00e9ton car dans le commerce les vasques que l\u2019on trouve sont toutes identiques et ont un aspect trop plastique.<br \/><br \/>Voici comment j\u2019ai proc\u00e9d\u00e9.<br \/><br \/>L\u2019emplacement de la cascade tombait sous le sens : au centre et au bout du bassin. Il a fallu pr\u00e9voir un tuyau assez long entre la pompe et la cascade. Le tuyau a \u00e9t\u00e9 enterr\u00e9 tout du long pour ressortir derri\u00e8re la cascade et remonter jusqu\u2019au-dessus de la vasque la plus haute.<br \/><br \/>J\u2019ai ensuite ciment\u00e9 6 blocs de b\u00e9ton ensemble sur le sol pour former le d\u00e9nivel\u00e9.<br \/><br \/>J\u2019ai construit une structure avec du grillage \u00e0 poules pour former les rochers et les vasques.<\/p>\r\n\r\n\r\n\r\n<p><img loading=\"lazy\" decoding=\"async\" class=\"wp-image-271 aligncenter\" src=\"http:\/\/127.0.0.1\/wp-content\/uploads\/2019\/09\/04-2-300x200.jpg\" alt=\"\" width=\"1000\" height=\"665\" srcset=\"https:\/\/claudinemarichal.be\/wp-content\/uploads\/2019\/09\/04-2-300x200.jpg 300w, https:\/\/claudinemarichal.be\/wp-content\/uploads\/2019\/09\/04-2-768x511.jpg 768w, https:\/\/claudinemarichal.be\/wp-content\/uploads\/2019\/09\/04-2-1024x681.jpg 1024w, https:\/\/claudinemarichal.be\/wp-content\/uploads\/2019\/09\/04-2-1140x758.jpg 1140w, https:\/\/claudinemarichal.be\/wp-content\/uploads\/2019\/09\/04-2.jpg 1500w\" sizes=\"auto, (max-width: 1000px) 100vw, 1000px\" \/><\/p>\r\n\r\n\r\n\r\n<p>Les b\u00e9tonner (ciment-sable-gravillons fins) n\u2019a pas \u00e9t\u00e9 une mince affaire, surtout les parois verticales. J\u2019ai d\u00fb proc\u00e9der par bandes en commen\u00e7ant par le bas, attendre que le b\u00e9ton s\u00e8che puis remonter au fur et \u00e0 mesure.<\/p>\r\n\r\n\r\n\r\n<p><img loading=\"lazy\" decoding=\"async\" class=\"wp-image-279 size-full aligncenter\" src=\"http:\/\/127.0.0.1\/wp-content\/uploads\/2019\/09\/04b.jpg\" alt=\"\" width=\"1000\" height=\"665\" srcset=\"https:\/\/claudinemarichal.be\/wp-content\/uploads\/2019\/09\/04b.jpg 1000w, https:\/\/claudinemarichal.be\/wp-content\/uploads\/2019\/09\/04b-300x200.jpg 300w, https:\/\/claudinemarichal.be\/wp-content\/uploads\/2019\/09\/04b-768x511.jpg 768w\" sizes=\"auto, (max-width: 1000px) 100vw, 1000px\" \/><\/p>\r\n\r\n\r\n\r\n<p>Une fois que tous les faux rochers \u00e9taient b\u00e9tonn\u00e9s et secs, j\u2019ai pr\u00e9par\u00e9 un ciment fin, sans gravillons, que j\u2019ai appliqu\u00e9 sur toutes les surfaces. Avant qu\u2019il ne s\u00e8che, j\u2019ai tapot\u00e9 avec une \u00e9ponge pour leur donner un aspect rocher.<\/p>\r\n<p><img loading=\"lazy\" decoding=\"async\" class=\"wp-image-280 size-full aligncenter\" src=\"http:\/\/127.0.0.1\/wp-content\/uploads\/2019\/09\/03-2.jpg\" alt=\"\" width=\"1000\" height=\"665\" srcset=\"https:\/\/claudinemarichal.be\/wp-content\/uploads\/2019\/09\/03-2.jpg 1000w, https:\/\/claudinemarichal.be\/wp-content\/uploads\/2019\/09\/03-2-300x200.jpg 300w, https:\/\/claudinemarichal.be\/wp-content\/uploads\/2019\/09\/03-2-768x511.jpg 768w\" sizes=\"auto, (max-width: 1000px) 100vw, 1000px\" \/><\/p>\r\n\r\n\r\n\r\n\r\n\r\n<p>A l\u2019aide de grillages \u00e0 poules, j\u2019ai fa\u00e7onn\u00e9 les vasques \u00e0 part, que j\u2019ai ensuite b\u00e9tonn\u00e9es s\u00e9par\u00e9ment, d\u2019abord le dessous (en posant des briques \u00e0 l\u2019int\u00e9rieur pour que le creux ne s\u2019affaisse pas), puis je les ai retourn\u00e9es et j\u2019ai b\u00e9tonn\u00e9 les bords et l\u2019int\u00e9rieur.<br \/><br \/>Avant de poser la premi\u00e8re vasque, celle du dessous, Joaquim a for\u00e9 2 trous de 50 cm dans le sol et 2 trous \u00e0 travers le b\u00e9ton dans la vasque m\u00eame. Il a ensuite pli\u00e9 en deux une barre de fer \u00e0 b\u00e9ton de 1 m, qu\u2019il a enfonc\u00e9e dans les trous \u00e0 travers la vasque. Ces trous, dans la vasque et dans le sol, ont \u00e9t\u00e9 ciment\u00e9s. De cette mani\u00e8re, cette vasque, qui penche vers le bassin, est bien arrim\u00e9e.<\/p>\r\n\r\n\r\n\r\n<p>Apr\u00e8s cela, j\u2019ai ciment\u00e9 les 2 autres vasques sur les blocs de b\u00e9ton, dont j\u2019ai masqu\u00e9 les parties visibles avec du b\u00e9ton.<\/p>\r\n\r\n\r\n\r\n<p><img loading=\"lazy\" decoding=\"async\" class=\"wp-image-281 size-full aligncenter\" src=\"http:\/\/127.0.0.1\/wp-content\/uploads\/2019\/09\/05-2.jpg\" alt=\"\" width=\"1000\" height=\"665\" srcset=\"https:\/\/claudinemarichal.be\/wp-content\/uploads\/2019\/09\/05-2.jpg 1000w, https:\/\/claudinemarichal.be\/wp-content\/uploads\/2019\/09\/05-2-300x200.jpg 300w, https:\/\/claudinemarichal.be\/wp-content\/uploads\/2019\/09\/05-2-768x511.jpg 768w\" sizes=\"auto, (max-width: 1000px) 100vw, 1000px\" \/><\/p>\r\n\r\n\r\n\r\n<p>L\u2019int\u00e9rieur des vasques a \u00e9t\u00e9 recouvert de fibre de verre pour les \u00e9tanch\u00e9ifier. Le b\u00e9ton est \u00e9tanche, certes, mais au contact de l\u2019eau en mouvement, il peut s\u2019effriter et charrier des particules nocives pour les poissons et les plantes.\u00a0<br \/><br \/><img loading=\"lazy\" decoding=\"async\" class=\"wp-image-282 size-full aligncenter\" src=\"http:\/\/127.0.0.1\/wp-content\/uploads\/2019\/09\/08-2.jpg\" alt=\"\" width=\"1000\" height=\"665\" srcset=\"https:\/\/claudinemarichal.be\/wp-content\/uploads\/2019\/09\/08-2.jpg 1000w, https:\/\/claudinemarichal.be\/wp-content\/uploads\/2019\/09\/08-2-300x200.jpg 300w, https:\/\/claudinemarichal.be\/wp-content\/uploads\/2019\/09\/08-2-768x511.jpg 768w\" sizes=\"auto, (max-width: 1000px) 100vw, 1000px\" \/><\/p>\r\n\r\n\r\n\r\n<p>Pour compl\u00e9ter le cadre, j\u2019ai am\u00e9nag\u00e9 une butte de terre autour de la cascade, o\u00f9 j\u2019ai plant\u00e9 des vivaces.<\/p>\r\n<p><img loading=\"lazy\" decoding=\"async\" class=\"wp-image-283 size-full aligncenter\" src=\"http:\/\/127.0.0.1\/wp-content\/uploads\/2019\/09\/07-2.jpg\" alt=\"\" width=\"1000\" height=\"665\" srcset=\"https:\/\/claudinemarichal.be\/wp-content\/uploads\/2019\/09\/07-2.jpg 1000w, https:\/\/claudinemarichal.be\/wp-content\/uploads\/2019\/09\/07-2-300x200.jpg 300w, https:\/\/claudinemarichal.be\/wp-content\/uploads\/2019\/09\/07-2-768x511.jpg 768w\" sizes=\"auto, (max-width: 1000px) 100vw, 1000px\" \/><\/p>\r\n\r\n\r\n\r\n\r\n\r\n<p>Je n&rsquo;\u00e9tais pas tr\u00e8s contente de la couleur des faux rochers. On voit trop que c&rsquo;est du ciment.\u00a0<\/p>\r\n<p>J&rsquo;ai fait 3 m\u00e9langes de ciment-sable-compaktuna-pigments et j&rsquo;ai color\u00e9 les pierres au pinceau.<\/p>\r\n\r\n\r\n\r\n<p style=\"padding-left: 120px;\"><img loading=\"lazy\" decoding=\"async\" class=\"alignnone wp-image-1182 size-full\" src=\"http:\/\/127.0.0.1\/wp-content\/uploads\/2019\/10\/cascade14.jpg\" alt=\"\" width=\"1000\" height=\"501\" \/><\/p>\r\n<p>D&rsquo;abord le vert d&rsquo;eau &#8230;<\/p>\r\n<p><img loading=\"lazy\" decoding=\"async\" class=\"wp-image-1139 size-full aligncenter\" src=\"http:\/\/127.0.0.1\/wp-content\/uploads\/2019\/09\/cascade15.jpg\" alt=\"\" width=\"1000\" height=\"665\" srcset=\"https:\/\/claudinemarichal.be\/wp-content\/uploads\/2019\/09\/cascade15.jpg 1000w, https:\/\/claudinemarichal.be\/wp-content\/uploads\/2019\/09\/cascade15-300x200.jpg 300w, https:\/\/claudinemarichal.be\/wp-content\/uploads\/2019\/09\/cascade15-768x511.jpg 768w\" sizes=\"auto, (max-width: 1000px) 100vw, 1000px\" \/><\/p>\r\n<p>ensuite le m\u00e9lange bleu &#8211; aubergine &#8230;<\/p>\r\n<p><img loading=\"lazy\" decoding=\"async\" class=\"wp-image-1140 size-full aligncenter\" src=\"http:\/\/127.0.0.1\/wp-content\/uploads\/2019\/09\/cascade16.jpg\" alt=\"\" width=\"1000\" height=\"665\" srcset=\"https:\/\/claudinemarichal.be\/wp-content\/uploads\/2019\/09\/cascade16.jpg 1000w, https:\/\/claudinemarichal.be\/wp-content\/uploads\/2019\/09\/cascade16-300x200.jpg 300w, https:\/\/claudinemarichal.be\/wp-content\/uploads\/2019\/09\/cascade16-768x511.jpg 768w\" sizes=\"auto, (max-width: 1000px) 100vw, 1000px\" \/><\/p>\r\n<p>et enfin l&rsquo;ocre d&rsquo;or.<\/p>\r\n<p><img loading=\"lazy\" decoding=\"async\" class=\"wp-image-1178 size-full aligncenter\" src=\"http:\/\/127.0.0.1\/wp-content\/uploads\/2019\/09\/cascade18.jpg\" alt=\"\" width=\"1000\" height=\"665\" srcset=\"https:\/\/claudinemarichal.be\/wp-content\/uploads\/2019\/09\/cascade18.jpg 1000w, https:\/\/claudinemarichal.be\/wp-content\/uploads\/2019\/09\/cascade18-300x200.jpg 300w, https:\/\/claudinemarichal.be\/wp-content\/uploads\/2019\/09\/cascade18-768x511.jpg 768w\" sizes=\"auto, (max-width: 1000px) 100vw, 1000px\" \/><\/p>\r\n<p>Je n&rsquo;ai pas touch\u00e9 aux vasques. C&rsquo;est la r\u00e9sine sur la fibre de verre qui donne ces taches color\u00e9es.<\/p>\r\n<p><img loading=\"lazy\" decoding=\"async\" class=\"wp-image-1179 size-full aligncenter\" src=\"http:\/\/127.0.0.1\/wp-content\/uploads\/2019\/09\/cascade19.jpg\" alt=\"\" width=\"1000\" height=\"665\" srcset=\"https:\/\/claudinemarichal.be\/wp-content\/uploads\/2019\/09\/cascade19.jpg 1000w, https:\/\/claudinemarichal.be\/wp-content\/uploads\/2019\/09\/cascade19-300x200.jpg 300w, https:\/\/claudinemarichal.be\/wp-content\/uploads\/2019\/09\/cascade19-768x511.jpg 768w\" sizes=\"auto, (max-width: 1000px) 100vw, 1000px\" \/><\/p>\r\n<p>J&rsquo;ai imperm\u00e9abilis\u00e9 les rochers avec un m\u00e9lange de white spirit et de silicone. C&rsquo;est dommage parce qu&rsquo;on ne voit plus tr\u00e8s bien les nuances de couleurs ; c&rsquo;est un peu trop fonc\u00e9 !<\/p>\r\n<p><img loading=\"lazy\" decoding=\"async\" class=\"wp-image-2332 size-full aligncenter\" src=\"https:\/\/claudinemarichal.be\/wp-content\/uploads\/2019\/10\/Cascade-juin-2020.jpg\" alt=\"\" width=\"1000\" height=\"665\" srcset=\"https:\/\/claudinemarichal.be\/wp-content\/uploads\/2019\/10\/Cascade-juin-2020.jpg 1000w, https:\/\/claudinemarichal.be\/wp-content\/uploads\/2019\/10\/Cascade-juin-2020-300x200.jpg 300w, https:\/\/claudinemarichal.be\/wp-content\/uploads\/2019\/10\/Cascade-juin-2020-768x511.jpg 768w\" sizes=\"auto, (max-width: 1000px) 100vw, 1000px\" \/><\/p>\r\n<p><img loading=\"lazy\" decoding=\"async\" class=\"wp-image-2747 size-full aligncenter\" src=\"https:\/\/claudinemarichal.be\/wp-content\/uploads\/2019\/10\/11-juin-2019.jpg\" alt=\"\" width=\"1000\" height=\"665\" srcset=\"https:\/\/claudinemarichal.be\/wp-content\/uploads\/2019\/10\/11-juin-2019.jpg 1000w, https:\/\/claudinemarichal.be\/wp-content\/uploads\/2019\/10\/11-juin-2019-300x200.jpg 300w, https:\/\/claudinemarichal.be\/wp-content\/uploads\/2019\/10\/11-juin-2019-768x511.jpg 768w\" sizes=\"auto, (max-width: 1000px) 100vw, 1000px\" \/><\/p>\r\n<p><img loading=\"lazy\" decoding=\"async\" class=\"wp-image-2330 size-full aligncenter\" src=\"https:\/\/claudinemarichal.be\/wp-content\/uploads\/2019\/10\/DSC_1480.jpg\" alt=\"\" width=\"1000\" height=\"665\" srcset=\"https:\/\/claudinemarichal.be\/wp-content\/uploads\/2019\/10\/DSC_1480.jpg 1000w, https:\/\/claudinemarichal.be\/wp-content\/uploads\/2019\/10\/DSC_1480-300x200.jpg 300w, https:\/\/claudinemarichal.be\/wp-content\/uploads\/2019\/10\/DSC_1480-768x511.jpg 768w\" sizes=\"auto, (max-width: 1000px) 100vw, 1000px\" \/><\/p>\r\n<p>Fin juin 2021<\/p>\r\n<p><img loading=\"lazy\" decoding=\"async\" class=\"wp-image-2740 size-full aligncenter\" src=\"https:\/\/claudinemarichal.be\/wp-content\/uploads\/2019\/10\/Cascade-29-juin-2021.jpg\" alt=\"\" width=\"1000\" height=\"665\" srcset=\"https:\/\/claudinemarichal.be\/wp-content\/uploads\/2019\/10\/Cascade-29-juin-2021.jpg 1000w, https:\/\/claudinemarichal.be\/wp-content\/uploads\/2019\/10\/Cascade-29-juin-2021-300x200.jpg 300w, https:\/\/claudinemarichal.be\/wp-content\/uploads\/2019\/10\/Cascade-29-juin-2021-768x511.jpg 768w\" sizes=\"auto, (max-width: 1000px) 100vw, 1000px\" \/><\/p>\r\n<p>&nbsp;<\/p>\r\n","protected":false},"excerpt":{"rendered":"<p>Pour ajouter une touche esth\u00e9tique et zen au beau bassin d\u2019eau que Joaquim a construit, il fallait une fontaine ou une cascadelle, n\u2019est-ce pas ? Quoi de plus apaisant que le son du ruissellement de l\u2019eau ! J\u2019ai donc d\u00e9cid\u00e9 de construire une cascade en b\u00e9ton car dans le commerce les vasques que l\u2019on trouve sont toutes identiques et ont un aspect trop plastique. Voici comment j\u2019ai proc\u00e9d\u00e9. L\u2019emplacement de la cascade tombait sous le sens : au centre et au bout du bassin. Il a fallu pr\u00e9voir un tuyau assez long entre la pompe et la cascade. Le tuyau a \u00e9t\u00e9 enterr\u00e9 tout du long pour ressortir derri\u00e8re la cascade et remonter jusqu\u2019au-dessus de la vasque la plus haute. J\u2019ai ensuite ciment\u00e9 6 blocs de b\u00e9ton ensemble sur le sol pour former le d\u00e9nivel\u00e9. J\u2019ai construit une structure avec du grillage \u00e0 poules pour former les rochers et les vasques. Les b\u00e9tonner (ciment-sable-gravillons fins) n\u2019a pas \u00e9t\u00e9 une mince affaire, surtout les parois verticales. J\u2019ai d\u00fb proc\u00e9der par bandes en commen\u00e7ant par le bas, attendre que le b\u00e9ton s\u00e8che puis remonter au fur et \u00e0 mesure. Une fois que tous les faux rochers \u00e9taient b\u00e9tonn\u00e9s et secs, j\u2019ai pr\u00e9par\u00e9 un ciment fin, sans gravillons, que j\u2019ai appliqu\u00e9 sur toutes les surfaces. Avant qu\u2019il ne s\u00e8che, j\u2019ai tapot\u00e9 avec une \u00e9ponge pour leur donner un aspect rocher. A l\u2019aide de grillages \u00e0 poules, j\u2019ai fa\u00e7onn\u00e9 les vasques \u00e0 part, que j\u2019ai ensuite b\u00e9tonn\u00e9es s\u00e9par\u00e9ment, d\u2019abord le dessous (en posant des briques \u00e0 l\u2019int\u00e9rieur pour que le creux ne s\u2019affaisse pas), puis je les ai retourn\u00e9es et j\u2019ai b\u00e9tonn\u00e9 les bords et l\u2019int\u00e9rieur. Avant de poser la premi\u00e8re vasque, celle du dessous, Joaquim a for\u00e9 2 trous de 50 cm dans le sol et 2 trous \u00e0 travers le b\u00e9ton dans la vasque m\u00eame. Il a ensuite pli\u00e9 en deux une barre de fer \u00e0 b\u00e9ton de 1 m, qu\u2019il a enfonc\u00e9e dans les trous \u00e0 travers la vasque. Ces trous, dans la vasque et dans le sol, ont \u00e9t\u00e9 ciment\u00e9s. De cette mani\u00e8re, cette vasque, qui penche vers le bassin, est bien arrim\u00e9e. Apr\u00e8s cela, j\u2019ai ciment\u00e9 les 2 autres vasques sur les blocs de b\u00e9ton, dont j\u2019ai masqu\u00e9 les parties visibles avec du b\u00e9ton. L\u2019int\u00e9rieur des vasques a \u00e9t\u00e9 recouvert de fibre de verre pour les \u00e9tanch\u00e9ifier. Le b\u00e9ton est \u00e9tanche, certes, mais au contact de l\u2019eau en mouvement, il peut s\u2019effriter et charrier des particules nocives pour les poissons et les plantes.\u00a0 Pour compl\u00e9ter le cadre, j\u2019ai am\u00e9nag\u00e9 une butte de terre autour de la cascade, o\u00f9 j\u2019ai plant\u00e9 des vivaces. Je n&rsquo;\u00e9tais pas tr\u00e8s contente de la couleur des faux rochers. On voit trop que c&rsquo;est du ciment.\u00a0 J&rsquo;ai fait 3 m\u00e9langes de ciment-sable-compaktuna-pigments et j&rsquo;ai color\u00e9 les pierres au pinceau. D&rsquo;abord le vert d&rsquo;eau &#8230; ensuite le m\u00e9lange bleu &#8211; aubergine &#8230; et enfin l&rsquo;ocre d&rsquo;or. Je n&rsquo;ai pas touch\u00e9 aux vasques. C&rsquo;est la r\u00e9sine sur la fibre de verre qui donne ces taches color\u00e9es. J&rsquo;ai imperm\u00e9abilis\u00e9 les rochers avec un m\u00e9lange de white spirit et de silicone. C&rsquo;est dommage parce qu&rsquo;on ne voit plus tr\u00e8s bien les nuances de couleurs ; c&rsquo;est un peu trop fonc\u00e9 ! Fin juin 2021 &nbsp;<\/p>\n","protected":false},"author":1,"featured_media":96,"comment_status":"open","ping_status":"open","sticky":false,"template":"","format":"standard","meta":{"ngg_post_thumbnail":0,"footnotes":""},"categories":[11],"tags":[22,20,19,48,21,24,23,49],"class_list":["post-35","post","type-post","status-publish","format-standard","has-post-thumbnail","hentry","category-realisations-beton","tag-bassin-deau","tag-beton","tag-cascade","tag-cascadelle","tag-etang","tag-faux-rocher","tag-fontaine","tag-vasque"],"acf":[],"_links":{"self":[{"href":"https:\/\/claudinemarichal.be\/index.php?rest_route=\/wp\/v2\/posts\/35","targetHints":{"allow":["GET"]}}],"collection":[{"href":"https:\/\/claudinemarichal.be\/index.php?rest_route=\/wp\/v2\/posts"}],"about":[{"href":"https:\/\/claudinemarichal.be\/index.php?rest_route=\/wp\/v2\/types\/post"}],"author":[{"embeddable":true,"href":"https:\/\/claudinemarichal.be\/index.php?rest_route=\/wp\/v2\/users\/1"}],"replies":[{"embeddable":true,"href":"https:\/\/claudinemarichal.be\/index.php?rest_route=%2Fwp%2Fv2%2Fcomments&post=35"}],"version-history":[{"count":41,"href":"https:\/\/claudinemarichal.be\/index.php?rest_route=\/wp\/v2\/posts\/35\/revisions"}],"predecessor-version":[{"id":4908,"href":"https:\/\/claudinemarichal.be\/index.php?rest_route=\/wp\/v2\/posts\/35\/revisions\/4908"}],"wp:featuredmedia":[{"embeddable":true,"href":"https:\/\/claudinemarichal.be\/index.php?rest_route=\/wp\/v2\/media\/96"}],"wp:attachment":[{"href":"https:\/\/claudinemarichal.be\/index.php?rest_route=%2Fwp%2Fv2%2Fmedia&parent=35"}],"wp:term":[{"taxonomy":"category","embeddable":true,"href":"https:\/\/claudinemarichal.be\/index.php?rest_route=%2Fwp%2Fv2%2Fcategories&post=35"},{"taxonomy":"post_tag","embeddable":true,"href":"https:\/\/claudinemarichal.be\/index.php?rest_route=%2Fwp%2Fv2%2Ftags&post=35"}],"curies":[{"name":"wp","href":"https:\/\/api.w.org\/{rel}","templated":true}]}}