{"id":3424,"date":"2022-12-01T10:55:10","date_gmt":"2022-12-01T09:55:10","guid":{"rendered":"https:\/\/claudinemarichal.be\/?p=3424"},"modified":"2022-12-15T13:54:11","modified_gmt":"2022-12-15T12:54:11","slug":"buste-de-cherubin-en-ciment","status":"publish","type":"post","link":"https:\/\/claudinemarichal.be\/?p=3424","title":{"rendered":"Buste de ch\u00e9rubin en ciment"},"content":{"rendered":"<p>Apr\u00e8s avoir r\u00e9alis\u00e9 le <a href=\"https:\/\/claudinemarichal.be\/?p=3206\">ma\u00eetre Shaolin<\/a> et le <a href=\"https:\/\/claudinemarichal.be\/?p=3291\">couple en ciment<\/a>, je me suis mise au d\u00e9fi de cr\u00e9er un buste de ch\u00e9rubin. J&rsquo;ai toujours r\u00eav\u00e9 d&rsquo;avoir une statue d&rsquo;ange dans un coin de mon jardin pour cr\u00e9er une atmosph\u00e8re de s\u00e9r\u00e9nit\u00e9 propice au recueillement et \u00e0 la d\u00e9tente &#8230; \u00e0 condition qu&rsquo;elle soit r\u00e9ussie !<\/p>\n<p>Le ciment se pose sur une structure solide. J&rsquo;ai chin\u00e9 dans quelques magasins de bric-\u00e0-brac \u00e0 la recherche d&rsquo;un objet en forme de parall\u00e9l\u00e9pip\u00e8de rectangle pour faire le corps mais je n&rsquo;ai rien trouv\u00e9 qui me convienne. Il ne fallait pourtant pas chercher loin : j&rsquo;ai dans mes armoires de cuisine des Tupperware de toutes sortes, dont un qui me semblait tout \u00e0 fait appropri\u00e9. Pour le reste, j&rsquo;ai utilis\u00e9 du papier journal, du fil de fer, du treillis de poule et du treillis en cuivre.<\/p>\n<div><img loading=\"lazy\" decoding=\"async\" class=\"wp-image-3429 size-full alignleft\" src=\"https:\/\/claudinemarichal.be\/wp-content\/uploads\/2022\/11\/Ange-01.jpg\" alt=\"\" width=\"500\" height=\"332\" srcset=\"https:\/\/claudinemarichal.be\/wp-content\/uploads\/2022\/11\/Ange-01.jpg 500w, https:\/\/claudinemarichal.be\/wp-content\/uploads\/2022\/11\/Ange-01-300x199.jpg 300w\" sizes=\"auto, (max-width: 500px) 100vw, 500px\" \/> <img loading=\"lazy\" decoding=\"async\" class=\"wp-image-3430 size-full alignleft\" src=\"https:\/\/claudinemarichal.be\/wp-content\/uploads\/2022\/11\/Ange-02.jpg\" alt=\"\" width=\"332\" height=\"500\" srcset=\"https:\/\/claudinemarichal.be\/wp-content\/uploads\/2022\/11\/Ange-02.jpg 332w, https:\/\/claudinemarichal.be\/wp-content\/uploads\/2022\/11\/Ange-02-199x300.jpg 199w\" sizes=\"auto, (max-width: 332px) 100vw, 332px\" \/><\/div>\n<div style=\"clear: both; padding-top: 40px;\"><\/div>\n<p>Des fils de fer sont enfonc\u00e9s dans le ciment encore frais, mais finalement seuls les tiges au niveau des \u00e9paules se sont av\u00e9r\u00e9es n\u00e9cessaires.<br \/>\nApr\u00e8s chaque \u00e9tape, je laisse durcir le ciment pendant une nuit, emball\u00e9 dans du plastique, bien au chaud \u00e0 la maison (nous sommes en novembre).<\/p>\n<p><img loading=\"lazy\" decoding=\"async\" class=\"alignnone wp-image-3431 size-full\" src=\"https:\/\/claudinemarichal.be\/wp-content\/uploads\/2022\/11\/Ange-03.jpg\" alt=\"\" width=\"332\" height=\"500\" srcset=\"https:\/\/claudinemarichal.be\/wp-content\/uploads\/2022\/11\/Ange-03.jpg 332w, https:\/\/claudinemarichal.be\/wp-content\/uploads\/2022\/11\/Ange-03-199x300.jpg 199w\" sizes=\"auto, (max-width: 332px) 100vw, 332px\" \/><\/p>\n<div style=\"clear: both; padding-top: 40px;\"><\/div>\n<p>Pour le cou, une feuille de papier pli\u00e9e et enroul\u00e9e suffit.<\/p>\n<div><img loading=\"lazy\" decoding=\"async\" class=\"wp-image-3432 size-full alignleft\" src=\"https:\/\/claudinemarichal.be\/wp-content\/uploads\/2022\/11\/Ange-04.jpg\" alt=\"\" width=\"500\" height=\"332\" srcset=\"https:\/\/claudinemarichal.be\/wp-content\/uploads\/2022\/11\/Ange-04.jpg 500w, https:\/\/claudinemarichal.be\/wp-content\/uploads\/2022\/11\/Ange-04-300x199.jpg 300w\" sizes=\"auto, (max-width: 500px) 100vw, 500px\" \/> <img loading=\"lazy\" decoding=\"async\" class=\"wp-image-3433 size-full alignleft\" src=\"https:\/\/claudinemarichal.be\/wp-content\/uploads\/2022\/11\/Ange-05.jpg\" alt=\"\" width=\"500\" height=\"332\" srcset=\"https:\/\/claudinemarichal.be\/wp-content\/uploads\/2022\/11\/Ange-05.jpg 500w, https:\/\/claudinemarichal.be\/wp-content\/uploads\/2022\/11\/Ange-05-300x199.jpg 300w\" sizes=\"auto, (max-width: 500px) 100vw, 500px\" \/><\/div>\n<div style=\"clear: both; padding-top: 40px;\"><\/div>\n<p>J&rsquo;ai dessin\u00e9 une aile sur une feuille de papier et sa copie invers\u00e9e (hauteur 19 cm &#8211; largeur : 15 cm). Elles sont recouvertes de treillis de poule des deux c\u00f4t\u00e9s. Le treillis est ensuite un peu recourb\u00e9 dans le haut.<\/p>\n<div>\n<p><img loading=\"lazy\" decoding=\"async\" class=\"wp-image-3434 size-full alignleft\" src=\"https:\/\/claudinemarichal.be\/wp-content\/uploads\/2022\/11\/Ange-06.jpg\" alt=\"\" width=\"500\" height=\"332\" srcset=\"https:\/\/claudinemarichal.be\/wp-content\/uploads\/2022\/11\/Ange-06.jpg 500w, https:\/\/claudinemarichal.be\/wp-content\/uploads\/2022\/11\/Ange-06-300x199.jpg 300w\" sizes=\"auto, (max-width: 500px) 100vw, 500px\" \/> <img loading=\"lazy\" decoding=\"async\" class=\"wp-image-3435 size-full alignleft\" src=\"https:\/\/claudinemarichal.be\/wp-content\/uploads\/2022\/11\/Ange-07.jpg\" alt=\"\" width=\"500\" height=\"332\" srcset=\"https:\/\/claudinemarichal.be\/wp-content\/uploads\/2022\/11\/Ange-07.jpg 500w, https:\/\/claudinemarichal.be\/wp-content\/uploads\/2022\/11\/Ange-07-300x199.jpg 300w\" sizes=\"auto, (max-width: 500px) 100vw, 500px\" \/><\/p>\n<p><img loading=\"lazy\" decoding=\"async\" class=\"wp-image-3436 size-full alignleft\" src=\"https:\/\/claudinemarichal.be\/wp-content\/uploads\/2022\/11\/Ange-08.jpg\" alt=\"\" width=\"500\" height=\"332\" srcset=\"https:\/\/claudinemarichal.be\/wp-content\/uploads\/2022\/11\/Ange-08.jpg 500w, https:\/\/claudinemarichal.be\/wp-content\/uploads\/2022\/11\/Ange-08-300x199.jpg 300w\" sizes=\"auto, (max-width: 500px) 100vw, 500px\" \/><\/p>\n<\/div>\n<div style=\"clear: both; padding-top: 40px;\"><\/div>\n<p>Les bras et les mains sont faits de fils de fer rigides, de papier et de treillis en cuivre.<\/p>\n<p><img loading=\"lazy\" decoding=\"async\" class=\"alignnone wp-image-3437 size-full\" src=\"https:\/\/claudinemarichal.be\/wp-content\/uploads\/2022\/11\/Ange-09.jpg\" alt=\"\" width=\"500\" height=\"332\" srcset=\"https:\/\/claudinemarichal.be\/wp-content\/uploads\/2022\/11\/Ange-09.jpg 500w, https:\/\/claudinemarichal.be\/wp-content\/uploads\/2022\/11\/Ange-09-300x199.jpg 300w\" sizes=\"auto, (max-width: 500px) 100vw, 500px\" \/><\/p>\n<div style=\"clear: both; padding-top: 40px;\"><\/div>\n<p>Les bras sont attach\u00e9s au corps gr\u00e2ce au petit fil de fer qui ressort en dessous des \u00e9paules. Les deux bras ne sont pas ciment\u00e9s en m\u00eame temps. J&rsquo;ai laiss\u00e9 durcir le bras du dessous pendant une nuit avant de faire l&rsquo;autre au cas o\u00f9 je devrais le rectifier. Le ciment ayant tendance \u00e0 s&rsquo;affaisser, on a parfois des surprises !<\/p>\n<p><img loading=\"lazy\" decoding=\"async\" class=\"alignnone wp-image-3438 size-full\" src=\"https:\/\/claudinemarichal.be\/wp-content\/uploads\/2022\/11\/Ange-10.jpg\" alt=\"\" width=\"500\" height=\"332\" srcset=\"https:\/\/claudinemarichal.be\/wp-content\/uploads\/2022\/11\/Ange-10.jpg 500w, https:\/\/claudinemarichal.be\/wp-content\/uploads\/2022\/11\/Ange-10-300x199.jpg 300w\" sizes=\"auto, (max-width: 500px) 100vw, 500px\" \/><\/p>\n<div style=\"clear: both; padding-top: 40px;\"><\/div>\n<p>Le bras du dessus est ciment\u00e9 le lendemain et celui du dessous un peu rectifi\u00e9 pour qu&rsquo;ils aient le m\u00eame aspect. Et l\u00e0 je me rends compte que le cou est trop \u00e0 gauche ! Zut alors, c&rsquo;est trop tard pour corriger \u00e7a !<\/p>\n<p><img loading=\"lazy\" decoding=\"async\" class=\"alignnone wp-image-3439 size-full\" src=\"https:\/\/claudinemarichal.be\/wp-content\/uploads\/2022\/11\/Ange-11.jpg\" alt=\"\" width=\"500\" height=\"332\" srcset=\"https:\/\/claudinemarichal.be\/wp-content\/uploads\/2022\/11\/Ange-11.jpg 500w, https:\/\/claudinemarichal.be\/wp-content\/uploads\/2022\/11\/Ange-11-300x199.jpg 300w\" sizes=\"auto, (max-width: 500px) 100vw, 500px\" \/><\/p>\n<div style=\"clear: both; padding-top: 40px;\"><\/div>\n<p>Les ailes sont ciment\u00e9es. J&rsquo;ai fait l&rsquo;erreur de cimenter l&rsquo;ext\u00e9rieur en premier lieu. J&rsquo;ai d\u00fb les poser sur un support pour qu&rsquo;elles gardent leur forme creus\u00e9e mais elles n&rsquo;avaient pas la m\u00eame courbure une fois durcies. Il m&rsquo;a \u00e9t\u00e9 difficile de les positionner et de les cimenter sur le corps.\u00a0 Si j&rsquo;avais d&rsquo;abord ciment\u00e9 l&rsquo;int\u00e9rieur, j&rsquo;aurais pu les poser \u00e0 plat et elles auraient \u00e9t\u00e9 parfaitement sym\u00e9triques !<\/p>\n<div>\n<p><img loading=\"lazy\" decoding=\"async\" class=\"wp-image-3440 size-full alignleft\" src=\"https:\/\/claudinemarichal.be\/wp-content\/uploads\/2022\/11\/Ange-12.jpg\" alt=\"\" width=\"500\" height=\"332\" srcset=\"https:\/\/claudinemarichal.be\/wp-content\/uploads\/2022\/11\/Ange-12.jpg 500w, https:\/\/claudinemarichal.be\/wp-content\/uploads\/2022\/11\/Ange-12-300x199.jpg 300w\" sizes=\"auto, (max-width: 500px) 100vw, 500px\" \/><img loading=\"lazy\" decoding=\"async\" class=\"wp-image-3441 size-full alignleft\" src=\"https:\/\/claudinemarichal.be\/wp-content\/uploads\/2022\/11\/Ange-13.jpg\" alt=\"\" width=\"500\" height=\"332\" srcset=\"https:\/\/claudinemarichal.be\/wp-content\/uploads\/2022\/11\/Ange-13.jpg 500w, https:\/\/claudinemarichal.be\/wp-content\/uploads\/2022\/11\/Ange-13-300x199.jpg 300w\" sizes=\"auto, (max-width: 500px) 100vw, 500px\" \/><img loading=\"lazy\" decoding=\"async\" class=\"wp-image-3442 size-full alignleft\" src=\"https:\/\/claudinemarichal.be\/wp-content\/uploads\/2022\/11\/Ange-14.jpg\" alt=\"\" width=\"500\" height=\"333\" srcset=\"https:\/\/claudinemarichal.be\/wp-content\/uploads\/2022\/11\/Ange-14.jpg 500w, https:\/\/claudinemarichal.be\/wp-content\/uploads\/2022\/11\/Ange-14-300x200.jpg 300w\" sizes=\"auto, (max-width: 500px) 100vw, 500px\" \/><\/p>\n<p><img loading=\"lazy\" decoding=\"async\" class=\"wp-image-3443 size-full alignleft\" src=\"https:\/\/claudinemarichal.be\/wp-content\/uploads\/2022\/11\/Ange-15.jpg\" alt=\"\" width=\"500\" height=\"332\" srcset=\"https:\/\/claudinemarichal.be\/wp-content\/uploads\/2022\/11\/Ange-15.jpg 500w, https:\/\/claudinemarichal.be\/wp-content\/uploads\/2022\/11\/Ange-15-300x199.jpg 300w\" sizes=\"auto, (max-width: 500px) 100vw, 500px\" \/><\/p>\n<\/div>\n<div style=\"clear: both; padding-top: 40px;\"><\/div>\n<p>La t\u00eate est form\u00e9e d&rsquo;une boule de papier bien serr\u00e9, qui est recouverte de treillis en cuivre. Elle est plus grosse que la boule de d\u00e9part. Les ch\u00e9rubins ont une grosse t\u00eate !<\/p>\n<div><img loading=\"lazy\" decoding=\"async\" class=\"alignnone wp-image-3444 size-full\" src=\"https:\/\/claudinemarichal.be\/wp-content\/uploads\/2022\/11\/Ange-16.jpg\" alt=\"\" width=\"500\" height=\"332\" srcset=\"https:\/\/claudinemarichal.be\/wp-content\/uploads\/2022\/11\/Ange-16.jpg 500w, https:\/\/claudinemarichal.be\/wp-content\/uploads\/2022\/11\/Ange-16-300x199.jpg 300w\" sizes=\"auto, (max-width: 500px) 100vw, 500px\" \/><\/div>\n<div style=\"clear: both; padding-top: 40px;\"><\/div>\n<p>Un ciment le moins liquide possible est appliqu\u00e9 sur la boule mais malgr\u00e9 cela il s&rsquo;affaisse et il faut enlever toutes les 2 minutes l&rsquo;exc\u00e9dent qui s&rsquo;accumule au niveau du cou. Les creux sont marqu\u00e9s dans le ciment frais. Les d\u00e9tails seront ajout\u00e9s apr\u00e8s que le ciment a durci pendant une nuit.<\/p>\n<div><img loading=\"lazy\" decoding=\"async\" class=\"alignnone wp-image-3445 size-full\" src=\"https:\/\/claudinemarichal.be\/wp-content\/uploads\/2022\/11\/Ange-17.jpg\" alt=\"\" width=\"500\" height=\"332\" srcset=\"https:\/\/claudinemarichal.be\/wp-content\/uploads\/2022\/11\/Ange-17.jpg 500w, https:\/\/claudinemarichal.be\/wp-content\/uploads\/2022\/11\/Ange-17-300x199.jpg 300w\" sizes=\"auto, (max-width: 500px) 100vw, 500px\" \/><\/div>\n<div style=\"clear: both; padding-top: 40px;\"><\/div>\n<p>Et voil\u00e0 le visage de mon ch\u00e9rubin chauve ! J&rsquo;ai ajout\u00e9 les cheveux le lendemain sur le cr\u00e2ne durci. J&rsquo;ai aussi ajout\u00e9 un peu d&rsquo;\u00e9paule \u00e0 droite, un peu de joue et un peu de menton.<\/p>\n<div><img loading=\"lazy\" decoding=\"async\" class=\"wp-image-3464 size-full alignleft\" src=\"https:\/\/claudinemarichal.be\/wp-content\/uploads\/2022\/11\/Ange-19.jpg\" alt=\"\" width=\"500\" height=\"332\" srcset=\"https:\/\/claudinemarichal.be\/wp-content\/uploads\/2022\/11\/Ange-19.jpg 500w, https:\/\/claudinemarichal.be\/wp-content\/uploads\/2022\/11\/Ange-19-300x199.jpg 300w\" sizes=\"auto, (max-width: 500px) 100vw, 500px\" \/><img loading=\"lazy\" decoding=\"async\" class=\"wp-image-3479 size-full alignleft\" src=\"https:\/\/claudinemarichal.be\/wp-content\/uploads\/2022\/11\/Ange-20.jpg\" alt=\"\" width=\"500\" height=\"332\" srcset=\"https:\/\/claudinemarichal.be\/wp-content\/uploads\/2022\/11\/Ange-20.jpg 500w, https:\/\/claudinemarichal.be\/wp-content\/uploads\/2022\/11\/Ange-20-300x199.jpg 300w\" sizes=\"auto, (max-width: 500px) 100vw, 500px\" \/><\/div>\n<div style=\"clear: both; padding-top: 40px;\"><\/div>\n<p>Une fois que tout est bien ponc\u00e9 et que la poussi\u00e8re est aspir\u00e9e, on applique un ciment tr\u00e8s liquide \u00e0 l&rsquo;aide d&rsquo;un pinceau sur toutes les surfaces et dans tous les recoins. A cause du pon\u00e7age et des coups de Dremel la couleur du ciment n&rsquo;est pas uniforme partout. Attention aux coul\u00e9es qui, lorsqu&rsquo;elles s\u00e8chent, peuvent former des petites bosses disgracieuses !<\/p>\n<div><img loading=\"lazy\" decoding=\"async\" class=\"wp-image-3495 size-full alignleft\" src=\"https:\/\/claudinemarichal.be\/wp-content\/uploads\/2022\/11\/Ange21.jpg\" alt=\"\" width=\"500\" height=\"332\" srcset=\"https:\/\/claudinemarichal.be\/wp-content\/uploads\/2022\/11\/Ange21.jpg 500w, https:\/\/claudinemarichal.be\/wp-content\/uploads\/2022\/11\/Ange21-300x199.jpg 300w\" sizes=\"auto, (max-width: 500px) 100vw, 500px\" \/><\/div>\n<div style=\"clear: both; padding-top: 40px;\"><\/div>\n<p>Il mesure 33 cm de hauteur.<\/p>\n<p>Apr\u00e8s l&rsquo;avoir enduit d&rsquo;un produit hydrofuge, je peux maintenant dire qu&rsquo;il est termin\u00e9. Je vais le laisser \u00e0 l&rsquo;int\u00e9rieur tout l&rsquo;hiver.<\/p>\n<p><img loading=\"lazy\" decoding=\"async\" class=\"alignnone wp-image-3504 size-full\" src=\"https:\/\/claudinemarichal.be\/wp-content\/uploads\/2022\/12\/Ange-image-en-avant.jpg\" alt=\"\" width=\"1000\" height=\"665\" srcset=\"https:\/\/claudinemarichal.be\/wp-content\/uploads\/2022\/12\/Ange-image-en-avant.jpg 1000w, https:\/\/claudinemarichal.be\/wp-content\/uploads\/2022\/12\/Ange-image-en-avant-300x200.jpg 300w, https:\/\/claudinemarichal.be\/wp-content\/uploads\/2022\/12\/Ange-image-en-avant-768x511.jpg 768w\" sizes=\"auto, (max-width: 1000px) 100vw, 1000px\" \/><\/p>\n<p><img loading=\"lazy\" decoding=\"async\" class=\"alignnone wp-image-3503 size-full\" src=\"https:\/\/claudinemarichal.be\/wp-content\/uploads\/2022\/12\/Ange-22.jpg\" alt=\"\" width=\"1000\" height=\"665\" srcset=\"https:\/\/claudinemarichal.be\/wp-content\/uploads\/2022\/12\/Ange-22.jpg 1000w, https:\/\/claudinemarichal.be\/wp-content\/uploads\/2022\/12\/Ange-22-300x200.jpg 300w, https:\/\/claudinemarichal.be\/wp-content\/uploads\/2022\/12\/Ange-22-768x511.jpg 768w\" sizes=\"auto, (max-width: 1000px) 100vw, 1000px\" \/><\/p>\n<div><\/div>\n","protected":false},"excerpt":{"rendered":"<p>Buste r\u00e9alis\u00e9 en ciment \u00e0 partir d&rsquo;un Tupperware, de papier journal, de fils de fer et de treillis de poule. Diy en images.<\/p>\n","protected":false},"author":1,"featured_media":3516,"comment_status":"open","ping_status":"open","sticky":false,"template":"","format":"standard","meta":{"ngg_post_thumbnail":0,"footnotes":""},"categories":[11],"tags":[142,20,144,143,31,61,42,58,26,64,45,137,17],"class_list":["post-3424","post","type-post","status-publish","format-standard","has-post-thumbnail","hentry","category-realisations-beton","tag-ange","tag-beton","tag-buste","tag-cherubin","tag-ciment","tag-comment-fabriquer","tag-decoration","tag-diy","tag-fer","tag-fil-de-fer","tag-jardin","tag-statue","tag-treillis"],"acf":[],"_links":{"self":[{"href":"https:\/\/claudinemarichal.be\/index.php?rest_route=\/wp\/v2\/posts\/3424","targetHints":{"allow":["GET"]}}],"collection":[{"href":"https:\/\/claudinemarichal.be\/index.php?rest_route=\/wp\/v2\/posts"}],"about":[{"href":"https:\/\/claudinemarichal.be\/index.php?rest_route=\/wp\/v2\/types\/post"}],"author":[{"embeddable":true,"href":"https:\/\/claudinemarichal.be\/index.php?rest_route=\/wp\/v2\/users\/1"}],"replies":[{"embeddable":true,"href":"https:\/\/claudinemarichal.be\/index.php?rest_route=%2Fwp%2Fv2%2Fcomments&post=3424"}],"version-history":[{"count":35,"href":"https:\/\/claudinemarichal.be\/index.php?rest_route=\/wp\/v2\/posts\/3424\/revisions"}],"predecessor-version":[{"id":3510,"href":"https:\/\/claudinemarichal.be\/index.php?rest_route=\/wp\/v2\/posts\/3424\/revisions\/3510"}],"wp:featuredmedia":[{"embeddable":true,"href":"https:\/\/claudinemarichal.be\/index.php?rest_route=\/wp\/v2\/media\/3516"}],"wp:attachment":[{"href":"https:\/\/claudinemarichal.be\/index.php?rest_route=%2Fwp%2Fv2%2Fmedia&parent=3424"}],"wp:term":[{"taxonomy":"category","embeddable":true,"href":"https:\/\/claudinemarichal.be\/index.php?rest_route=%2Fwp%2Fv2%2Fcategories&post=3424"},{"taxonomy":"post_tag","embeddable":true,"href":"https:\/\/claudinemarichal.be\/index.php?rest_route=%2Fwp%2Fv2%2Ftags&post=3424"}],"curies":[{"name":"wp","href":"https:\/\/api.w.org\/{rel}","templated":true}]}}