{"id":3181,"date":"2022-09-22T10:06:33","date_gmt":"2022-09-22T08:06:33","guid":{"rendered":"https:\/\/claudinemarichal.be\/?p=3181"},"modified":"2022-09-22T10:11:13","modified_gmt":"2022-09-22T08:11:13","slug":"juju-hat-en-raffia","status":"publish","type":"post","link":"https:\/\/claudinemarichal.be\/?p=3181","title":{"rendered":"Juju hat en raffia"},"content":{"rendered":"<p>J&rsquo;ai r\u00e9alis\u00e9 une d\u00e9coration en raffia inspir\u00e9e des juju hats africains, mais ceux-ci sont plus touffus.<\/p>\n<p>J&rsquo;ai d\u00e9coup\u00e9 des centaines de brins de raffia de 10 cm de long que j&rsquo;ai coll\u00e9s sur un grand carton d\u00e9coup\u00e9 dans une bo\u00eete de livraison. Le disque en carton mesure 40 cm de diam\u00e8tre.<\/p>\n<p>Les images parlent d&rsquo;elles-m\u00eames. J&rsquo;ai utilis\u00e9 une colle contact transparente et incolore.<\/p>\n<p><img loading=\"lazy\" decoding=\"async\" class=\"alignnone wp-image-3183 size-full\" src=\"https:\/\/claudinemarichal.be\/wp-content\/uploads\/2022\/09\/Disque1.jpg\" alt=\"\" width=\"700\" height=\"466\" srcset=\"https:\/\/claudinemarichal.be\/wp-content\/uploads\/2022\/09\/Disque1.jpg 700w, https:\/\/claudinemarichal.be\/wp-content\/uploads\/2022\/09\/Disque1-300x200.jpg 300w\" sizes=\"auto, (max-width: 700px) 100vw, 700px\" \/><br \/>\n<img loading=\"lazy\" decoding=\"async\" class=\"alignnone wp-image-3184 size-full\" src=\"https:\/\/claudinemarichal.be\/wp-content\/uploads\/2022\/09\/Disque2.jpg\" alt=\"\" width=\"700\" height=\"534\" srcset=\"https:\/\/claudinemarichal.be\/wp-content\/uploads\/2022\/09\/Disque2.jpg 700w, https:\/\/claudinemarichal.be\/wp-content\/uploads\/2022\/09\/Disque2-300x229.jpg 300w\" sizes=\"auto, (max-width: 700px) 100vw, 700px\" \/><br \/>\n<img loading=\"lazy\" decoding=\"async\" class=\"alignnone wp-image-3185 size-full\" src=\"https:\/\/claudinemarichal.be\/wp-content\/uploads\/2022\/09\/Disque3.jpg\" alt=\"\" width=\"700\" height=\"533\" srcset=\"https:\/\/claudinemarichal.be\/wp-content\/uploads\/2022\/09\/Disque3.jpg 700w, https:\/\/claudinemarichal.be\/wp-content\/uploads\/2022\/09\/Disque3-300x228.jpg 300w\" sizes=\"auto, (max-width: 700px) 100vw, 700px\" \/><br \/>\n<img loading=\"lazy\" decoding=\"async\" class=\"alignnone wp-image-3186 size-full\" src=\"https:\/\/claudinemarichal.be\/wp-content\/uploads\/2022\/09\/Disque4.jpg\" alt=\"\" width=\"700\" height=\"466\" srcset=\"https:\/\/claudinemarichal.be\/wp-content\/uploads\/2022\/09\/Disque4.jpg 700w, https:\/\/claudinemarichal.be\/wp-content\/uploads\/2022\/09\/Disque4-300x200.jpg 300w\" sizes=\"auto, (max-width: 700px) 100vw, 700px\" \/><br \/>\n<img loading=\"lazy\" decoding=\"async\" class=\"alignnone wp-image-3187 size-full\" src=\"https:\/\/claudinemarichal.be\/wp-content\/uploads\/2022\/09\/Disque5.jpg\" alt=\"\" width=\"700\" height=\"466\" srcset=\"https:\/\/claudinemarichal.be\/wp-content\/uploads\/2022\/09\/Disque5.jpg 700w, https:\/\/claudinemarichal.be\/wp-content\/uploads\/2022\/09\/Disque5-300x200.jpg 300w\" sizes=\"auto, (max-width: 700px) 100vw, 700px\" \/><br \/>\n<img loading=\"lazy\" decoding=\"async\" class=\"alignnone wp-image-3188 size-full\" src=\"https:\/\/claudinemarichal.be\/wp-content\/uploads\/2022\/09\/Disque6.jpg\" alt=\"\" width=\"700\" height=\"466\" srcset=\"https:\/\/claudinemarichal.be\/wp-content\/uploads\/2022\/09\/Disque6.jpg 700w, https:\/\/claudinemarichal.be\/wp-content\/uploads\/2022\/09\/Disque6-300x200.jpg 300w\" sizes=\"auto, (max-width: 700px) 100vw, 700px\" \/><\/p>\n<p>Le juju hat est termin\u00e9. Il mesure 50 cm de diam\u00e8tre.<br \/>\nJ&rsquo;ai coll\u00e9 au milieu du disque des petites coquilles d&rsquo;escargot trouv\u00e9es dans les dunes au Portugal et des petits coquillages roses ramass\u00e9s sur une plage, \u00e9galement au Portugal.<\/p>\n<p><img loading=\"lazy\" decoding=\"async\" class=\"alignnone wp-image-3189 size-full\" src=\"https:\/\/claudinemarichal.be\/wp-content\/uploads\/2022\/09\/Disque7.jpg\" alt=\"\" width=\"700\" height=\"466\" srcset=\"https:\/\/claudinemarichal.be\/wp-content\/uploads\/2022\/09\/Disque7.jpg 700w, https:\/\/claudinemarichal.be\/wp-content\/uploads\/2022\/09\/Disque7-300x200.jpg 300w\" sizes=\"auto, (max-width: 700px) 100vw, 700px\" \/><\/p>\n<p>Il d\u00e9core le panneau qui cache le compteur \u00e9lectrique ;-).<br \/>\n<img loading=\"lazy\" decoding=\"async\" class=\"alignnone wp-image-3195 size-full\" src=\"https:\/\/claudinemarichal.be\/wp-content\/uploads\/2022\/09\/Disque09.jpg\" alt=\"\" width=\"466\" height=\"700\" srcset=\"https:\/\/claudinemarichal.be\/wp-content\/uploads\/2022\/09\/Disque09.jpg 466w, https:\/\/claudinemarichal.be\/wp-content\/uploads\/2022\/09\/Disque09-200x300.jpg 200w\" sizes=\"auto, (max-width: 466px) 100vw, 466px\" \/><\/p>\n","protected":false},"excerpt":{"rendered":"<p>J&rsquo;ai r\u00e9alis\u00e9 une d\u00e9coration en raffia inspir\u00e9e des juju hats africains, mais ceux-ci sont plus touffus. J&rsquo;ai d\u00e9coup\u00e9 des centaines de brins de raffia de 10 cm de long que j&rsquo;ai coll\u00e9s sur un grand carton d\u00e9coup\u00e9 dans une bo\u00eete de livraison. Le disque en carton mesure 40 cm de diam\u00e8tre. Les images parlent d&rsquo;elles-m\u00eames. J&rsquo;ai utilis\u00e9 une colle contact transparente et incolore. Le juju hat est termin\u00e9. Il mesure 50 cm de diam\u00e8tre. J&rsquo;ai coll\u00e9 au milieu du disque des petites coquilles d&rsquo;escargot trouv\u00e9es dans les dunes au Portugal et des petits coquillages roses ramass\u00e9s sur une plage, \u00e9galement au Portugal. Il d\u00e9core le panneau qui cache le compteur \u00e9lectrique ;-).<\/p>\n","protected":false},"author":1,"featured_media":3194,"comment_status":"open","ping_status":"open","sticky":false,"template":"","format":"standard","meta":{"ngg_post_thumbnail":0,"footnotes":""},"categories":[15],"tags":[106,134,61,42,58,133,108,131,132],"class_list":["post-3181","post","type-post","status-publish","format-standard","has-post-thumbnail","hentry","category-realisations-diverses-matieres","tag-boheme","tag-boho","tag-comment-fabriquer","tag-decoration","tag-diy","tag-juju-hat","tag-jute","tag-raffia","tag-raphia"],"acf":[],"_links":{"self":[{"href":"https:\/\/claudinemarichal.be\/index.php?rest_route=\/wp\/v2\/posts\/3181","targetHints":{"allow":["GET"]}}],"collection":[{"href":"https:\/\/claudinemarichal.be\/index.php?rest_route=\/wp\/v2\/posts"}],"about":[{"href":"https:\/\/claudinemarichal.be\/index.php?rest_route=\/wp\/v2\/types\/post"}],"author":[{"embeddable":true,"href":"https:\/\/claudinemarichal.be\/index.php?rest_route=\/wp\/v2\/users\/1"}],"replies":[{"embeddable":true,"href":"https:\/\/claudinemarichal.be\/index.php?rest_route=%2Fwp%2Fv2%2Fcomments&post=3181"}],"version-history":[{"count":6,"href":"https:\/\/claudinemarichal.be\/index.php?rest_route=\/wp\/v2\/posts\/3181\/revisions"}],"predecessor-version":[{"id":3224,"href":"https:\/\/claudinemarichal.be\/index.php?rest_route=\/wp\/v2\/posts\/3181\/revisions\/3224"}],"wp:featuredmedia":[{"embeddable":true,"href":"https:\/\/claudinemarichal.be\/index.php?rest_route=\/wp\/v2\/media\/3194"}],"wp:attachment":[{"href":"https:\/\/claudinemarichal.be\/index.php?rest_route=%2Fwp%2Fv2%2Fmedia&parent=3181"}],"wp:term":[{"taxonomy":"category","embeddable":true,"href":"https:\/\/claudinemarichal.be\/index.php?rest_route=%2Fwp%2Fv2%2Fcategories&post=3181"},{"taxonomy":"post_tag","embeddable":true,"href":"https:\/\/claudinemarichal.be\/index.php?rest_route=%2Fwp%2Fv2%2Ftags&post=3181"}],"curies":[{"name":"wp","href":"https:\/\/api.w.org\/{rel}","templated":true}]}}