{"id":2946,"date":"2022-02-10T16:13:38","date_gmt":"2022-02-10T15:13:38","guid":{"rendered":"https:\/\/claudinemarichal.be\/?p=2946"},"modified":"2025-05-04T13:31:19","modified_gmt":"2025-05-04T11:31:19","slug":"encadrement-en-bois","status":"publish","type":"post","link":"https:\/\/claudinemarichal.be\/?p=2946","title":{"rendered":"Encadrement en bois"},"content":{"rendered":"<p>Nous avons accroch\u00e9 une de <a href=\"https:\/\/claudinemarichal.be\/?page_id=47\">mes toiles<\/a> dans notre salon. Nous avons voulu la faire encadrer mais y avons renonc\u00e9 vu le prix des encadrements sur mesure, trop cher pour nous. Nous nous sommes donc d\u00e9cid\u00e9s \u00e0 le r\u00e9aliser nous-m\u00eames avec les moyens du bord et les mat\u00e9riaux qu&rsquo;on peut trouver dans n&rsquo;importe quel brico.<\/p>\n<p>Pour l&rsquo;int\u00e9rieur du cadre, j&rsquo;ai trouv\u00e9 des moulures de plafond dans le Mister Bricolage du coin, \u00e0 18\u20ac pour 2,70 m. J&rsquo;ai d\u00fb en acheter 2 pour ce tableau qui mesure 77 cm \/ 57 cm.<\/p>\n<p>J&rsquo;ai utilis\u00e9 un gabarit pour les d\u00e9coupes d&rsquo;angle \u00e0 45\u00b0.<\/p>\n<p><img loading=\"lazy\" decoding=\"async\" class=\"wp-image-2947 size-full alignnone\" src=\"https:\/\/claudinemarichal.be\/wp-content\/uploads\/2022\/02\/Encadrement-01.jpg\" alt=\"\" width=\"1000\" height=\"665\" srcset=\"https:\/\/claudinemarichal.be\/wp-content\/uploads\/2022\/02\/Encadrement-01.jpg 1000w, https:\/\/claudinemarichal.be\/wp-content\/uploads\/2022\/02\/Encadrement-01-300x200.jpg 300w, https:\/\/claudinemarichal.be\/wp-content\/uploads\/2022\/02\/Encadrement-01-768x511.jpg 768w\" sizes=\"auto, (max-width: 1000px) 100vw, 1000px\" \/><\/p>\n<p>Les 4 parties ont \u00e9t\u00e9 fix\u00e9es avec de la colle \u00e0 bois, des petits clous et des agrafes \u00e0 l&rsquo;arri\u00e8re. L&rsquo;int\u00e9rieur du cadre est plus petit que le tableau de 5 mm de chaque c\u00f4t\u00e9.<\/p>\n<p><img loading=\"lazy\" decoding=\"async\" class=\"wp-image-2948 size-full alignleft\" src=\"https:\/\/claudinemarichal.be\/wp-content\/uploads\/2022\/02\/Encadrement-02.jpg\" alt=\"\" width=\"1000\" height=\"665\" srcset=\"https:\/\/claudinemarichal.be\/wp-content\/uploads\/2022\/02\/Encadrement-02.jpg 1000w, https:\/\/claudinemarichal.be\/wp-content\/uploads\/2022\/02\/Encadrement-02-300x200.jpg 300w, https:\/\/claudinemarichal.be\/wp-content\/uploads\/2022\/02\/Encadrement-02-768x511.jpg 768w\" sizes=\"auto, (max-width: 1000px) 100vw, 1000px\" \/><\/p>\n<p><img loading=\"lazy\" decoding=\"async\" class=\"alignleft wp-image-2949 size-full\" src=\"https:\/\/claudinemarichal.be\/wp-content\/uploads\/2022\/02\/Encadrement-03.jpg\" alt=\"\" width=\"1000\" height=\"665\" srcset=\"https:\/\/claudinemarichal.be\/wp-content\/uploads\/2022\/02\/Encadrement-03.jpg 1000w, https:\/\/claudinemarichal.be\/wp-content\/uploads\/2022\/02\/Encadrement-03-300x200.jpg 300w, https:\/\/claudinemarichal.be\/wp-content\/uploads\/2022\/02\/Encadrement-03-768x511.jpg 768w\" sizes=\"auto, (max-width: 1000px) 100vw, 1000px\" \/><\/p>\n<div style=\"clear: both;\">&nbsp;<\/div>\n<div>&nbsp;<\/div>\n<div>&nbsp;<\/div>\n<p>J&rsquo;ai d\u00e9coup\u00e9 des lattes de bois, de la taille du tableau; je les ai assembl\u00e9es en un rectangle que j&rsquo;ai coll\u00e9-clou\u00e9 \u00e0 l&rsquo;arri\u00e8re du cadre. Cette but\u00e9e servira \u00e0 ench\u00e2sser le tableau.<\/p>\n<p><img loading=\"lazy\" decoding=\"async\" class=\"alignleft wp-image-2950 size-full\" src=\"https:\/\/claudinemarichal.be\/wp-content\/uploads\/2022\/02\/Encadrement-04.jpg\" alt=\"\" width=\"1000\" height=\"665\" srcset=\"https:\/\/claudinemarichal.be\/wp-content\/uploads\/2022\/02\/Encadrement-04.jpg 1000w, https:\/\/claudinemarichal.be\/wp-content\/uploads\/2022\/02\/Encadrement-04-300x200.jpg 300w, https:\/\/claudinemarichal.be\/wp-content\/uploads\/2022\/02\/Encadrement-04-768x511.jpg 768w\" sizes=\"auto, (max-width: 1000px) 100vw, 1000px\" \/> <img loading=\"lazy\" decoding=\"async\" class=\"alignleft wp-image-2952 size-full\" src=\"https:\/\/claudinemarichal.be\/wp-content\/uploads\/2022\/02\/Encadrement-06.jpg\" alt=\"\" width=\"1000\" height=\"665\" srcset=\"https:\/\/claudinemarichal.be\/wp-content\/uploads\/2022\/02\/Encadrement-06.jpg 1000w, https:\/\/claudinemarichal.be\/wp-content\/uploads\/2022\/02\/Encadrement-06-300x200.jpg 300w, https:\/\/claudinemarichal.be\/wp-content\/uploads\/2022\/02\/Encadrement-06-768x511.jpg 768w\" sizes=\"auto, (max-width: 1000px) 100vw, 1000px\" \/><\/p>\n<div style=\"clear: both;\">&nbsp;<\/div>\n<p>Peinture du cadre int\u00e9rieur.<br \/>\nJ&rsquo;ai utilis\u00e9 un restant de peinture murale, du gesso, des pigments blancs et des pigments jaunes pour obtenir un blanc cass\u00e9.<\/p>\n<p><img loading=\"lazy\" decoding=\"async\" class=\"alignleft wp-image-2954 size-full\" src=\"https:\/\/claudinemarichal.be\/wp-content\/uploads\/2022\/02\/Encadrement-08.jpg\" alt=\"\" width=\"1000\" height=\"646\" srcset=\"https:\/\/claudinemarichal.be\/wp-content\/uploads\/2022\/02\/Encadrement-08.jpg 1000w, https:\/\/claudinemarichal.be\/wp-content\/uploads\/2022\/02\/Encadrement-08-300x194.jpg 300w, https:\/\/claudinemarichal.be\/wp-content\/uploads\/2022\/02\/Encadrement-08-768x496.jpg 768w\" sizes=\"auto, (max-width: 1000px) 100vw, 1000px\" \/><\/p>\n<div style=\"clear: both;\">&nbsp;<\/div>\n<p>J&rsquo;ai peint une premi\u00e8re couche de brun puis une couche de blanc cass\u00e9 que j&rsquo;ai ponc\u00e9e une fois s\u00e8che pour faire ressortir le brun \u00e0 certains endroits et ainsi donner un aspect un peu vieilli au cadre.<\/p>\n<p><img loading=\"lazy\" decoding=\"async\" class=\"alignleft wp-image-2953 size-full\" src=\"https:\/\/claudinemarichal.be\/wp-content\/uploads\/2022\/02\/Encadrement-07.jpg\" alt=\"\" width=\"1000\" height=\"665\" srcset=\"https:\/\/claudinemarichal.be\/wp-content\/uploads\/2022\/02\/Encadrement-07.jpg 1000w, https:\/\/claudinemarichal.be\/wp-content\/uploads\/2022\/02\/Encadrement-07-300x200.jpg 300w, https:\/\/claudinemarichal.be\/wp-content\/uploads\/2022\/02\/Encadrement-07-768x511.jpg 768w\" sizes=\"auto, (max-width: 1000px) 100vw, 1000px\" \/> <img loading=\"lazy\" decoding=\"async\" class=\"alignleft wp-image-2955 size-full\" src=\"https:\/\/claudinemarichal.be\/wp-content\/uploads\/2022\/02\/Encadrement-09.jpg\" alt=\"\" width=\"1000\" height=\"665\" srcset=\"https:\/\/claudinemarichal.be\/wp-content\/uploads\/2022\/02\/Encadrement-09.jpg 1000w, https:\/\/claudinemarichal.be\/wp-content\/uploads\/2022\/02\/Encadrement-09-300x200.jpg 300w, https:\/\/claudinemarichal.be\/wp-content\/uploads\/2022\/02\/Encadrement-09-768x511.jpg 768w\" sizes=\"auto, (max-width: 1000px) 100vw, 1000px\" \/><img loading=\"lazy\" decoding=\"async\" class=\"alignleft wp-image-2956 size-full\" src=\"https:\/\/claudinemarichal.be\/wp-content\/uploads\/2022\/02\/Encadrement-10.jpg\" alt=\"\" width=\"1000\" height=\"665\" srcset=\"https:\/\/claudinemarichal.be\/wp-content\/uploads\/2022\/02\/Encadrement-10.jpg 1000w, https:\/\/claudinemarichal.be\/wp-content\/uploads\/2022\/02\/Encadrement-10-300x200.jpg 300w, https:\/\/claudinemarichal.be\/wp-content\/uploads\/2022\/02\/Encadrement-10-768x511.jpg 768w\" sizes=\"auto, (max-width: 1000px) 100vw, 1000px\" \/><\/p>\n<div style=\"clear: both;\">&nbsp;<\/div>\n<p>Pour le cadre ext\u00e9rieur, j&rsquo;ai utilis\u00e9 une chute de plinthe en pin, dont j&rsquo;ai \u00e9galement d\u00e9coup\u00e9 les angles \u00e0 45\u00b0.<\/p>\n<p><img loading=\"lazy\" decoding=\"async\" class=\"alignleft wp-image-2957 size-full\" src=\"https:\/\/claudinemarichal.be\/wp-content\/uploads\/2022\/02\/Encadrement-11.jpg\" alt=\"\" width=\"1000\" height=\"728\" srcset=\"https:\/\/claudinemarichal.be\/wp-content\/uploads\/2022\/02\/Encadrement-11.jpg 1000w, https:\/\/claudinemarichal.be\/wp-content\/uploads\/2022\/02\/Encadrement-11-300x218.jpg 300w, https:\/\/claudinemarichal.be\/wp-content\/uploads\/2022\/02\/Encadrement-11-768x559.jpg 768w\" sizes=\"auto, (max-width: 1000px) 100vw, 1000px\" \/><\/p>\n<div style=\"clear: both;\">&nbsp;<\/div>\n<p>J&rsquo;ai peint la couche de fond en bleu clair avec un restant de peinture murale.<\/p>\n<p><img loading=\"lazy\" decoding=\"async\" class=\"alignleft wp-image-2958 size-full\" src=\"https:\/\/claudinemarichal.be\/wp-content\/uploads\/2022\/02\/Encadrement-12.jpg\" alt=\"\" width=\"1000\" height=\"665\" srcset=\"https:\/\/claudinemarichal.be\/wp-content\/uploads\/2022\/02\/Encadrement-12.jpg 1000w, https:\/\/claudinemarichal.be\/wp-content\/uploads\/2022\/02\/Encadrement-12-300x200.jpg 300w, https:\/\/claudinemarichal.be\/wp-content\/uploads\/2022\/02\/Encadrement-12-768x511.jpg 768w\" sizes=\"auto, (max-width: 1000px) 100vw, 1000px\" \/><\/p>\n<div style=\"clear: both;\">&nbsp;<\/div>\n<p>Mat\u00e9riel pour la finition du cadre ext\u00e9rieur : de l&rsquo;acrylique couleur or, du brun de mon restant de peinture murale, un gros pinceau et un chiffon. J&rsquo;ai m\u00e9lang\u00e9 tr\u00e8s grossi\u00e8rement le brun et l&rsquo;or.<\/p>\n<p><img loading=\"lazy\" decoding=\"async\" class=\"alignleft wp-image-2959 size-full\" src=\"https:\/\/claudinemarichal.be\/wp-content\/uploads\/2022\/02\/Encadrement-13.jpg\" alt=\"\" width=\"1000\" height=\"665\" srcset=\"https:\/\/claudinemarichal.be\/wp-content\/uploads\/2022\/02\/Encadrement-13.jpg 1000w, https:\/\/claudinemarichal.be\/wp-content\/uploads\/2022\/02\/Encadrement-13-300x200.jpg 300w, https:\/\/claudinemarichal.be\/wp-content\/uploads\/2022\/02\/Encadrement-13-768x511.jpg 768w\" sizes=\"auto, (max-width: 1000px) 100vw, 1000px\" \/><\/p>\n<div style=\"clear: both;\">&nbsp;<\/div>\n<p>J&rsquo;ai commenc\u00e9 par appliquer le brun-or avec le gros pinceau, en laissant appara\u00eetre du bleu.<\/p>\n<p><img loading=\"lazy\" decoding=\"async\" class=\"alignleft wp-image-2960 size-full\" src=\"https:\/\/claudinemarichal.be\/wp-content\/uploads\/2022\/02\/Encadrement-14.jpg\" alt=\"\" width=\"1000\" height=\"665\" srcset=\"https:\/\/claudinemarichal.be\/wp-content\/uploads\/2022\/02\/Encadrement-14.jpg 1000w, https:\/\/claudinemarichal.be\/wp-content\/uploads\/2022\/02\/Encadrement-14-300x200.jpg 300w, https:\/\/claudinemarichal.be\/wp-content\/uploads\/2022\/02\/Encadrement-14-768x511.jpg 768w\" sizes=\"auto, (max-width: 1000px) 100vw, 1000px\" \/><br \/>\n<br style=\"clear: both;\"><\/p>\n<p>J&rsquo;ai ensuite ajout\u00e9 quelques touches de couleur or pur (;-)) et j&rsquo;ai termin\u00e9 par tapoter avec un chiffon.<\/p>\n<p><img loading=\"lazy\" decoding=\"async\" class=\"alignleft wp-image-2983 size-full\" src=\"https:\/\/claudinemarichal.be\/wp-content\/uploads\/2022\/02\/Encadrement-bois-15.jpg\" alt=\"\" width=\"1000\" height=\"665\" srcset=\"https:\/\/claudinemarichal.be\/wp-content\/uploads\/2022\/02\/Encadrement-bois-15.jpg 1000w, https:\/\/claudinemarichal.be\/wp-content\/uploads\/2022\/02\/Encadrement-bois-15-300x200.jpg 300w, https:\/\/claudinemarichal.be\/wp-content\/uploads\/2022\/02\/Encadrement-bois-15-768x511.jpg 768w\" sizes=\"auto, (max-width: 1000px) 100vw, 1000px\" \/><img loading=\"lazy\" decoding=\"async\" class=\"alignleft wp-image-2962 size-full\" src=\"https:\/\/claudinemarichal.be\/wp-content\/uploads\/2022\/02\/Encadrement-16.jpg\" alt=\"\" width=\"1000\" height=\"665\" srcset=\"https:\/\/claudinemarichal.be\/wp-content\/uploads\/2022\/02\/Encadrement-16.jpg 1000w, https:\/\/claudinemarichal.be\/wp-content\/uploads\/2022\/02\/Encadrement-16-300x200.jpg 300w, https:\/\/claudinemarichal.be\/wp-content\/uploads\/2022\/02\/Encadrement-16-768x511.jpg 768w\" sizes=\"auto, (max-width: 1000px) 100vw, 1000px\" \/><\/p>\n<div style=\"clear: both;\">&nbsp;<\/div>\n<p>J&rsquo;ai fait la m\u00eame chose \u00e0 l&rsquo;int\u00e9rieur du cadre, apr\u00e8s avoir fix\u00e9 les 2 cadres ensemble avec des petits clous et, bien s\u00fbr, apr\u00e8s avoir prot\u00e9g\u00e9 le cadre int\u00e9rieur avec du collant Tesa.<\/p>\n<p><img loading=\"lazy\" decoding=\"async\" class=\"alignleft wp-image-2964 size-full\" src=\"https:\/\/claudinemarichal.be\/wp-content\/uploads\/2022\/02\/Encadrement-18.jpg\" alt=\"\" width=\"1000\" height=\"665\" srcset=\"https:\/\/claudinemarichal.be\/wp-content\/uploads\/2022\/02\/Encadrement-18.jpg 1000w, https:\/\/claudinemarichal.be\/wp-content\/uploads\/2022\/02\/Encadrement-18-300x200.jpg 300w, https:\/\/claudinemarichal.be\/wp-content\/uploads\/2022\/02\/Encadrement-18-768x511.jpg 768w\" sizes=\"auto, (max-width: 1000px) 100vw, 1000px\" \/> <img loading=\"lazy\" decoding=\"async\" class=\"alignleft wp-image-2965 size-full\" src=\"https:\/\/claudinemarichal.be\/wp-content\/uploads\/2022\/02\/Encadrement-19.jpg\" alt=\"\" width=\"1000\" height=\"665\" srcset=\"https:\/\/claudinemarichal.be\/wp-content\/uploads\/2022\/02\/Encadrement-19.jpg 1000w, https:\/\/claudinemarichal.be\/wp-content\/uploads\/2022\/02\/Encadrement-19-300x200.jpg 300w, https:\/\/claudinemarichal.be\/wp-content\/uploads\/2022\/02\/Encadrement-19-768x511.jpg 768w\" sizes=\"auto, (max-width: 1000px) 100vw, 1000px\" \/> <img loading=\"lazy\" decoding=\"async\" class=\"alignleft wp-image-2966 size-full\" src=\"https:\/\/claudinemarichal.be\/wp-content\/uploads\/2022\/02\/Encadrement-20.jpg\" alt=\"\" width=\"1000\" height=\"665\" srcset=\"https:\/\/claudinemarichal.be\/wp-content\/uploads\/2022\/02\/Encadrement-20.jpg 1000w, https:\/\/claudinemarichal.be\/wp-content\/uploads\/2022\/02\/Encadrement-20-300x200.jpg 300w, https:\/\/claudinemarichal.be\/wp-content\/uploads\/2022\/02\/Encadrement-20-768x511.jpg 768w\" sizes=\"auto, (max-width: 1000px) 100vw, 1000px\" \/><\/p>\n<div style=\"clear: both;\">&nbsp;<\/div>\n<p>Et voil\u00e0 le r\u00e9sultat !<\/p>\n<p><img loading=\"lazy\" decoding=\"async\" class=\"alignnone wp-image-2967 size-full\" src=\"https:\/\/claudinemarichal.be\/wp-content\/uploads\/2022\/02\/Encadrement-21.jpg\" alt=\"\" width=\"1000\" height=\"665\" srcset=\"https:\/\/claudinemarichal.be\/wp-content\/uploads\/2022\/02\/Encadrement-21.jpg 1000w, https:\/\/claudinemarichal.be\/wp-content\/uploads\/2022\/02\/Encadrement-21-300x200.jpg 300w, https:\/\/claudinemarichal.be\/wp-content\/uploads\/2022\/02\/Encadrement-21-768x511.jpg 768w\" sizes=\"auto, (max-width: 1000px) 100vw, 1000px\" \/><\/p>\n<div style=\"clear: both;\">\n<p>La toile est maintenue en place avec 4 fins clous repli\u00e9s.<\/p>\n<\/div>\n<p><img loading=\"lazy\" decoding=\"async\" class=\"alignnone size-medium wp-image-2968\" src=\"https:\/\/claudinemarichal.be\/wp-content\/uploads\/2022\/02\/Encadrement-22-300x200.jpg\" alt=\"\" width=\"300\" height=\"200\" srcset=\"https:\/\/claudinemarichal.be\/wp-content\/uploads\/2022\/02\/Encadrement-22-300x200.jpg 300w, https:\/\/claudinemarichal.be\/wp-content\/uploads\/2022\/02\/Encadrement-22-768x511.jpg 768w, https:\/\/claudinemarichal.be\/wp-content\/uploads\/2022\/02\/Encadrement-22.jpg 1000w\" sizes=\"auto, (max-width: 300px) 100vw, 300px\" \/><\/p>\n<div style=\"clear: both;\">\n<p>J&rsquo;suis pas peu fi\u00e8re de mowa ! \ud83d\ude42<\/p>\n<\/div>\n<p><img loading=\"lazy\" decoding=\"async\" class=\"alignnone wp-image-2969 size-full\" src=\"https:\/\/claudinemarichal.be\/wp-content\/uploads\/2022\/02\/Encadrement-23.jpg\" alt=\"\" width=\"1000\" height=\"665\" srcset=\"https:\/\/claudinemarichal.be\/wp-content\/uploads\/2022\/02\/Encadrement-23.jpg 1000w, https:\/\/claudinemarichal.be\/wp-content\/uploads\/2022\/02\/Encadrement-23-300x200.jpg 300w, https:\/\/claudinemarichal.be\/wp-content\/uploads\/2022\/02\/Encadrement-23-768x511.jpg 768w\" sizes=\"auto, (max-width: 1000px) 100vw, 1000px\" \/><\/p>\n<div style=\"clear: both;\">&nbsp;<\/div>\n<p><img loading=\"lazy\" decoding=\"async\" class=\"alignnone wp-image-2970 size-full\" src=\"https:\/\/claudinemarichal.be\/wp-content\/uploads\/2022\/02\/Encadrement-24.jpg\" alt=\"\" width=\"1000\" height=\"665\" srcset=\"https:\/\/claudinemarichal.be\/wp-content\/uploads\/2022\/02\/Encadrement-24.jpg 1000w, https:\/\/claudinemarichal.be\/wp-content\/uploads\/2022\/02\/Encadrement-24-300x200.jpg 300w, https:\/\/claudinemarichal.be\/wp-content\/uploads\/2022\/02\/Encadrement-24-768x511.jpg 768w\" sizes=\"auto, (max-width: 1000px) 100vw, 1000px\" \/><\/p>\n<p>J&rsquo;en ai fait un deuxi\u00e8me pour une autre de mes toiles.<\/p>\n<p><img loading=\"lazy\" decoding=\"async\" class=\"alignnone wp-image-3103 size-full\" src=\"https:\/\/claudinemarichal.be\/wp-content\/uploads\/2022\/02\/Encadrement-25.jpg\" alt=\"\" width=\"1000\" height=\"669\" srcset=\"https:\/\/claudinemarichal.be\/wp-content\/uploads\/2022\/02\/Encadrement-25.jpg 1000w, https:\/\/claudinemarichal.be\/wp-content\/uploads\/2022\/02\/Encadrement-25-300x201.jpg 300w, https:\/\/claudinemarichal.be\/wp-content\/uploads\/2022\/02\/Encadrement-25-768x514.jpg 768w\" sizes=\"auto, (max-width: 1000px) 100vw, 1000px\" \/><\/p>\n","protected":false},"excerpt":{"rendered":"<p>Comment fabriquer soi-m\u00eame un encadrement en bois pour pas cher ?<\/p>\n","protected":false},"author":1,"featured_media":2986,"comment_status":"open","ping_status":"open","sticky":false,"template":"","format":"standard","meta":{"ngg_post_thumbnail":0,"footnotes":""},"categories":[15],"tags":[50,61,42,58,120,121,95,34],"class_list":["post-2946","post","type-post","status-publish","format-standard","has-post-thumbnail","hentry","category-realisations-diverses-matieres","tag-bois","tag-comment-fabriquer","tag-decoration","tag-diy","tag-encadrement","tag-or","tag-peinture","tag-shabby"],"acf":[],"_links":{"self":[{"href":"https:\/\/claudinemarichal.be\/index.php?rest_route=\/wp\/v2\/posts\/2946","targetHints":{"allow":["GET"]}}],"collection":[{"href":"https:\/\/claudinemarichal.be\/index.php?rest_route=\/wp\/v2\/posts"}],"about":[{"href":"https:\/\/claudinemarichal.be\/index.php?rest_route=\/wp\/v2\/types\/post"}],"author":[{"embeddable":true,"href":"https:\/\/claudinemarichal.be\/index.php?rest_route=\/wp\/v2\/users\/1"}],"replies":[{"embeddable":true,"href":"https:\/\/claudinemarichal.be\/index.php?rest_route=%2Fwp%2Fv2%2Fcomments&post=2946"}],"version-history":[{"count":19,"href":"https:\/\/claudinemarichal.be\/index.php?rest_route=\/wp\/v2\/posts\/2946\/revisions"}],"predecessor-version":[{"id":7187,"href":"https:\/\/claudinemarichal.be\/index.php?rest_route=\/wp\/v2\/posts\/2946\/revisions\/7187"}],"wp:featuredmedia":[{"embeddable":true,"href":"https:\/\/claudinemarichal.be\/index.php?rest_route=\/wp\/v2\/media\/2986"}],"wp:attachment":[{"href":"https:\/\/claudinemarichal.be\/index.php?rest_route=%2Fwp%2Fv2%2Fmedia&parent=2946"}],"wp:term":[{"taxonomy":"category","embeddable":true,"href":"https:\/\/claudinemarichal.be\/index.php?rest_route=%2Fwp%2Fv2%2Fcategories&post=2946"},{"taxonomy":"post_tag","embeddable":true,"href":"https:\/\/claudinemarichal.be\/index.php?rest_route=%2Fwp%2Fv2%2Ftags&post=2946"}],"curies":[{"name":"wp","href":"https:\/\/api.w.org\/{rel}","templated":true}]}}