{"id":2774,"date":"2022-01-05T16:55:40","date_gmt":"2022-01-05T15:55:40","guid":{"rendered":"https:\/\/claudinemarichal.be\/?p=2774"},"modified":"2024-06-15T20:53:46","modified_gmt":"2024-06-15T18:53:46","slug":"set-de-table-en-fil-de-jute","status":"publish","type":"post","link":"https:\/\/claudinemarichal.be\/?p=2774","title":{"rendered":"Set de table en fil de jute"},"content":{"rendered":"<p>J&rsquo;aime les mat\u00e9riaux naturels et la jute en fait partie. Apr\u00e8s&nbsp;<a href=\"https:\/\/claudinemarichal.be\/?p=2751\">le petit miroir<\/a> \u00e0 frange que j&rsquo;ai r\u00e9alis\u00e9 dans cette mati\u00e8re, j&rsquo;ai entrepris de faire un set de table.<\/p>\n<p>Mon set de table mesure 31 cm de diam\u00e8tre (sans compter la frange) et pour le r\u00e9aliser j&rsquo;ai eu besoin de 157 m\u00e8tres de corde de 3 mm d&rsquo;\u00e9paisseur. J&rsquo;ai pay\u00e9 15 \u20ac mes 2 bobines de 100 m\u00e8tres.<\/p>\n<p>J&rsquo;ai compt\u00e9 que j&rsquo;ai eu besoin de 10,50 m\u00e8tres pour la corde-guide et de 5 cordes de 2,30 m\u00e8tres pour d\u00e9buter. Le noeud d&rsquo;accroche s&rsquo;appelle &lsquo;noeud de t\u00eate d&rsquo;alouette&rsquo;.<\/p>\n<p>J&rsquo;ai chip\u00e9 une image d&rsquo;un autre site pour montrer comment commencer ; j&rsquo;ai oubli\u00e9 de prendre des photos au d\u00e9but.<\/p>\n<p><img loading=\"lazy\" decoding=\"async\" class=\"alignnone wp-image-2776 size-full\" src=\"https:\/\/claudinemarichal.be\/wp-content\/uploads\/2021\/11\/set-de-table-01.jpg\" alt=\"\" width=\"1000\" height=\"667\" srcset=\"https:\/\/claudinemarichal.be\/wp-content\/uploads\/2021\/11\/set-de-table-01.jpg 1000w, https:\/\/claudinemarichal.be\/wp-content\/uploads\/2021\/11\/set-de-table-01-300x200.jpg 300w, https:\/\/claudinemarichal.be\/wp-content\/uploads\/2021\/11\/set-de-table-01-768x512.jpg 768w\" sizes=\"auto, (max-width: 1000px) 100vw, 1000px\" \/><\/p>\n<p>Voici comment passer chaque corde autour de la corde-guide pour faire ce fameux noeud. Et photo miroir pour les gauch\u00e8res :-). Je suis gauch\u00e8re mais j&rsquo;ai travaill\u00e9 comme les droitiers et je dois avouer que ce n&rsquo;est pas d\u00e9rangeant du tout car les gestes des deux mains sont importants.<\/p>\n<p><img loading=\"lazy\" decoding=\"async\" class=\"alignnone wp-image-2787 size-full\" src=\"https:\/\/claudinemarichal.be\/wp-content\/uploads\/2021\/11\/set-de-table-02-droitier-et-gaucher.jpg\" alt=\"\" width=\"1000\" height=\"333\" srcset=\"https:\/\/claudinemarichal.be\/wp-content\/uploads\/2021\/11\/set-de-table-02-droitier-et-gaucher.jpg 1000w, https:\/\/claudinemarichal.be\/wp-content\/uploads\/2021\/11\/set-de-table-02-droitier-et-gaucher-300x100.jpg 300w, https:\/\/claudinemarichal.be\/wp-content\/uploads\/2021\/11\/set-de-table-02-droitier-et-gaucher-768x256.jpg 768w\" sizes=\"auto, (max-width: 1000px) 100vw, 1000px\" \/><\/p>\n<p>Apr\u00e8s quelques tours &#8230;<\/p>\n<p><img loading=\"lazy\" decoding=\"async\" class=\"alignnone wp-image-2780 size-full\" src=\"https:\/\/claudinemarichal.be\/wp-content\/uploads\/2021\/11\/set-de-table-03.jpg\" alt=\"\" width=\"1000\" height=\"665\" srcset=\"https:\/\/claudinemarichal.be\/wp-content\/uploads\/2021\/11\/set-de-table-03.jpg 1000w, https:\/\/claudinemarichal.be\/wp-content\/uploads\/2021\/11\/set-de-table-03-300x200.jpg 300w, https:\/\/claudinemarichal.be\/wp-content\/uploads\/2021\/11\/set-de-table-03-768x511.jpg 768w\" sizes=\"auto, (max-width: 1000px) 100vw, 1000px\" \/><\/p>\n<p>Quand l&rsquo;espace entre deux cordes est un peu large, on ajoute une corde pli\u00e9e en deux, dont on calcule la longueur en mesurant une des cordes de gauche x 2.<\/p>\n<p><img loading=\"lazy\" decoding=\"async\" class=\"alignnone wp-image-2781 size-full\" src=\"https:\/\/claudinemarichal.be\/wp-content\/uploads\/2021\/11\/set-de-table-04.jpg\" alt=\"\" width=\"1000\" height=\"665\" srcset=\"https:\/\/claudinemarichal.be\/wp-content\/uploads\/2021\/11\/set-de-table-04.jpg 1000w, https:\/\/claudinemarichal.be\/wp-content\/uploads\/2021\/11\/set-de-table-04-300x200.jpg 300w, https:\/\/claudinemarichal.be\/wp-content\/uploads\/2021\/11\/set-de-table-04-768x511.jpg 768w\" sizes=\"auto, (max-width: 1000px) 100vw, 1000px\" \/><\/p>\n<p>J&rsquo;ai coup\u00e9 grossi\u00e8rement la frange. Ces restes que vous voyez sur la gauche ont \u00e9t\u00e9 d\u00e9compt\u00e9s pour donner les mesures justes indiqu\u00e9es au d\u00e9but de la page.<\/p>\n<p><img loading=\"lazy\" decoding=\"async\" class=\"alignnone wp-image-2782 size-full\" src=\"https:\/\/claudinemarichal.be\/wp-content\/uploads\/2021\/11\/set-de-table-05.jpg\" alt=\"\" width=\"1000\" height=\"665\" srcset=\"https:\/\/claudinemarichal.be\/wp-content\/uploads\/2021\/11\/set-de-table-05.jpg 1000w, https:\/\/claudinemarichal.be\/wp-content\/uploads\/2021\/11\/set-de-table-05-300x200.jpg 300w, https:\/\/claudinemarichal.be\/wp-content\/uploads\/2021\/11\/set-de-table-05-768x511.jpg 768w\" sizes=\"auto, (max-width: 1000px) 100vw, 1000px\" \/><\/p>\n<p>Chaque bout de corde est ensuite d\u00e9fait en le tournant entre les doigts.&nbsp; Ce travail &#8211; assez long &#8211; termin\u00e9, j&rsquo;ai coup\u00e9 la frange \u00e0 5,5 cm tout autour. Le diam\u00e8tre total fait donc 42 cm.<\/p>\n<p><img loading=\"lazy\" decoding=\"async\" class=\"alignnone wp-image-2783 size-full\" src=\"https:\/\/claudinemarichal.be\/wp-content\/uploads\/2021\/11\/set-de-table-06.jpg\" alt=\"\" width=\"1000\" height=\"665\" srcset=\"https:\/\/claudinemarichal.be\/wp-content\/uploads\/2021\/11\/set-de-table-06.jpg 1000w, https:\/\/claudinemarichal.be\/wp-content\/uploads\/2021\/11\/set-de-table-06-300x200.jpg 300w, https:\/\/claudinemarichal.be\/wp-content\/uploads\/2021\/11\/set-de-table-06-768x511.jpg 768w\" sizes=\"auto, (max-width: 1000px) 100vw, 1000px\" \/><\/p>\n<p>La pi\u00e8ce termin\u00e9e gondole un peu. Un coup de fer est n\u00e9cessaire pour l&rsquo;aplatir.<\/p>\n<p><img loading=\"lazy\" decoding=\"async\" class=\"alignnone wp-image-2784 size-full\" src=\"https:\/\/claudinemarichal.be\/wp-content\/uploads\/2021\/11\/set-de-table-07.jpg\" alt=\"\" width=\"1000\" height=\"665\" srcset=\"https:\/\/claudinemarichal.be\/wp-content\/uploads\/2021\/11\/set-de-table-07.jpg 1000w, https:\/\/claudinemarichal.be\/wp-content\/uploads\/2021\/11\/set-de-table-07-300x200.jpg 300w, https:\/\/claudinemarichal.be\/wp-content\/uploads\/2021\/11\/set-de-table-07-768x511.jpg 768w\" sizes=\"auto, (max-width: 1000px) 100vw, 1000px\" \/><\/p>\n<p>Et voil\u00e0 !<\/p>\n<p><img loading=\"lazy\" decoding=\"async\" class=\"alignnone wp-image-2785 size-full\" src=\"https:\/\/claudinemarichal.be\/wp-content\/uploads\/2021\/11\/set-de-table-08.jpg\" alt=\"\" width=\"1000\" height=\"665\" srcset=\"https:\/\/claudinemarichal.be\/wp-content\/uploads\/2021\/11\/set-de-table-08.jpg 1000w, https:\/\/claudinemarichal.be\/wp-content\/uploads\/2021\/11\/set-de-table-08-300x200.jpg 300w, https:\/\/claudinemarichal.be\/wp-content\/uploads\/2021\/11\/set-de-table-08-768x511.jpg 768w\" sizes=\"auto, (max-width: 1000px) 100vw, 1000px\" \/><\/p>\n<p>J&rsquo;en ai fait un deuxi\u00e8me avec de la corde de 2 mm d&rsquo;\u00e9paisseur. Plus elle est mince plus c&rsquo;est fastidieux !<\/p>\n<p><img loading=\"lazy\" decoding=\"async\" class=\"alignnone wp-image-2786 size-full\" src=\"https:\/\/claudinemarichal.be\/wp-content\/uploads\/2021\/11\/set-de-table-09.jpg\" alt=\"\" width=\"665\" height=\"1000\" srcset=\"https:\/\/claudinemarichal.be\/wp-content\/uploads\/2021\/11\/set-de-table-09.jpg 665w, https:\/\/claudinemarichal.be\/wp-content\/uploads\/2021\/11\/set-de-table-09-200x300.jpg 200w\" sizes=\"auto, (max-width: 665px) 100vw, 665px\" \/><\/p>\n<p>Et voil\u00e0 un set de table pour une personne ;-).<\/p>\n<p><img loading=\"lazy\" decoding=\"async\" class=\"alignnone wp-image-2792 size-full\" src=\"https:\/\/claudinemarichal.be\/wp-content\/uploads\/2021\/11\/set-de-table-11.jpg\" alt=\"\" width=\"1000\" height=\"575\" srcset=\"https:\/\/claudinemarichal.be\/wp-content\/uploads\/2021\/11\/set-de-table-11.jpg 1000w, https:\/\/claudinemarichal.be\/wp-content\/uploads\/2021\/11\/set-de-table-11-300x173.jpg 300w, https:\/\/claudinemarichal.be\/wp-content\/uploads\/2021\/11\/set-de-table-11-768x442.jpg 768w\" sizes=\"auto, (max-width: 1000px) 100vw, 1000px\" \/><\/p>\n<p>&nbsp;<\/p>\n<p>J&rsquo;en ai fait un autre en utilisant une autre technique, qui consomme moins de corde.<\/p>\n<p><img loading=\"lazy\" decoding=\"async\" class=\"alignnone wp-image-2844 size-full\" src=\"https:\/\/claudinemarichal.be\/wp-content\/uploads\/2021\/11\/set-de-table-12.jpg\" alt=\"\" width=\"1000\" height=\"665\" srcset=\"https:\/\/claudinemarichal.be\/wp-content\/uploads\/2021\/11\/set-de-table-12.jpg 1000w, https:\/\/claudinemarichal.be\/wp-content\/uploads\/2021\/11\/set-de-table-12-300x200.jpg 300w, https:\/\/claudinemarichal.be\/wp-content\/uploads\/2021\/11\/set-de-table-12-768x511.jpg 768w\" sizes=\"auto, (max-width: 1000px) 100vw, 1000px\" \/><\/p>\n<p>J&rsquo;ai d\u00e9coup\u00e9 un cercle dans du li\u00e8ge de 2 mm d&rsquo;\u00e9paisseur. Le diam\u00e8tre est de 33 cm. Comptez une apr\u00e8s-midi pour coller toute la surface. Il m&rsquo;a fallu 12 b\u00e2tons de colle (les fins) !<\/p>\n<p><img loading=\"lazy\" decoding=\"async\" class=\"alignnone wp-image-2845 size-full\" src=\"https:\/\/claudinemarichal.be\/wp-content\/uploads\/2021\/11\/set-de-table-13.jpg\" alt=\"\" width=\"1000\" height=\"665\" srcset=\"https:\/\/claudinemarichal.be\/wp-content\/uploads\/2021\/11\/set-de-table-13.jpg 1000w, https:\/\/claudinemarichal.be\/wp-content\/uploads\/2021\/11\/set-de-table-13-300x200.jpg 300w, https:\/\/claudinemarichal.be\/wp-content\/uploads\/2021\/11\/set-de-table-13-768x511.jpg 768w\" sizes=\"auto, (max-width: 1000px) 100vw, 1000px\" \/><\/p>\n<p>J&rsquo;ai laiss\u00e9 un bord de \u00b1 5 mm pour pouvoir coller la guirlande de floches (pour les noeuds, voir + haut ou dans <a href=\"https:\/\/claudinemarichal.be\/?p=2751\">Miroir boh\u00e8me<\/a>). Ca prend un temps fou, surtout l&rsquo;effrangement !<\/p>\n<p><img loading=\"lazy\" decoding=\"async\" class=\"alignnone wp-image-2846 size-full\" src=\"https:\/\/claudinemarichal.be\/wp-content\/uploads\/2021\/11\/set-de-table-14.jpg\" alt=\"\" width=\"1000\" height=\"665\" srcset=\"https:\/\/claudinemarichal.be\/wp-content\/uploads\/2021\/11\/set-de-table-14.jpg 1000w, https:\/\/claudinemarichal.be\/wp-content\/uploads\/2021\/11\/set-de-table-14-300x200.jpg 300w, https:\/\/claudinemarichal.be\/wp-content\/uploads\/2021\/11\/set-de-table-14-768x511.jpg 768w\" sizes=\"auto, (max-width: 1000px) 100vw, 1000px\" \/><\/p>\n<p>J&rsquo;en ai fait un deuxi\u00e8me. Il est mieux r\u00e9ussi, je trouve. Je vais encore en faire 2 pour qu&rsquo;il y en ait pour les invit\u00e9s aussi. Avec 2 bobines de 100 m\u00e8tres, je ne peux en faire que 4. J&rsquo;ai m\u00eame d\u00fb entamer une 3e bobine.<\/p>\n<p><img loading=\"lazy\" decoding=\"async\" class=\"alignnone wp-image-2847 size-full\" src=\"https:\/\/claudinemarichal.be\/wp-content\/uploads\/2021\/11\/set-de-table-15.jpg\" alt=\"\" width=\"1000\" height=\"665\" srcset=\"https:\/\/claudinemarichal.be\/wp-content\/uploads\/2021\/11\/set-de-table-15.jpg 1000w, https:\/\/claudinemarichal.be\/wp-content\/uploads\/2021\/11\/set-de-table-15-300x200.jpg 300w, https:\/\/claudinemarichal.be\/wp-content\/uploads\/2021\/11\/set-de-table-15-768x511.jpg 768w\" sizes=\"auto, (max-width: 1000px) 100vw, 1000px\" \/><\/p>\n<p>&nbsp;<\/p>\n<p>Et voil\u00e0, j&rsquo;en ai 4.<\/p>\n<p><img loading=\"lazy\" decoding=\"async\" class=\"alignnone wp-image-2880 size-full\" src=\"https:\/\/claudinemarichal.be\/wp-content\/uploads\/2021\/11\/set-de-table-17.jpg\" alt=\"\" width=\"1000\" height=\"665\" srcset=\"https:\/\/claudinemarichal.be\/wp-content\/uploads\/2021\/11\/set-de-table-17.jpg 1000w, https:\/\/claudinemarichal.be\/wp-content\/uploads\/2021\/11\/set-de-table-17-300x200.jpg 300w, https:\/\/claudinemarichal.be\/wp-content\/uploads\/2021\/11\/set-de-table-17-768x511.jpg 768w\" sizes=\"auto, (max-width: 1000px) 100vw, 1000px\" \/><\/p>\n","protected":false},"excerpt":{"rendered":"<p>J&rsquo;aime les mat\u00e9riaux naturels et la jute en fait partie. Apr\u00e8s&nbsp;le petit miroir \u00e0 frange que j&rsquo;ai r\u00e9alis\u00e9 dans cette mati\u00e8re, j&rsquo;ai entrepris de faire un set de table. Mon set de table mesure 31 cm de diam\u00e8tre (sans compter la frange) et pour le r\u00e9aliser j&rsquo;ai eu besoin de 157 m\u00e8tres de corde de 3 mm d&rsquo;\u00e9paisseur. J&rsquo;ai pay\u00e9 15 \u20ac mes 2 bobines de 100 m\u00e8tres. J&rsquo;ai compt\u00e9 que j&rsquo;ai eu besoin de 10,50 m\u00e8tres pour la corde-guide et de 5 cordes de 2,30 m\u00e8tres pour d\u00e9buter. Le noeud d&rsquo;accroche s&rsquo;appelle &lsquo;noeud de t\u00eate d&rsquo;alouette&rsquo;. J&rsquo;ai chip\u00e9 une image d&rsquo;un autre site pour montrer comment commencer ; j&rsquo;ai oubli\u00e9 de prendre des photos au d\u00e9but. Voici comment passer chaque corde autour de la corde-guide pour faire ce fameux noeud. Et photo miroir pour les gauch\u00e8res :-). Je suis gauch\u00e8re mais j&rsquo;ai travaill\u00e9 comme les droitiers et je dois avouer que ce n&rsquo;est pas d\u00e9rangeant du tout car les gestes des deux mains sont importants. Apr\u00e8s quelques tours &#8230; Quand l&rsquo;espace entre deux cordes est un peu large, on ajoute une corde pli\u00e9e en deux, dont on calcule la longueur en mesurant une des cordes de gauche x 2. J&rsquo;ai coup\u00e9 grossi\u00e8rement la frange. Ces restes que vous voyez sur la gauche ont \u00e9t\u00e9 d\u00e9compt\u00e9s pour donner les mesures justes indiqu\u00e9es au d\u00e9but de la page. Chaque bout de corde est ensuite d\u00e9fait en le tournant entre les doigts.&nbsp; Ce travail &#8211; assez long &#8211; termin\u00e9, j&rsquo;ai coup\u00e9 la frange \u00e0 5,5 cm tout autour. Le diam\u00e8tre total fait donc 42 cm. La pi\u00e8ce termin\u00e9e gondole un peu. Un coup de fer est n\u00e9cessaire pour l&rsquo;aplatir. Et voil\u00e0 ! J&rsquo;en ai fait un deuxi\u00e8me avec de la corde de 2 mm d&rsquo;\u00e9paisseur. Plus elle est mince plus c&rsquo;est fastidieux ! Et voil\u00e0 un set de table pour une personne ;-). &nbsp; J&rsquo;en ai fait un autre en utilisant une autre technique, qui consomme moins de corde. J&rsquo;ai d\u00e9coup\u00e9 un cercle dans du li\u00e8ge de 2 mm d&rsquo;\u00e9paisseur. Le diam\u00e8tre est de 33 cm. Comptez une apr\u00e8s-midi pour coller toute la surface. Il m&rsquo;a fallu 12 b\u00e2tons de colle (les fins) ! J&rsquo;ai laiss\u00e9 un bord de \u00b1 5 mm pour pouvoir coller la guirlande de floches (pour les noeuds, voir + haut ou dans Miroir boh\u00e8me). Ca prend un temps fou, surtout l&rsquo;effrangement ! J&rsquo;en ai fait un deuxi\u00e8me. Il est mieux r\u00e9ussi, je trouve. Je vais encore en faire 2 pour qu&rsquo;il y en ait pour les invit\u00e9s aussi. Avec 2 bobines de 100 m\u00e8tres, je ne peux en faire que 4. J&rsquo;ai m\u00eame d\u00fb entamer une 3e bobine. &nbsp; Et voil\u00e0, j&rsquo;en ai 4.<\/p>\n","protected":false},"author":1,"featured_media":2793,"comment_status":"open","ping_status":"open","sticky":false,"template":"","format":"standard","meta":{"ngg_post_thumbnail":0,"footnotes":""},"categories":[5,15],"tags":[61,42,58,109,111,108,110,37,116,89],"class_list":["post-2774","post","type-post","status-publish","format-standard","has-post-thumbnail","hentry","category-article","category-realisations-diverses-matieres","tag-comment-fabriquer","tag-decoration","tag-diy","tag-ficelle","tag-fil-de-jute","tag-jute","tag-macrame","tag-napperon","tag-placemat","tag-table"],"acf":[],"_links":{"self":[{"href":"https:\/\/claudinemarichal.be\/index.php?rest_route=\/wp\/v2\/posts\/2774","targetHints":{"allow":["GET"]}}],"collection":[{"href":"https:\/\/claudinemarichal.be\/index.php?rest_route=\/wp\/v2\/posts"}],"about":[{"href":"https:\/\/claudinemarichal.be\/index.php?rest_route=\/wp\/v2\/types\/post"}],"author":[{"embeddable":true,"href":"https:\/\/claudinemarichal.be\/index.php?rest_route=\/wp\/v2\/users\/1"}],"replies":[{"embeddable":true,"href":"https:\/\/claudinemarichal.be\/index.php?rest_route=%2Fwp%2Fv2%2Fcomments&post=2774"}],"version-history":[{"count":21,"href":"https:\/\/claudinemarichal.be\/index.php?rest_route=\/wp\/v2\/posts\/2774\/revisions"}],"predecessor-version":[{"id":6436,"href":"https:\/\/claudinemarichal.be\/index.php?rest_route=\/wp\/v2\/posts\/2774\/revisions\/6436"}],"wp:featuredmedia":[{"embeddable":true,"href":"https:\/\/claudinemarichal.be\/index.php?rest_route=\/wp\/v2\/media\/2793"}],"wp:attachment":[{"href":"https:\/\/claudinemarichal.be\/index.php?rest_route=%2Fwp%2Fv2%2Fmedia&parent=2774"}],"wp:term":[{"taxonomy":"category","embeddable":true,"href":"https:\/\/claudinemarichal.be\/index.php?rest_route=%2Fwp%2Fv2%2Fcategories&post=2774"},{"taxonomy":"post_tag","embeddable":true,"href":"https:\/\/claudinemarichal.be\/index.php?rest_route=%2Fwp%2Fv2%2Ftags&post=2774"}],"curies":[{"name":"wp","href":"https:\/\/api.w.org\/{rel}","templated":true}]}}