{"id":2633,"date":"2021-09-09T20:36:15","date_gmt":"2021-09-09T18:36:15","guid":{"rendered":"https:\/\/claudinemarichal.be\/?p=2633"},"modified":"2022-10-30T22:23:51","modified_gmt":"2022-10-30T21:23:51","slug":"vase-vintage","status":"publish","type":"post","link":"https:\/\/claudinemarichal.be\/?p=2633","title":{"rendered":"Vase vintage"},"content":{"rendered":"<p>J&rsquo;ai trouv\u00e9 ce vase d\u00e9mod\u00e9 mais int\u00e9ressant dans une donnerie. Il mesure 30 cm de haut et est en parfait \u00e9tat. Les id\u00e9es pour lui donner un look plus actuel ne manquent pas sur Pinterest et j&rsquo;ai eu envie de m&rsquo;y essayer.<\/p>\n<p><img loading=\"lazy\" decoding=\"async\" class=\"alignnone wp-image-2635 size-full\" src=\"https:\/\/claudinemarichal.be\/wp-content\/uploads\/2021\/08\/vase-bleu-01.jpg\" alt=\"\" width=\"665\" height=\"1000\" srcset=\"https:\/\/claudinemarichal.be\/wp-content\/uploads\/2021\/08\/vase-bleu-01.jpg 665w, https:\/\/claudinemarichal.be\/wp-content\/uploads\/2021\/08\/vase-bleu-01-200x300.jpg 200w\" sizes=\"auto, (max-width: 665px) 100vw, 665px\" \/><\/p>\n<p>J&rsquo;ai d&rsquo;abord recouvert le vase d&rsquo;une couche de craie min\u00e9rale (chalk) pour donner du relief. C&rsquo;est une sorte de pl\u00e2tre de Paris.<\/p>\n<p>J&rsquo;ai ensuite confectionn\u00e9 mes peintures en m\u00e9langeant des pigments au liant vinylique (ac\u00e9tate de polyvinyle).<\/p>\n<p><img loading=\"lazy\" decoding=\"async\" class=\"alignnone size-medium wp-image-2634\" src=\"https:\/\/claudinemarichal.be\/wp-content\/uploads\/2021\/08\/Craie-minerale-300x200.jpg\" alt=\"\" width=\"300\" height=\"200\" srcset=\"https:\/\/claudinemarichal.be\/wp-content\/uploads\/2021\/08\/Craie-minerale-300x200.jpg 300w, https:\/\/claudinemarichal.be\/wp-content\/uploads\/2021\/08\/Craie-minerale-768x511.jpg 768w, https:\/\/claudinemarichal.be\/wp-content\/uploads\/2021\/08\/Craie-minerale.jpg 1000w\" sizes=\"auto, (max-width: 300px) 100vw, 300px\" \/><\/p>\n<p><img loading=\"lazy\" decoding=\"async\" class=\"alignnone wp-image-2636 size-full\" src=\"https:\/\/claudinemarichal.be\/wp-content\/uploads\/2021\/08\/vase-bleu-02.jpg\" alt=\"\" width=\"665\" height=\"1000\" srcset=\"https:\/\/claudinemarichal.be\/wp-content\/uploads\/2021\/08\/vase-bleu-02.jpg 665w, https:\/\/claudinemarichal.be\/wp-content\/uploads\/2021\/08\/vase-bleu-02-200x300.jpg 200w\" sizes=\"auto, (max-width: 665px) 100vw, 665px\" \/><\/p>\n<p>Apr\u00e8s avoir mis le pot en couleurs puis appliqu\u00e9 une couche de blanc, frott\u00e9 avec un chiffon, je suis arriv\u00e9e \u00e0 ce r\u00e9sultat ci-dessous, mais je n&rsquo;\u00e9tais pas contente. Trop blanc, pas assez de contrastes.<\/p>\n<p>J&rsquo;ai trouv\u00e9 s\u00e9duisante l&rsquo;id\u00e9e d&rsquo;une saillie tout autour en collant un cordon \u00e0 l&rsquo;endroit o\u00f9 le vase est le plus large.<\/p>\n<p><img loading=\"lazy\" decoding=\"async\" class=\"alignnone wp-image-2637 size-full\" src=\"https:\/\/claudinemarichal.be\/wp-content\/uploads\/2021\/08\/vase-bleu-03.jpg\" alt=\"\" width=\"665\" height=\"1000\" srcset=\"https:\/\/claudinemarichal.be\/wp-content\/uploads\/2021\/08\/vase-bleu-03.jpg 665w, https:\/\/claudinemarichal.be\/wp-content\/uploads\/2021\/08\/vase-bleu-03-200x300.jpg 200w\" sizes=\"auto, (max-width: 665px) 100vw, 665px\" \/><\/p>\n<p><img loading=\"lazy\" decoding=\"async\" class=\"alignnone wp-image-2638 size-full\" src=\"https:\/\/claudinemarichal.be\/wp-content\/uploads\/2021\/08\/vase-bleu-04.jpg\" alt=\"\" width=\"665\" height=\"1000\" srcset=\"https:\/\/claudinemarichal.be\/wp-content\/uploads\/2021\/08\/vase-bleu-04.jpg 665w, https:\/\/claudinemarichal.be\/wp-content\/uploads\/2021\/08\/vase-bleu-04-200x300.jpg 200w\" sizes=\"auto, (max-width: 665px) 100vw, 665px\" \/><\/p>\n<p>Ici, j&rsquo;ai appliqu\u00e9 au chiffon une couche de peinture vert d&rsquo;eau puis, par-dessus, une couche d&rsquo;un m\u00e9lange de bleu azur, noir ivoire et blanc de titane.<\/p>\n<p><img loading=\"lazy\" decoding=\"async\" class=\"alignnone wp-image-2639 size-full\" src=\"https:\/\/claudinemarichal.be\/wp-content\/uploads\/2021\/08\/vase-bleu-05.jpg\" alt=\"\" width=\"665\" height=\"1000\" srcset=\"https:\/\/claudinemarichal.be\/wp-content\/uploads\/2021\/08\/vase-bleu-05.jpg 665w, https:\/\/claudinemarichal.be\/wp-content\/uploads\/2021\/08\/vase-bleu-05-200x300.jpg 200w\" sizes=\"auto, (max-width: 665px) 100vw, 665px\" \/><\/p>\n<p>J&rsquo;ai ensuite fonc\u00e9 mon m\u00e9lange en ajoutant du noir d&rsquo;ivoire. Ca donne plus de contrastes. Voil\u00e0, voil\u00e0, maintenant je suis contente !<\/p>\n<p><img loading=\"lazy\" decoding=\"async\" class=\"alignnone wp-image-2641 size-full\" src=\"https:\/\/claudinemarichal.be\/wp-content\/uploads\/2021\/08\/vase-bleu-07.jpg\" alt=\"\" width=\"665\" height=\"1000\" srcset=\"https:\/\/claudinemarichal.be\/wp-content\/uploads\/2021\/08\/vase-bleu-07.jpg 665w, https:\/\/claudinemarichal.be\/wp-content\/uploads\/2021\/08\/vase-bleu-07-200x300.jpg 200w\" sizes=\"auto, (max-width: 665px) 100vw, 665px\" \/><\/p>\n<p>Une amie m&rsquo;a dit \u00ab\u00a0on dirait qu&rsquo;il est en pierre !\u00a0\u00bb<\/p>\n<p><img loading=\"lazy\" decoding=\"async\" class=\"alignnone wp-image-2642 size-full\" src=\"https:\/\/claudinemarichal.be\/wp-content\/uploads\/2021\/08\/vase-bleu-08.jpg\" alt=\"\" width=\"665\" height=\"1000\" srcset=\"https:\/\/claudinemarichal.be\/wp-content\/uploads\/2021\/08\/vase-bleu-08.jpg 665w, https:\/\/claudinemarichal.be\/wp-content\/uploads\/2021\/08\/vase-bleu-08-200x300.jpg 200w\" sizes=\"auto, (max-width: 665px) 100vw, 665px\" \/><\/p>\n<p><img loading=\"lazy\" decoding=\"async\" class=\"alignnone wp-image-2643 size-full\" src=\"https:\/\/claudinemarichal.be\/wp-content\/uploads\/2021\/08\/vase-bleu-09.jpg\" alt=\"\" width=\"1000\" height=\"665\" srcset=\"https:\/\/claudinemarichal.be\/wp-content\/uploads\/2021\/08\/vase-bleu-09.jpg 1000w, https:\/\/claudinemarichal.be\/wp-content\/uploads\/2021\/08\/vase-bleu-09-300x200.jpg 300w, https:\/\/claudinemarichal.be\/wp-content\/uploads\/2021\/08\/vase-bleu-09-768x511.jpg 768w\" sizes=\"auto, (max-width: 1000px) 100vw, 1000px\" \/><\/p>\n<p><img loading=\"lazy\" decoding=\"async\" class=\"alignnone wp-image-2640 size-full\" src=\"https:\/\/claudinemarichal.be\/wp-content\/uploads\/2021\/08\/vase-bleu-06.jpg\" alt=\"\" width=\"1000\" height=\"704\" srcset=\"https:\/\/claudinemarichal.be\/wp-content\/uploads\/2021\/08\/vase-bleu-06.jpg 1000w, https:\/\/claudinemarichal.be\/wp-content\/uploads\/2021\/08\/vase-bleu-06-300x211.jpg 300w, https:\/\/claudinemarichal.be\/wp-content\/uploads\/2021\/08\/vase-bleu-06-768x541.jpg 768w\" sizes=\"auto, (max-width: 1000px) 100vw, 1000px\" \/><\/p>\n<p>J&rsquo;ai trouv\u00e9 un vase presque pareil dans une brocante, \u00e0 seulement 3 \u20ac, dans un \u00e9tat impeccable \u00e9galement. Cette fois-ci, j&rsquo;ai coll\u00e9 2 cordons sur le vase avant de le peindre et je suis pass\u00e9e directement au m\u00e9lange craie-pigment vert d&rsquo;eau &#8211; liant &#8211; eau.<\/p>\n<p><img loading=\"lazy\" decoding=\"async\" class=\"alignnone wp-image-2715 size-full\" src=\"https:\/\/claudinemarichal.be\/wp-content\/uploads\/2021\/08\/vase-bleu-b-01.jpg\" alt=\"\" width=\"1000\" height=\"665\" srcset=\"https:\/\/claudinemarichal.be\/wp-content\/uploads\/2021\/08\/vase-bleu-b-01.jpg 1000w, https:\/\/claudinemarichal.be\/wp-content\/uploads\/2021\/08\/vase-bleu-b-01-300x200.jpg 300w, https:\/\/claudinemarichal.be\/wp-content\/uploads\/2021\/08\/vase-bleu-b-01-768x511.jpg 768w\" sizes=\"auto, (max-width: 1000px) 100vw, 1000px\" \/><\/p>\n<p><img loading=\"lazy\" decoding=\"async\" class=\"alignnone wp-image-2716 size-full\" src=\"https:\/\/claudinemarichal.be\/wp-content\/uploads\/2021\/08\/vase-bleu-b-02.jpg\" alt=\"\" width=\"1000\" height=\"665\" srcset=\"https:\/\/claudinemarichal.be\/wp-content\/uploads\/2021\/08\/vase-bleu-b-02.jpg 1000w, https:\/\/claudinemarichal.be\/wp-content\/uploads\/2021\/08\/vase-bleu-b-02-300x200.jpg 300w, https:\/\/claudinemarichal.be\/wp-content\/uploads\/2021\/08\/vase-bleu-b-02-768x511.jpg 768w\" sizes=\"auto, (max-width: 1000px) 100vw, 1000px\" \/><\/p>\n<p>J&rsquo;ai appliqu\u00e9 un m\u00e9lange craie-pigments bleu azur, noir ivoire et blanc titane au pinceau, en fon\u00e7ant avec un ajout de noir \u00e0 chaque couche.<\/p>\n<p><img loading=\"lazy\" decoding=\"async\" class=\"alignnone wp-image-2717 size-full\" src=\"https:\/\/claudinemarichal.be\/wp-content\/uploads\/2021\/08\/vase-bleu-b-03.jpg\" alt=\"\" width=\"1000\" height=\"665\" srcset=\"https:\/\/claudinemarichal.be\/wp-content\/uploads\/2021\/08\/vase-bleu-b-03.jpg 1000w, https:\/\/claudinemarichal.be\/wp-content\/uploads\/2021\/08\/vase-bleu-b-03-300x200.jpg 300w, https:\/\/claudinemarichal.be\/wp-content\/uploads\/2021\/08\/vase-bleu-b-03-768x511.jpg 768w\" sizes=\"auto, (max-width: 1000px) 100vw, 1000px\" \/><\/p>\n<p><img loading=\"lazy\" decoding=\"async\" class=\"alignnone wp-image-2718 size-full\" src=\"https:\/\/claudinemarichal.be\/wp-content\/uploads\/2021\/08\/vase-bleu-b-04.jpg\" alt=\"\" width=\"1000\" height=\"665\" srcset=\"https:\/\/claudinemarichal.be\/wp-content\/uploads\/2021\/08\/vase-bleu-b-04.jpg 1000w, https:\/\/claudinemarichal.be\/wp-content\/uploads\/2021\/08\/vase-bleu-b-04-300x200.jpg 300w, https:\/\/claudinemarichal.be\/wp-content\/uploads\/2021\/08\/vase-bleu-b-04-768x511.jpg 768w\" sizes=\"auto, (max-width: 1000px) 100vw, 1000px\" \/><\/p>\n","protected":false},"excerpt":{"rendered":"<p>J&rsquo;ai trouv\u00e9 ce vase d\u00e9mod\u00e9 mais int\u00e9ressant dans une donnerie. Il mesure 30 cm de haut et est en parfait \u00e9tat. Les id\u00e9es pour lui donner un look plus actuel ne manquent pas sur Pinterest et j&rsquo;ai eu envie de m&rsquo;y essayer. J&rsquo;ai d&rsquo;abord recouvert le vase d&rsquo;une couche de craie min\u00e9rale (chalk) pour donner du relief. C&rsquo;est une sorte de pl\u00e2tre de Paris. J&rsquo;ai ensuite confectionn\u00e9 mes peintures en m\u00e9langeant des pigments au liant vinylique (ac\u00e9tate de polyvinyle). Apr\u00e8s avoir mis le pot en couleurs puis appliqu\u00e9 une couche de blanc, frott\u00e9 avec un chiffon, je suis arriv\u00e9e \u00e0 ce r\u00e9sultat ci-dessous, mais je n&rsquo;\u00e9tais pas contente. Trop blanc, pas assez de contrastes. J&rsquo;ai trouv\u00e9 s\u00e9duisante l&rsquo;id\u00e9e d&rsquo;une saillie tout autour en collant un cordon \u00e0 l&rsquo;endroit o\u00f9 le vase est le plus large. Ici, j&rsquo;ai appliqu\u00e9 au chiffon une couche de peinture vert d&rsquo;eau puis, par-dessus, une couche d&rsquo;un m\u00e9lange de bleu azur, noir ivoire et blanc de titane. J&rsquo;ai ensuite fonc\u00e9 mon m\u00e9lange en ajoutant du noir d&rsquo;ivoire. Ca donne plus de contrastes. Voil\u00e0, voil\u00e0, maintenant je suis contente ! Une amie m&rsquo;a dit \u00ab\u00a0on dirait qu&rsquo;il est en pierre !\u00a0\u00bb J&rsquo;ai trouv\u00e9 un vase presque pareil dans une brocante, \u00e0 seulement 3 \u20ac, dans un \u00e9tat impeccable \u00e9galement. Cette fois-ci, j&rsquo;ai coll\u00e9 2 cordons sur le vase avant de le peindre et je suis pass\u00e9e directement au m\u00e9lange craie-pigment vert d&rsquo;eau &#8211; liant &#8211; eau. J&rsquo;ai appliqu\u00e9 un m\u00e9lange craie-pigments bleu azur, noir ivoire et blanc titane au pinceau, en fon\u00e7ant avec un ajout de noir \u00e0 chaque couche.<\/p>\n","protected":false},"author":1,"featured_media":2642,"comment_status":"open","ping_status":"open","sticky":false,"template":"","format":"standard","meta":{"ngg_post_thumbnail":0,"footnotes":""},"categories":[15],"tags":[101,61,97,42,58,95,98,43,96,34,28,32],"class_list":["post-2633","post","type-post","status-publish","format-standard","has-post-thumbnail","hentry","category-realisations-diverses-matieres","tag-chalk-paint","tag-comment-fabriquer","tag-craie","tag-decoration","tag-diy","tag-peinture","tag-pigment","tag-pot","tag-rustique","tag-shabby","tag-vase","tag-vintage"],"acf":[],"_links":{"self":[{"href":"https:\/\/claudinemarichal.be\/index.php?rest_route=\/wp\/v2\/posts\/2633","targetHints":{"allow":["GET"]}}],"collection":[{"href":"https:\/\/claudinemarichal.be\/index.php?rest_route=\/wp\/v2\/posts"}],"about":[{"href":"https:\/\/claudinemarichal.be\/index.php?rest_route=\/wp\/v2\/types\/post"}],"author":[{"embeddable":true,"href":"https:\/\/claudinemarichal.be\/index.php?rest_route=\/wp\/v2\/users\/1"}],"replies":[{"embeddable":true,"href":"https:\/\/claudinemarichal.be\/index.php?rest_route=%2Fwp%2Fv2%2Fcomments&post=2633"}],"version-history":[{"count":16,"href":"https:\/\/claudinemarichal.be\/index.php?rest_route=\/wp\/v2\/posts\/2633\/revisions"}],"predecessor-version":[{"id":3415,"href":"https:\/\/claudinemarichal.be\/index.php?rest_route=\/wp\/v2\/posts\/2633\/revisions\/3415"}],"wp:featuredmedia":[{"embeddable":true,"href":"https:\/\/claudinemarichal.be\/index.php?rest_route=\/wp\/v2\/media\/2642"}],"wp:attachment":[{"href":"https:\/\/claudinemarichal.be\/index.php?rest_route=%2Fwp%2Fv2%2Fmedia&parent=2633"}],"wp:term":[{"taxonomy":"category","embeddable":true,"href":"https:\/\/claudinemarichal.be\/index.php?rest_route=%2Fwp%2Fv2%2Fcategories&post=2633"},{"taxonomy":"post_tag","embeddable":true,"href":"https:\/\/claudinemarichal.be\/index.php?rest_route=%2Fwp%2Fv2%2Ftags&post=2633"}],"curies":[{"name":"wp","href":"https:\/\/api.w.org\/{rel}","templated":true}]}}