{"id":2481,"date":"2021-04-01T23:55:56","date_gmt":"2021-04-01T21:55:56","guid":{"rendered":"https:\/\/claudinemarichal.be\/?p=2481"},"modified":"2021-05-11T23:34:07","modified_gmt":"2021-05-11T21:34:07","slug":"photophore-a-piquer-en-fer","status":"publish","type":"post","link":"https:\/\/claudinemarichal.be\/?p=2481","title":{"rendered":"Torche-photophore \u00e0 piquer"},"content":{"rendered":"<p>Ce mod\u00e8le de porte-photophore vu sur Pinterest m&rsquo;a tap\u00e9 dans l&rsquo;oeil. Il me fallait le reproduire !<br \/>\nJ&rsquo;ai utilis\u00e9 du fil de fer recuit (2 mm).<br \/>\nJ&rsquo;ai coup\u00e9 13 tiges de 40 cm, que j&rsquo;ai enroul\u00e9es avec une pince. La suite en photos :<\/p>\n<p><img loading=\"lazy\" decoding=\"async\" class=\"alignnone wp-image-2482 size-full\" src=\"https:\/\/claudinemarichal.be\/wp-content\/uploads\/2021\/04\/Fil-de-fer-01.jpg\" alt=\"\" width=\"1000\" height=\"665\" srcset=\"https:\/\/claudinemarichal.be\/wp-content\/uploads\/2021\/04\/Fil-de-fer-01.jpg 1000w, https:\/\/claudinemarichal.be\/wp-content\/uploads\/2021\/04\/Fil-de-fer-01-300x200.jpg 300w, https:\/\/claudinemarichal.be\/wp-content\/uploads\/2021\/04\/Fil-de-fer-01-768x511.jpg 768w\" sizes=\"auto, (max-width: 1000px) 100vw, 1000px\" \/><\/p>\n<p><img loading=\"lazy\" decoding=\"async\" class=\"alignnone wp-image-2483 size-full\" src=\"https:\/\/claudinemarichal.be\/wp-content\/uploads\/2021\/04\/Fil-de-fer-02.jpg\" alt=\"\" width=\"1000\" height=\"665\" srcset=\"https:\/\/claudinemarichal.be\/wp-content\/uploads\/2021\/04\/Fil-de-fer-02.jpg 1000w, https:\/\/claudinemarichal.be\/wp-content\/uploads\/2021\/04\/Fil-de-fer-02-300x200.jpg 300w, https:\/\/claudinemarichal.be\/wp-content\/uploads\/2021\/04\/Fil-de-fer-02-768x511.jpg 768w\" sizes=\"auto, (max-width: 1000px) 100vw, 1000px\" \/><\/p>\n<p><img loading=\"lazy\" decoding=\"async\" class=\"alignnone wp-image-2484 size-full\" src=\"https:\/\/claudinemarichal.be\/wp-content\/uploads\/2021\/04\/Fil-de-fer-03.jpg\" alt=\"\" width=\"1000\" height=\"665\" srcset=\"https:\/\/claudinemarichal.be\/wp-content\/uploads\/2021\/04\/Fil-de-fer-03.jpg 1000w, https:\/\/claudinemarichal.be\/wp-content\/uploads\/2021\/04\/Fil-de-fer-03-300x200.jpg 300w, https:\/\/claudinemarichal.be\/wp-content\/uploads\/2021\/04\/Fil-de-fer-03-768x511.jpg 768w\" sizes=\"auto, (max-width: 1000px) 100vw, 1000px\" \/><\/p>\n<p><img loading=\"lazy\" decoding=\"async\" class=\"alignnone wp-image-2485 size-full\" src=\"https:\/\/claudinemarichal.be\/wp-content\/uploads\/2021\/04\/Fil-de-fer-04.jpg\" alt=\"\" width=\"1000\" height=\"665\" srcset=\"https:\/\/claudinemarichal.be\/wp-content\/uploads\/2021\/04\/Fil-de-fer-04.jpg 1000w, https:\/\/claudinemarichal.be\/wp-content\/uploads\/2021\/04\/Fil-de-fer-04-300x200.jpg 300w, https:\/\/claudinemarichal.be\/wp-content\/uploads\/2021\/04\/Fil-de-fer-04-768x511.jpg 768w\" sizes=\"auto, (max-width: 1000px) 100vw, 1000px\" \/><\/p>\n<p><img loading=\"lazy\" decoding=\"async\" class=\"alignnone wp-image-2486 size-full\" src=\"https:\/\/claudinemarichal.be\/wp-content\/uploads\/2021\/04\/Fil-de-fer-05.jpg\" alt=\"\" width=\"1000\" height=\"665\" srcset=\"https:\/\/claudinemarichal.be\/wp-content\/uploads\/2021\/04\/Fil-de-fer-05.jpg 1000w, https:\/\/claudinemarichal.be\/wp-content\/uploads\/2021\/04\/Fil-de-fer-05-300x200.jpg 300w, https:\/\/claudinemarichal.be\/wp-content\/uploads\/2021\/04\/Fil-de-fer-05-768x511.jpg 768w\" sizes=\"auto, (max-width: 1000px) 100vw, 1000px\" \/><\/p>\n<p><img loading=\"lazy\" decoding=\"async\" class=\"alignnone wp-image-2487 size-full\" src=\"https:\/\/claudinemarichal.be\/wp-content\/uploads\/2021\/04\/Fil-de-fer-06.jpg\" alt=\"\" width=\"665\" height=\"1000\" srcset=\"https:\/\/claudinemarichal.be\/wp-content\/uploads\/2021\/04\/Fil-de-fer-06.jpg 665w, https:\/\/claudinemarichal.be\/wp-content\/uploads\/2021\/04\/Fil-de-fer-06-200x300.jpg 200w\" sizes=\"auto, (max-width: 665px) 100vw, 665px\" \/><\/p>\n<p>Il ne reste plus qu&rsquo;\u00e0 placer un photophore dans ce support.<\/p>\n<p><img loading=\"lazy\" decoding=\"async\" class=\"alignnone wp-image-2488 size-full\" src=\"https:\/\/claudinemarichal.be\/wp-content\/uploads\/2021\/04\/Fil-de-fer-07.jpg\" alt=\"\" width=\"665\" height=\"1000\" \/><\/p>\n<p>Une bo\u00eete de conserve fera l&rsquo;affaire.<\/p>\n<p><img loading=\"lazy\" decoding=\"async\" class=\"alignnone wp-image-2492 size-full\" src=\"https:\/\/claudinemarichal.be\/wp-content\/uploads\/2021\/04\/Fil-de-fer-08.jpg\" alt=\"\" width=\"1000\" height=\"665\" srcset=\"https:\/\/claudinemarichal.be\/wp-content\/uploads\/2021\/04\/Fil-de-fer-08.jpg 1000w, https:\/\/claudinemarichal.be\/wp-content\/uploads\/2021\/04\/Fil-de-fer-08-300x200.jpg 300w, https:\/\/claudinemarichal.be\/wp-content\/uploads\/2021\/04\/Fil-de-fer-08-768x511.jpg 768w\" sizes=\"auto, (max-width: 1000px) 100vw, 1000px\" \/><\/p>\n<p>J&rsquo;ai fait les trous avec une vis car avec un clou les doigts glissent.<\/p>\n<p><img loading=\"lazy\" decoding=\"async\" class=\"alignnone wp-image-2493 size-full\" src=\"https:\/\/claudinemarichal.be\/wp-content\/uploads\/2021\/04\/Fil-de-fer-09.jpg\" alt=\"\" width=\"1000\" height=\"665\" srcset=\"https:\/\/claudinemarichal.be\/wp-content\/uploads\/2021\/04\/Fil-de-fer-09.jpg 1000w, https:\/\/claudinemarichal.be\/wp-content\/uploads\/2021\/04\/Fil-de-fer-09-300x200.jpg 300w, https:\/\/claudinemarichal.be\/wp-content\/uploads\/2021\/04\/Fil-de-fer-09-768x511.jpg 768w\" sizes=\"auto, (max-width: 1000px) 100vw, 1000px\" \/><\/p>\n<p>La bo\u00eete est un peu d\u00e9form\u00e9e mais c&rsquo;est \u00e7a qui fait tout son charme, non ? ;-). J&rsquo;ai d\u00e9couvert (trop tard) que le truc pour ne pas la d\u00e9former c&rsquo;est de la remplir d&rsquo;eau et de la mettre au cong\u00e9lateur pour que l&rsquo;eau se solidifie.\u00a0 J&rsquo;essayerai \u00e7a la prochaine fois.<\/p>\n<p><img loading=\"lazy\" decoding=\"async\" class=\"alignnone wp-image-2494 size-full\" src=\"https:\/\/claudinemarichal.be\/wp-content\/uploads\/2021\/04\/Fil-de-fer-10.jpg\" alt=\"\" width=\"1000\" height=\"665\" srcset=\"https:\/\/claudinemarichal.be\/wp-content\/uploads\/2021\/04\/Fil-de-fer-10.jpg 1000w, https:\/\/claudinemarichal.be\/wp-content\/uploads\/2021\/04\/Fil-de-fer-10-300x200.jpg 300w, https:\/\/claudinemarichal.be\/wp-content\/uploads\/2021\/04\/Fil-de-fer-10-768x511.jpg 768w\" sizes=\"auto, (max-width: 1000px) 100vw, 1000px\" \/><\/p>\n<p>Le photophore et son support sont maintenant pr\u00eats \u00e0 rouiller !<\/p>\n<p><img loading=\"lazy\" decoding=\"async\" class=\"alignnone wp-image-2496 size-full\" src=\"https:\/\/claudinemarichal.be\/wp-content\/uploads\/2021\/04\/Fil-de-fer-12.jpg\" alt=\"\" width=\"665\" height=\"1000\" srcset=\"https:\/\/claudinemarichal.be\/wp-content\/uploads\/2021\/04\/Fil-de-fer-12.jpg 665w, https:\/\/claudinemarichal.be\/wp-content\/uploads\/2021\/04\/Fil-de-fer-12-200x300.jpg 200w\" sizes=\"auto, (max-width: 665px) 100vw, 665px\" \/><\/p>\n<p>2 jours plus tard &#8230;<\/p>\n<p>J&rsquo;ai enroul\u00e9 les boucles un peu plus.<\/p>\n<p><img loading=\"lazy\" decoding=\"async\" class=\"alignnone wp-image-2504 size-full\" src=\"https:\/\/claudinemarichal.be\/wp-content\/uploads\/2021\/04\/Fil-de-fer-15.jpg\" alt=\"\" width=\"665\" height=\"1000\" srcset=\"https:\/\/claudinemarichal.be\/wp-content\/uploads\/2021\/04\/Fil-de-fer-15.jpg 665w, https:\/\/claudinemarichal.be\/wp-content\/uploads\/2021\/04\/Fil-de-fer-15-200x300.jpg 200w\" sizes=\"auto, (max-width: 665px) 100vw, 665px\" \/><\/p>\n<p>Ca donne mieux en vrai qu&rsquo;en photos, surtout qu&rsquo;elles sont un peu floues (je n&rsquo;ai pas pos\u00e9 mon appareil photo sur un pied).<\/p>\n<p><img loading=\"lazy\" decoding=\"async\" class=\"alignnone wp-image-2501 size-full\" src=\"https:\/\/claudinemarichal.be\/wp-content\/uploads\/2021\/04\/Fil-de-fer-14.jpg\" alt=\"\" width=\"1000\" height=\"665\" srcset=\"https:\/\/claudinemarichal.be\/wp-content\/uploads\/2021\/04\/Fil-de-fer-14.jpg 1000w, https:\/\/claudinemarichal.be\/wp-content\/uploads\/2021\/04\/Fil-de-fer-14-300x200.jpg 300w, https:\/\/claudinemarichal.be\/wp-content\/uploads\/2021\/04\/Fil-de-fer-14-768x511.jpg 768w\" sizes=\"auto, (max-width: 1000px) 100vw, 1000px\" \/><\/p>\n<p>J&rsquo;ai fait une deuxi\u00e8me torche, tant qu&rsquo;\u00e0 faire ;-).<\/p>\n<p><img loading=\"lazy\" decoding=\"async\" class=\"alignnone wp-image-2500 size-full\" src=\"https:\/\/claudinemarichal.be\/wp-content\/uploads\/2021\/04\/Fil-de-fer-13.jpg\" alt=\"\" width=\"1000\" height=\"665\" srcset=\"https:\/\/claudinemarichal.be\/wp-content\/uploads\/2021\/04\/Fil-de-fer-13.jpg 1000w, https:\/\/claudinemarichal.be\/wp-content\/uploads\/2021\/04\/Fil-de-fer-13-300x200.jpg 300w, https:\/\/claudinemarichal.be\/wp-content\/uploads\/2021\/04\/Fil-de-fer-13-768x511.jpg 768w\" sizes=\"auto, (max-width: 1000px) 100vw, 1000px\" \/><\/p>\n","protected":false},"excerpt":{"rendered":"<p>Ce mod\u00e8le de porte-photophore vu sur Pinterest m&rsquo;a tap\u00e9 dans l&rsquo;oeil. Il me fallait le reproduire ! J&rsquo;ai utilis\u00e9 du fil de fer recuit (2 mm). J&rsquo;ai coup\u00e9 13 tiges de 40 cm, que j&rsquo;ai enroul\u00e9es avec une pince. La suite en photos : Il ne reste plus qu&rsquo;\u00e0 placer un photophore dans ce support. Une bo\u00eete de conserve fera l&rsquo;affaire. J&rsquo;ai fait les trous avec une vis car avec un clou les doigts glissent. La bo\u00eete est un peu d\u00e9form\u00e9e mais c&rsquo;est \u00e7a qui fait tout son charme, non ? ;-). J&rsquo;ai d\u00e9couvert (trop tard) que le truc pour ne pas la d\u00e9former c&rsquo;est de la remplir d&rsquo;eau et de la mettre au cong\u00e9lateur pour que l&rsquo;eau se solidifie.\u00a0 J&rsquo;essayerai \u00e7a la prochaine fois. Le photophore et son support sont maintenant pr\u00eats \u00e0 rouiller ! 2 jours plus tard &#8230; J&rsquo;ai enroul\u00e9 les boucles un peu plus. Ca donne mieux en vrai qu&rsquo;en photos, surtout qu&rsquo;elles sont un peu floues (je n&rsquo;ai pas pos\u00e9 mon appareil photo sur un pied). J&rsquo;ai fait une deuxi\u00e8me torche, tant qu&rsquo;\u00e0 faire ;-).<\/p>\n","protected":false},"author":1,"featured_media":2505,"comment_status":"open","ping_status":"open","sticky":false,"template":"","format":"standard","meta":{"ngg_post_thumbnail":0,"footnotes":""},"categories":[70],"tags":[25,61,58,64,66,69,27,73,93],"class_list":["post-2481","post","type-post","status-publish","format-standard","has-post-thumbnail","hentry","category-realisations-metal","tag-boite-de-conserve","tag-comment-fabriquer","tag-diy","tag-fil-de-fer","tag-luminaire","tag-metal","tag-photophore","tag-tin-can","tag-torche"],"acf":[],"_links":{"self":[{"href":"https:\/\/claudinemarichal.be\/index.php?rest_route=\/wp\/v2\/posts\/2481","targetHints":{"allow":["GET"]}}],"collection":[{"href":"https:\/\/claudinemarichal.be\/index.php?rest_route=\/wp\/v2\/posts"}],"about":[{"href":"https:\/\/claudinemarichal.be\/index.php?rest_route=\/wp\/v2\/types\/post"}],"author":[{"embeddable":true,"href":"https:\/\/claudinemarichal.be\/index.php?rest_route=\/wp\/v2\/users\/1"}],"replies":[{"embeddable":true,"href":"https:\/\/claudinemarichal.be\/index.php?rest_route=%2Fwp%2Fv2%2Fcomments&post=2481"}],"version-history":[{"count":14,"href":"https:\/\/claudinemarichal.be\/index.php?rest_route=\/wp\/v2\/posts\/2481\/revisions"}],"predecessor-version":[{"id":2545,"href":"https:\/\/claudinemarichal.be\/index.php?rest_route=\/wp\/v2\/posts\/2481\/revisions\/2545"}],"wp:featuredmedia":[{"embeddable":true,"href":"https:\/\/claudinemarichal.be\/index.php?rest_route=\/wp\/v2\/media\/2505"}],"wp:attachment":[{"href":"https:\/\/claudinemarichal.be\/index.php?rest_route=%2Fwp%2Fv2%2Fmedia&parent=2481"}],"wp:term":[{"taxonomy":"category","embeddable":true,"href":"https:\/\/claudinemarichal.be\/index.php?rest_route=%2Fwp%2Fv2%2Fcategories&post=2481"},{"taxonomy":"post_tag","embeddable":true,"href":"https:\/\/claudinemarichal.be\/index.php?rest_route=%2Fwp%2Fv2%2Ftags&post=2481"}],"curies":[{"name":"wp","href":"https:\/\/api.w.org\/{rel}","templated":true}]}}