{"id":1899,"date":"2020-04-10T21:45:32","date_gmt":"2020-04-10T19:45:32","guid":{"rendered":"https:\/\/claudinemarichal.be\/?p=1899"},"modified":"2023-01-23T22:14:37","modified_gmt":"2023-01-23T21:14:37","slug":"pantalon-large-et-fluide","status":"publish","type":"post","link":"https:\/\/claudinemarichal.be\/?p=1899","title":{"rendered":"Pantalon large et fluide"},"content":{"rendered":"<p>Voici un pantalon 7\/8 ultra-confortable, avec ses plis devant, son \u00e9lastique derri\u00e8re et ses deux poches. Le tour de jambe \u00e0 l&rsquo;ourlet fait 65 cm.<\/p>\n<p><img loading=\"lazy\" decoding=\"async\" class=\"alignnone wp-image-2103 size-full\" src=\"https:\/\/claudinemarichal.be\/wp-content\/uploads\/2020\/03\/pantalon02.jpg\" alt=\"\" width=\"664\" height=\"1000\" srcset=\"https:\/\/claudinemarichal.be\/wp-content\/uploads\/2020\/03\/pantalon02.jpg 664w, https:\/\/claudinemarichal.be\/wp-content\/uploads\/2020\/03\/pantalon02-199x300.jpg 199w\" sizes=\"auto, (max-width: 664px) 100vw, 664px\" \/><\/p>\n<p><img loading=\"lazy\" decoding=\"async\" class=\"alignnone wp-image-795 size-full\" src=\"https:\/\/claudinemarichal.be\/wp-content\/uploads\/2019\/09\/pantalon01.jpg\" alt=\"\" width=\"665\" height=\"1000\" \/><\/p>\n<p><img loading=\"lazy\" decoding=\"async\" class=\"alignnone wp-image-1903 size-full\" src=\"https:\/\/claudinemarichal.be\/wp-content\/uploads\/2020\/03\/pantalon01d\u00e9tail.jpg\" alt=\"\" width=\"1000\" height=\"652\" srcset=\"https:\/\/claudinemarichal.be\/wp-content\/uploads\/2020\/03\/pantalon01d\u00e9tail.jpg 1000w, https:\/\/claudinemarichal.be\/wp-content\/uploads\/2020\/03\/pantalon01d\u00e9tail-300x196.jpg 300w, https:\/\/claudinemarichal.be\/wp-content\/uploads\/2020\/03\/pantalon01d\u00e9tail-768x501.jpg 768w\" sizes=\"auto, (max-width: 1000px) 100vw, 1000px\" \/><\/p>\n<p>A partir du mod\u00e8le 115 du Burda de f\u00e9vrier 2012 je me suis cousu trois pantalons parce qu&rsquo;il est tr\u00e8s agr\u00e9able \u00e0 porter.<\/p>\n<p>Je n&rsquo;ai pas scann\u00e9 la photo du Burda car on n&rsquo;y voit pas bien le pantalon qui est cach\u00e9 par un kimono.<\/p>\n","protected":false},"excerpt":{"rendered":"<p>Voici un pantalon 7\/8 ultra-confortable, avec ses plis devant, son \u00e9lastique derri\u00e8re et ses deux poches. Le tour de jambe \u00e0 l&rsquo;ourlet fait 65 cm. A partir du mod\u00e8le 115 du Burda de f\u00e9vrier 2012 je me suis cousu trois pantalons parce qu&rsquo;il est tr\u00e8s agr\u00e9able \u00e0 porter. Je n&rsquo;ai pas scann\u00e9 la photo du Burda car on n&rsquo;y voit pas bien le pantalon qui est cach\u00e9 par un kimono.<\/p>\n","protected":false},"author":1,"featured_media":795,"comment_status":"open","ping_status":"open","sticky":false,"template":"","format":"standard","meta":{"ngg_post_thumbnail":0,"footnotes":""},"categories":[54],"tags":[],"class_list":["post-1899","post","type-post","status-publish","format-standard","has-post-thumbnail","hentry","category-realisations-couture"],"acf":[],"_links":{"self":[{"href":"https:\/\/claudinemarichal.be\/index.php?rest_route=\/wp\/v2\/posts\/1899","targetHints":{"allow":["GET"]}}],"collection":[{"href":"https:\/\/claudinemarichal.be\/index.php?rest_route=\/wp\/v2\/posts"}],"about":[{"href":"https:\/\/claudinemarichal.be\/index.php?rest_route=\/wp\/v2\/types\/post"}],"author":[{"embeddable":true,"href":"https:\/\/claudinemarichal.be\/index.php?rest_route=\/wp\/v2\/users\/1"}],"replies":[{"embeddable":true,"href":"https:\/\/claudinemarichal.be\/index.php?rest_route=%2Fwp%2Fv2%2Fcomments&post=1899"}],"version-history":[{"count":8,"href":"https:\/\/claudinemarichal.be\/index.php?rest_route=\/wp\/v2\/posts\/1899\/revisions"}],"predecessor-version":[{"id":3534,"href":"https:\/\/claudinemarichal.be\/index.php?rest_route=\/wp\/v2\/posts\/1899\/revisions\/3534"}],"wp:featuredmedia":[{"embeddable":true,"href":"https:\/\/claudinemarichal.be\/index.php?rest_route=\/wp\/v2\/media\/795"}],"wp:attachment":[{"href":"https:\/\/claudinemarichal.be\/index.php?rest_route=%2Fwp%2Fv2%2Fmedia&parent=1899"}],"wp:term":[{"taxonomy":"category","embeddable":true,"href":"https:\/\/claudinemarichal.be\/index.php?rest_route=%2Fwp%2Fv2%2Fcategories&post=1899"},{"taxonomy":"post_tag","embeddable":true,"href":"https:\/\/claudinemarichal.be\/index.php?rest_route=%2Fwp%2Fv2%2Ftags&post=1899"}],"curies":[{"name":"wp","href":"https:\/\/api.w.org\/{rel}","templated":true}]}}