{"id":1889,"date":"2020-03-26T21:47:29","date_gmt":"2020-03-26T20:47:29","guid":{"rendered":"https:\/\/claudinemarichal.be\/?p=1889"},"modified":"2020-03-27T21:16:31","modified_gmt":"2020-03-27T20:16:31","slug":"manteau-seventies","status":"publish","type":"post","link":"https:\/\/claudinemarichal.be\/?p=1889","title":{"rendered":"Manteau seventies"},"content":{"rendered":"<p>Voici un manteau de style seventies pour \u00eatre \u00e9l\u00e9gante en hiver. Je lui ai mis une fausse fourrure mauve pour agr\u00e9menter le col et les poches. Elle est amovible pour pouvoir le porter \u00e0 la mi-saison.<\/p>\n<p><img loading=\"lazy\" decoding=\"async\" class=\"alignnone wp-image-1851 size-full\" src=\"https:\/\/claudinemarichal.be\/wp-content\/uploads\/2020\/03\/manteau-col-fausse-fourrure.jpg\" alt=\"\" width=\"665\" height=\"1000\" srcset=\"https:\/\/claudinemarichal.be\/wp-content\/uploads\/2020\/03\/manteau-col-fausse-fourrure.jpg 665w, https:\/\/claudinemarichal.be\/wp-content\/uploads\/2020\/03\/manteau-col-fausse-fourrure-200x300.jpg 200w\" sizes=\"auto, (max-width: 665px) 100vw, 665px\" \/><\/p>\n<p>Burda de novembre 2005.<\/p>\n<p><img loading=\"lazy\" decoding=\"async\" class=\"alignnone wp-image-1890 size-full\" src=\"https:\/\/claudinemarichal.be\/wp-content\/uploads\/2020\/03\/Manteau-Burda-nov-2005.jpg\" alt=\"\" width=\"743\" height=\"1000\" srcset=\"https:\/\/claudinemarichal.be\/wp-content\/uploads\/2020\/03\/Manteau-Burda-nov-2005.jpg 743w, https:\/\/claudinemarichal.be\/wp-content\/uploads\/2020\/03\/Manteau-Burda-nov-2005-223x300.jpg 223w\" sizes=\"auto, (max-width: 743px) 100vw, 743px\" \/><\/p>\n","protected":false},"excerpt":{"rendered":"<p>Voici un manteau de style seventies pour \u00eatre \u00e9l\u00e9gante en hiver. Je lui ai mis une fausse fourrure mauve pour agr\u00e9menter le col et les poches. Elle est amovible pour pouvoir le porter \u00e0 la mi-saison. Burda de novembre 2005.<\/p>\n","protected":false},"author":1,"featured_media":0,"comment_status":"open","ping_status":"open","sticky":false,"template":"","format":"standard","meta":{"ngg_post_thumbnail":0,"footnotes":""},"categories":[54],"tags":[],"class_list":["post-1889","post","type-post","status-publish","format-standard","hentry","category-realisations-couture"],"acf":[],"_links":{"self":[{"href":"https:\/\/claudinemarichal.be\/index.php?rest_route=\/wp\/v2\/posts\/1889","targetHints":{"allow":["GET"]}}],"collection":[{"href":"https:\/\/claudinemarichal.be\/index.php?rest_route=\/wp\/v2\/posts"}],"about":[{"href":"https:\/\/claudinemarichal.be\/index.php?rest_route=\/wp\/v2\/types\/post"}],"author":[{"embeddable":true,"href":"https:\/\/claudinemarichal.be\/index.php?rest_route=\/wp\/v2\/users\/1"}],"replies":[{"embeddable":true,"href":"https:\/\/claudinemarichal.be\/index.php?rest_route=%2Fwp%2Fv2%2Fcomments&post=1889"}],"version-history":[{"count":2,"href":"https:\/\/claudinemarichal.be\/index.php?rest_route=\/wp\/v2\/posts\/1889\/revisions"}],"predecessor-version":[{"id":1897,"href":"https:\/\/claudinemarichal.be\/index.php?rest_route=\/wp\/v2\/posts\/1889\/revisions\/1897"}],"wp:attachment":[{"href":"https:\/\/claudinemarichal.be\/index.php?rest_route=%2Fwp%2Fv2%2Fmedia&parent=1889"}],"wp:term":[{"taxonomy":"category","embeddable":true,"href":"https:\/\/claudinemarichal.be\/index.php?rest_route=%2Fwp%2Fv2%2Fcategories&post=1889"},{"taxonomy":"post_tag","embeddable":true,"href":"https:\/\/claudinemarichal.be\/index.php?rest_route=%2Fwp%2Fv2%2Ftags&post=1889"}],"curies":[{"name":"wp","href":"https:\/\/api.w.org\/{rel}","templated":true}]}}